{"id":142451,"date":"2025-12-10T07:56:13","date_gmt":"2025-12-10T07:56:13","guid":{"rendered":"https:\/\/www.europesays.com\/pl\/142451\/"},"modified":"2025-12-10T07:56:13","modified_gmt":"2025-12-10T07:56:13","slug":"karol-nawrocki-moze-wysadzic-w-powietrze-plan-koalicji-chodzi-o-trybunal-konstytucyjny-2","status":"publish","type":"post","link":"https:\/\/www.europesays.com\/pl\/142451\/","title":{"rendered":"Karol Nawrocki mo\u017ce wysadzi\u0107 w powietrze plan koalicji. Chodzi o Trybuna\u0142 Konstytucyjny"},"content":{"rendered":"<p>\u2014 Jeste\u015bmy dogadani. Liderzy na ostatnim spotkaniu koalicyjnym dopi\u0119li szczeg\u00f3\u0142y, teraz trzeba b\u0119dzie je wdro\u017cy\u0107. Nasz szczeg\u00f3\u0142owy plan og\u0142osimy najpewniej w styczniu \u2014 s\u0142yszymy od bliskiego wsp\u00f3\u0142pracownika jednego z lider\u00f3w koalicji.<\/p>\n<p class=\"ods-c-paragraph \">Stycze\u0144 jest istotny, bo wtedy ma si\u0119 <a href=\"https:\/\/wiadomosci.onet.pl\/kraj\/beda-zmiany-w-trybunale-konstytucyjnym-decyzje-w-najblizszych-tygodniach\/95bkge2\" id=\"233684cb-a06a-4adf-8701-864e734bee9b\" rel=\"nofollow noopener\" target=\"_blank\">odby\u0107 g\u0142osowanie nad dwoma kandydaturami na s\u0119dzi\u00f3w TK zg\u0142oszonymi przez PiS.<\/a> Sejmowa Komisja Sprawiedliwo\u015bci i Praw Cz\u0142owieka tydzie\u0144 temu negatywnie zaopiniowa\u0142a kandydatury pos\u0142a tego ugrupowania Marka Asta oraz prof. Artura Kotowskiego. Procedura wyboru s\u0119dzi\u00f3w TK toczy si\u0119 ponownie, po tym, gdy \u2014 w lutym, maju i wrze\u015bniu \u2014 Sejm <a href=\"https:\/\/www.onet.pl\/informacje\/onetwiadomosci\/wybor-sedziow-trybunalu-konstytucyjnego-sejm-zdecydowal\/jw9mgjf,79cfc278\" id=\"707dd443-34f7-4952-a660-a931ed346678\" rel=\"nofollow noopener\" target=\"_blank\">odrzuci\u0142 obydwie kandydatury<\/a>. Opr\u00f3cz PiS pozosta\u0142e kluby nie zg\u0142aszaj\u0105 nikogo do TK.<\/p>\n<p class=\"ods-c-paragraph \">To ma si\u0119 zmieni\u0107 ju\u017c na pocz\u0105tku roku. Decyzja w tej sprawie zapad\u0142a na ostatnim spotkaniu szef\u00f3w partii tworz\u0105cych koalicj\u0119 rz\u0105dz\u0105c\u0105.<\/p>\n<p class=\"ods-c-paragraph \">Kluczow\u0105 dat\u0105 jest 18 grudnia. W\u00f3wczas Trybuna\u0142 Sprawiedliwo\u015bci Unii Europejskiej ma wyda\u0107 wyrok <a href=\"https:\/\/wiadomosci.onet.pl\/kraj\/bruksela-skarzy-trybunal-konstytucyjny-do-tsue-ostre-reakcje-w-polsce\/5547wvp\" id=\"da493681-a734-4f1c-9d82-68a2965dd244\" rel=\"nofollow noopener\" target=\"_blank\">po skardze Komisji Europejskiej, kt\u00f3ra poruszy\u0142a w niej m.in. kwesti\u0119 tzw. dubler\u00f3w w TK<\/a>. Wszystko wskazuje na to, \u017ce po tym wyroku Sejm przyjmie specjaln\u0105 uchwa\u0142\u0119, kt\u00f3ra otworzy ca\u0142y proces.<\/p>\n<p class=\"ods-c-paragraph \">W ostatni pi\u0105tek Krystyna Paw\u0142owicz <a href=\"https:\/\/wiadomosci.onet.pl\/kraj\/krystyna-pawlowicz-przechodzi-na-emeryture-tak-ja-pozegnano-w-tk\/wtyv4he\" id=\"8bf2b4d5-104c-44e7-82d8-422337e3f55b\" rel=\"nofollow noopener\" target=\"_blank\">jako s\u0119dzia Trybuna\u0142u Konstytucyjnego przesz\u0142a w stan spoczynku. Oznacza to, \u017ce teraz TK<\/a> b\u0119dzie liczy\u0107 10 s\u0119dzi\u00f3w na 15 przewidzianych stanowisk s\u0119dziowskich. 20 grudnia z TK odejdzie Micha\u0142 Warci\u0144ski, co b\u0119dzie oznacza\u0107, i\u017c pod koniec roku urz\u0119duj\u0105cych s\u0119dzi\u00f3w b\u0119dzie dziewi\u0119ciu przy sze\u015bciu wakatach. W przysz\u0142ym roku z Trybuna\u0142u odejd\u0105 dwie kolejne osoby: Andrzej Zielonacki i Justyn Piskorski.<\/p>\n<p>Dalszy ci\u0105g artyku\u0142u pod materia\u0142em wideo<\/p>\n<p class=\"ods-c-paragraph \">Od prawie dw\u00f3ch lat rz\u0105d ignoruje wszystkie decyzje TK. Nie publikuje jego orzecze\u0144, uznaj\u0105c je za nieby\u0142e. <a href=\"https:\/\/www.onet.pl\/informacje\/onetwiadomosci\/spor-o-tk-holownia-nie-ma-zludzen-znajdujemy-sie-w-glebokim-kryzysie\/ddlk7x5,79cfc278\" id=\"b7c3fc0c-369b-4cdd-a511-29209f4968d2\" rel=\"nofollow noopener\" target=\"_blank\">Przy okazji prac nad bud\u017cetem na 2025 rok ob\u00f3z w\u0142adzy postanowi\u0142 si\u0119gn\u0105\u0107 po ci\u0119\u017ck\u0105 artyleri\u0119.<\/a> Parlament obci\u0105\u0142 projektowany bud\u017cet TK o 10 mln z\u0142. Nie przewidzia\u0142 te\u017c ani z\u0142ot\u00f3wki na wynagrodzenie dla s\u0119dzi\u00f3w. Pieni\u0105dze dostaj\u0105 jedynie pracownicy i s\u0119dziowie w stanie spoczynku.<\/p>\n<p class=\"ods-c-paragraph \">Na pocz\u0105tku pa\u017adziernika 2024 r. <a href=\"https:\/\/wiadomosci.onet.pl\/kraj\/ruch-andrzeja-dudy-w-sprawie-ustaw-dotyczacych-trybunalu-konstytucyjnego\/92jgqbd\" id=\"1a1365e6-50fc-4a32-9aee-30360014a29b\" rel=\"nofollow noopener\" target=\"_blank\">prezydent Andrzej Duda skierowa\u0142 do Trybuna\u0142u Konstytucyjnego w trybie kontroli<\/a> prewencyjnej dwie ustawy dotycz\u0105ce TK, kt\u00f3re mia\u0142y zreformowa\u0107 s\u0105d konstytucyjny. Rz\u0105dz\u0105cy liczyli na to, \u017ce skarg\u0119 wycofa w sierpniu nowy prezydent, kt\u00f3rym z za\u0142o\u017cenia mia\u0142 by\u0107 Rafa\u0142 Trzaskowski. Ten jednak przegra\u0142 wybory z Karolem Nawrockim i jest jasne, \u017ce \u017cadnych zmian ustawowych nie b\u0119dzie. B\u0119d\u0105 wi\u0119c nowi s\u0119dziowie.<\/p>\n<p class=\"ods-c-paragraph \">Gdyby obecny Sejm obsadza\u0142 wakuj\u0105ce miejsca, kilka miesi\u0119cy przed najbli\u017cszymi wyborami parlamentarnymi s\u0119dziowie wybrani przez pos\u0142\u00f3w obecnej kadencji Sejmu uzyskaliby wi\u0119kszo\u015b\u0107.<\/p>\n<p>Bez polityk\u00f3w w TK<\/p>\n<p class=\"ods-c-paragraph \">\u2014 Trybuna\u0142 Konstytucyjny trzeba odbudowa\u0107 od podstaw. Odbudowa\u0107 ca\u0142\u0105 instytucj\u0119, kt\u00f3rej autorytet upad\u0142 i dzi\u015b po prostu nie istnieje \u2014 <a href=\"https:\/\/wiadomosci.onet.pl\/tylko-w-onecie\/waldemar-zurek-reaguje-na-slowa-zbigniewa-ziobry-zenujaca-komedia\/ej9c8cj\" id=\"d2fd7599-f188-4cd3-b868-70e6e814aeff\" rel=\"nofollow noopener\" target=\"_blank\">m\u00f3wi\u0142 w poniedzia\u0142ek Onetowi minister sprawiedliwo\u015bci Waldemar \u017burek<\/a>.<\/p>\n<p class=\"ods-c-paragraph \">Szef resortu by\u0142 r\u00f3wnie\u017c <a href=\"https:\/\/wiadomosci.onet.pl\/tylko-w-onecie\/rzad-rusza-z-odbudowa-tk-waldemar-zurek-tam-trzeba-fighterow-prawnikow-a-nie\/rl651jx\" id=\"98274384-af69-4194-b86a-4367d816d42e\" rel=\"nofollow noopener\" target=\"_blank\">pytany przez Magdalen\u0119 Ga\u0142czy\u0144sk\u0105<\/a> o kandydatury do TK. W mediach ostatnio pojawia\u0142y si\u0119 nazwiska m.in. Adama Bodnara i Roberta Kropiwnickiego.<\/p>\n<p class=\"ods-c-paragraph \">\u2014 Tam musz\u0105 trafi\u0107 rzetelni, doskonali prawnicy z autorytetem, a nie politycy w togach, kt\u00f3rzy chodz\u0105 na pasku jakiejkolwiek partii politycznej. Z drugiej jednak strony, musz\u0105 tam pojawi\u0107 si\u0119 ludzie, kt\u00f3rzy b\u0119d\u0105 fighterami, kt\u00f3rzy b\u0119d\u0105 o ten trybuna\u0142 walczy\u0107, walczy\u0107 o jego niezale\u017cno\u015b\u0107 \u2014 wskaza\u0142.<\/p>\n<p class=\"ods-c-paragraph \">Minister nie m\u00f3wi\u0142 wi\u0119c wprost o kandydatach. Mimo \u017ce na gie\u0142dzie pojawiaj\u0105 si\u0119 nazwiska ludzi w\u0142adzy, bardziej prawdopodobne jest, \u017ce po do\u015bwiadczeniach z czysto politycznymi powo\u0142aniami do TK, w jakich celowa\u0142 PiS, Koalicja Obywatelska postawi raczej na prawnik\u00f3w, ekspert\u00f3w.<\/p>\n<p class=\"ods-c-paragraph \">Sam Adam Bodnar powiedzia\u0142 w<a href=\"https:\/\/wiadomosci.onet.pl\/kraj\/adam-bodnar-sedzia-trybunalu-konstytucyjnego-byly-minister-komentuje\/9f5rt3z\" id=\"ed70f886-c9ee-4463-ae1b-66c9c9382b4a\" rel=\"nofollow noopener\" target=\"_blank\"> TVN24, \u017ce nie jest zainteresowany kandydowaniem do Trybuna\u0142u Konstytucyjnego. By\u0142y<\/a> minister sprawiedliwo\u015bci stwierdzi\u0142, \u017ce jest zwolennikiem rozwi\u0105zania, by ludzie sprawuj\u0105cy mandat parlamentarny b\u0105d\u017a funkcje rz\u0105dowe musieli odczeka\u0107 kilka lat, zanim stan\u0105 si\u0119 cz\u0142onkiem TK.<\/p>\n<p class=\"ods-c-paragraph \">Nasi rozm\u00f3wcy z KO zaprzeczaj\u0105 te\u017c, by o stanowisko w tym organie mia\u0142 si\u0119 ubiega\u0107 by\u0142y wiceminister aktyw\u00f3w<a href=\"https:\/\/wiadomosci.onet.pl\/tylko-w-onecie\/polityk-ko-z-ministerstwa-trafi-do-trybunalu-konstytucyjnego-niczego-nie-wykluczam\/trs4qr4\" id=\"246a1a24-04ad-4dda-9fb1-25466d540987\" rel=\"nofollow noopener\" target=\"_blank\"> pa\u0144stwowych Robert Kropiwnicki, cho\u0107 jego nazwisko pojawia si\u0119 na gie\u0142dzie regularnie<\/a> i to od wielu miesi\u0119cy.<\/p>\n<p class=\"ods-c-paragraph \">\u2014 &#8222;Kropa&#8221; oczywi\u015bcie chcia\u0142by kiedy\u015b zasi\u0105\u015b\u0107 w TK, ale na pewno nie teraz. On ma kwalifikacje, bo zrobi\u0142 habilitacj\u0119 z prawa konstytucyjnego, wi\u0119c pod wzgl\u0119dem formalnym \u017cadnych przeszk\u00f3d nie ma. Natomiast to by \u017ale wygl\u0105da\u0142o, gdyby on teraz, prosto z \u0142aw poselskich przesiad\u0142 si\u0119 do Trybuna\u0142u \u2014 m\u00f3wi nam pose\u0142 KO.<\/p>\n<p>   <img decoding=\"async\" src=\"https:\/\/www.europesays.com\/pl\/wp-content\/uploads\/2025\/12\/qC2k9lBaHR0cHM6Ly9vY2RuLmV1L3B1bHNjbXMvTURBXy84OWEyYmQ0NjVhZGZkM2ZmZjU0MDk3ZDc0YWFkYWQxZi5qcGeSlQMAA.jpeg\" height=\"627\" width=\"940\" alt=\"Robert Kropiwnicki\" loading=\"lazy\" class=\"ods-c-image__img ods-c-image__img--viewport-width\"\/><\/p>\n<p>Robert KropiwnickiMarek Zakrzewski \/ PAP<\/p>\n<p class=\"ods-c-paragraph \">Wa\u017cny polityk PSL: \u2014 My musimy tam wskaza\u0107 osoby, kt\u00f3re nawet nie dotkn\u0119\u0142y polityki. Na tym ma polega\u0107 zmiana w stosunku do tego, co robi\u0142o Prawo i Sprawiedliwo\u015b\u0107.<\/p>\n<p class=\"ods-c-paragraph \">Ca\u0142y scenariusz mo\u017ce si\u0119 jednak rozsypa\u0107, je\u015bli Karol Nawrocki nie przyjmie \u015blubowania od nowo wybranych s\u0119dzi\u00f3w. Precedens ju\u017c by\u0142.<\/p>\n<p class=\"ods-c-paragraph \">Andrzej Duda w 2015 r. <a href=\"https:\/\/wiadomosci.onet.pl\/kraj\/prezydent-andrzej-duda-odebral-slubowanie-od-sedziow-trybunalu-konstytucyjnego\/yjvxss\" id=\"c52fc4d7-6430-4e4e-8321-97e2aa906e52\" rel=\"nofollow noopener\" target=\"_blank\">odm\u00f3wi\u0142 przyj\u0119cia przysi\u0119gi od pi\u0119ciu os\u00f3b, kt\u00f3re wybra\u0142 Sejm<\/a> w ko\u0144c\u00f3wce rz\u0105d\u00f3w PO-PSL. Powo\u0142ywa\u0142 si\u0119 na wadliwo\u015b\u0107 ich wyboru. TK kierowany jeszcze przez Andrzeja Rzepli\u0144skiego uzna\u0142 p\u00f3\u017aniej, \u017ce z tej pi\u0105tki tr\u00f3jka by\u0142a wybrana prawid\u0142owo. Mimo to do dzi\u015b nie zostali oni zaprzysi\u0119\u017ceni. Furtka do tego typu dzia\u0142a\u0144 zosta\u0142a wi\u0119c otwarta.<\/p>\n<p><img decoding=\"async\" src=\"https:\/\/www.europesays.com\/pl\/wp-content\/uploads\/2025\/12\/268k9lBaHR0cHM6Ly9vY2RuLmV1L3B1bHNjbXMvTURBXy85ODkyNmMwNzY1ODQ1ZmRmZTYyMzJiMTFlODQ0Nzc3ZS5qcGeSlQMAA.jpeg\" height=\"606\" width=\"940\" alt=\" By\u0142y prezydent RP Andrzej Duda\" loading=\"lazy\" class=\"ods-c-image__img ods-c-image__img--viewport-width\"\/><\/p>\n<p>By\u0142y prezydent RP Andrzej DudaMicha\u0142 Zieli\u0144ski \/ PAP<\/p>\n<p class=\"ods-c-paragraph \">A bior\u0105c pod uwag\u0119, \u017ce <a href=\"https:\/\/wiadomosci.onet.pl\/kraj\/dlaczego-nawrocki-zawetowal-ustawe-o-kryptowalutach-to-byl-glowny-powod\/9jdnx9g\" id=\"4e2d0383-0242-4404-8d7d-aecce4b2b391\" rel=\"nofollow noopener\" target=\"_blank\">prezydent poszed\u0142 na totaln\u0105 konfrontacj\u0119 z obozem<\/a> w\u0142adzy, ka\u017cdy wariant jest mo\u017cliwy.<\/p>\n<p class=\"ods-c-paragraph \">\u2014 Wtedy zastosujemy inny wariant \u2014 s\u0142yszymy od wa\u017cnego polityka koalicji. Nasz rozm\u00f3wca nie t\u0142umaczy jednak, o co dok\u0142adnie chodzi.<\/p>\n<p class=\"ods-c-paragraph \">Pewne jest jedno \u2014 rz\u0105dz\u0105cy realnie szykuj\u0105 si\u0119 do wybrania nowych s\u0119dzi\u00f3w TK. Dowodem jest efekt prac nad bud\u017cetem pa\u0144stwa na 2026 r. w Sejmie. Tym razem ustawa bud\u017cetowa przewiduje pieni\u0105dze na pensje dla wszystkich s\u0119dzi\u00f3w \u2014 nie tylko tych w stanie spoczynku. Wprawdzie \u2014 jak s\u0142yszymy \u2014 mo\u017ce doj\u015b\u0107 do jakiej\u015b korekty na etapie prac senackich, jednak to nie jest pewne.<\/p>\n<p class=\"ods-c-paragraph \">Wczoraj, jak wynika z naszych informacji, w tej sprawie po posiedzeniu rz\u0105du, mia\u0142o doj\u015b\u0107 do spotkania Waldemara \u017burka, ministra ds. realizacji programu rz\u0105du Macieja Berka i ministra finans\u00f3w Andrzeja Doma\u0144skiego.<\/p>\n","protected":false},"excerpt":{"rendered":"\u2014 Jeste\u015bmy dogadani. Liderzy na ostatnim spotkaniu koalicyjnym dopi\u0119li szczeg\u00f3\u0142y, teraz trzeba b\u0119dzie je wdro\u017cy\u0107. Nasz szczeg\u00f3\u0142owy plan&hellip;\n","protected":false},"author":2,"featured_media":142452,"comment_status":"","ping_status":"","sticky":false,"template":"","format":"standard","meta":{"footnotes":""},"categories":[5],"tags":[13645,2159,56,32,33,36,37,27,43,5610,34,35,1380,28,31,48,25,46,42,38,40,39,41,6937,47,29,30,4057,341,793,26],"class_list":{"0":"post-142451","1":"post","2":"type-post","3":"status-publish","4":"format-standard","5":"has-post-thumbnail","7":"category-naglowki","8":"tag-adam_bodnar","9":"tag-andrzej_duda","10":"tag-article_premium","11":"tag-breaking-news","12":"tag-breakingnews","13":"tag-featured-news","14":"tag-featurednews","15":"tag-headlines","16":"tag-karol_nawrocki","17":"tag-krystyna_pawlowicz","18":"tag-latest-news","19":"tag-latestnews","20":"tag-ministerstwo_sprawiedliwosci","21":"tag-naglowki","22":"tag-najwazniejsze-artykuly","23":"tag-nat_styl","24":"tag-news","25":"tag-omp","26":"tag-pl","27":"tag-poland","28":"tag-polish","29":"tag-polska","30":"tag-polski","31":"tag-robert_kropiwnicki","32":"tag-screening_general","33":"tag-top-stories","34":"tag-topstories","35":"tag-trybunal_konstytucyjny","36":"tag-tylko_w_onecie","37":"tag-waldemar_zurek","38":"tag-wiadomosci"},"share_on_mastodon":{"url":"","error":"Validation failed: Text character limit of 500 exceeded"},"_links":{"self":[{"href":"https:\/\/www.europesays.com\/pl\/wp-json\/wp\/v2\/posts\/142451","targetHints":{"allow":["GET"]}}],"collection":[{"href":"https:\/\/www.europesays.com\/pl\/wp-json\/wp\/v2\/posts"}],"about":[{"href":"https:\/\/www.europesays.com\/pl\/wp-json\/wp\/v2\/types\/post"}],"author":[{"embeddable":true,"href":"https:\/\/www.europesays.com\/pl\/wp-json\/wp\/v2\/users\/2"}],"replies":[{"embeddable":true,"href":"https:\/\/www.europesays.com\/pl\/wp-json\/wp\/v2\/comments?post=142451"}],"version-history":[{"count":0,"href":"https:\/\/www.europesays.com\/pl\/wp-json\/wp\/v2\/posts\/142451\/revisions"}],"wp:featuredmedia":[{"embeddable":true,"href":"https:\/\/www.europesays.com\/pl\/wp-json\/wp\/v2\/media\/142452"}],"wp:attachment":[{"href":"https:\/\/www.europesays.com\/pl\/wp-json\/wp\/v2\/media?parent=142451"}],"wp:term":[{"taxonomy":"category","embeddable":true,"href":"https:\/\/www.europesays.com\/pl\/wp-json\/wp\/v2\/categories?post=142451"},{"taxonomy":"post_tag","embeddable":true,"href":"https:\/\/www.europesays.com\/pl\/wp-json\/wp\/v2\/tags?post=142451"}],"curies":[{"name":"wp","href":"https:\/\/api.w.org\/{rel}","templated":true}]}}