{"id":142462,"date":"2025-12-10T08:03:21","date_gmt":"2025-12-10T08:03:21","guid":{"rendered":"https:\/\/www.europesays.com\/pl\/142462\/"},"modified":"2025-12-10T08:03:21","modified_gmt":"2025-12-10T08:03:21","slug":"nietypowa-akcja-policji-zaniepokojenie-wywolal-jadacy-noca-ciagnik","status":"publish","type":"post","link":"https:\/\/www.europesays.com\/pl\/142462\/","title":{"rendered":"Nietypowa akcja policji. Zaniepokojenie wywo\u0142a\u0142 jad\u0105cy noc\u0105 ci\u0105gnik"},"content":{"rendered":"<p class=\"ods-c-paragraph \">Wezwani funkcjonariusze zatrzymali pojazd. Za kierownic\u0105 siedzia\u0142 50-letni m\u0119\u017cczyzna, mieszkaniec powiatu makowskiego. &#8222;By\u0142 trze\u017awy, ale kontakt logiczny z nim by\u0142 bardzo utrudniony. Nie zdawa\u0142 sobie sprawy, gdzie jest i dok\u0105d jedzie&#8221; \u2014 informuj\u0105 w komunikacie pracownicy Komendy Wojew\u00f3dzkiej Policji w Olsztynie. Wyja\u015bniaj\u0105 r\u00f3wnie\u017c, \u017ce problemy z porozumiewaniem si\u0119 z m\u0119\u017cczyzn\u0105 wynika\u0142y z jego stanu zdrowia.<\/p>\n<p>Dalszy ci\u0105g artyku\u0142u pod materia\u0142em wideo<\/p>\n<p> Dlaczego policjant zwr\u00f3ci\u0142 uwag\u0119 na ci\u0105gnik? <\/p>\n<p> Co sta\u0142o si\u0119 z kierowc\u0105 ci\u0105gnika? <\/p>\n<p> Jakie dzia\u0142ania podejmie policja w zwi\u0105zku z kierowc\u0105? <\/p>\n<p> Jak zareagowa\u0142a matka m\u0119\u017cczyzny po jego odnalezieniu? <\/p>\n<p class=\"ods-c-paragraph \">W trakcie sprawdzania danych osobowych kierowcy wysz\u0142o na jaw, \u017ce zaniepokojona rodzina 50-latka zg\u0142osi\u0142a jego zagini\u0119cie tego samego dnia rano. Kierowca zd\u0105\u017cy\u0142 w tym czasie oddali\u0107 si\u0119 swoim ci\u0105gnikiem o 90 km od miejsca zamieszkania.<\/p>\n<p>   Bliscy od rana nie mieli kontaktu z kierowc\u0105. B\u0119dzie teraz musia\u0142 przej\u015b\u0107 badania<\/p>\n<p class=\"ods-c-paragraph \">Do Pisza po m\u0119\u017cczyzn\u0119 przyjecha\u0142a jego matka. &#8222;Powiedzia\u0142a policjantom, \u017ce rano syn wyjecha\u0142 z domu ci\u0105gnikiem w nieznanym kierunku, nikomu nic nie m\u00f3wi\u0105c i nie mogli si\u0119 z nim skontaktowa\u0107&#8221; \u2014 podaj\u0105 funkcjonariusze. Przekazuj\u0105 te\u017c, \u017ce kobieta nie kry\u0142a ulgi i rado\u015bci, \u017ce syn odnalaz\u0142 si\u0119 ca\u0142y i zdrowy, cho\u0107 daleko od domu.<\/p>\n<p class=\"ods-c-paragraph \">Jak podaje olszty\u0144ska policja, m\u0119\u017cczyzna posiada uprawnienia do kierowania pojazdami. W zwi\u0105zku z niepokoj\u0105cym stanem zdrowia, s\u0142u\u017cby planuj\u0105 jednak zwr\u00f3ci\u0107 si\u0119 do organu, kt\u00f3ry wyda\u0142 prawo jazdy. &#8222;Z informacj\u0105 o tej sytuacji i z wnioskiem o sprawdzenie kwalifikacji 50-latka&#8221; \u2014 t\u0142umacz\u0105 policjanci. Powo\u0142uj\u0105 si\u0119 przy tym na art. 99 Ustawy o kieruj\u0105cych pojazdami: &#8222;Starosta wydaje decyzj\u0119 administracyjn\u0105 o skierowaniu kierowcy lub osoby posiadaj\u0105cej pozwolenie na kierowanie tramwajem na (&#8230;) badanie lekarskie, je\u017celi istniej\u0105 uzasadnione zastrze\u017cenia co do ich stanu zdrowia.&#8221;<\/p>\n","protected":false},"excerpt":{"rendered":"Wezwani funkcjonariusze zatrzymali pojazd. Za kierownic\u0105 siedzia\u0142 50-letni m\u0119\u017cczyzna, mieszkaniec powiatu makowskiego. &#8222;By\u0142 trze\u017awy, ale kontakt logiczny z&hellip;\n","protected":false},"author":2,"featured_media":142463,"comment_status":"","ping_status":"","sticky":false,"template":"","format":"standard","meta":{"footnotes":""},"categories":[5],"tags":[32,33,28914,36,37,27,34,35,28,31,48,25,2948,46,42,38,414,40,39,41,47,29,30,12867,26,2339],"class_list":{"0":"post-142462","1":"post","2":"type-post","3":"status-publish","4":"format-standard","5":"has-post-thumbnail","7":"category-naglowki","8":"tag-breaking-news","9":"tag-breakingnews","10":"tag-ciagnik","11":"tag-featured-news","12":"tag-featurednews","13":"tag-headlines","14":"tag-latest-news","15":"tag-latestnews","16":"tag-naglowki","17":"tag-najwazniejsze-artykuly","18":"tag-nat_styl","19":"tag-news","20":"tag-olsztyn","21":"tag-omp","22":"tag-pl","23":"tag-poland","24":"tag-policja","25":"tag-polish","26":"tag-polska","27":"tag-polski","28":"tag-screening_general","29":"tag-top-stories","30":"tag-topstories","31":"tag-traktor","32":"tag-wiadomosci","33":"tag-wojewodztwo_warminsko_mazurskie"},"share_on_mastodon":{"url":"https:\/\/pubeurope.com\/@pl\/115694233371037866","error":""},"_links":{"self":[{"href":"https:\/\/www.europesays.com\/pl\/wp-json\/wp\/v2\/posts\/142462","targetHints":{"allow":["GET"]}}],"collection":[{"href":"https:\/\/www.europesays.com\/pl\/wp-json\/wp\/v2\/posts"}],"about":[{"href":"https:\/\/www.europesays.com\/pl\/wp-json\/wp\/v2\/types\/post"}],"author":[{"embeddable":true,"href":"https:\/\/www.europesays.com\/pl\/wp-json\/wp\/v2\/users\/2"}],"replies":[{"embeddable":true,"href":"https:\/\/www.europesays.com\/pl\/wp-json\/wp\/v2\/comments?post=142462"}],"version-history":[{"count":0,"href":"https:\/\/www.europesays.com\/pl\/wp-json\/wp\/v2\/posts\/142462\/revisions"}],"wp:featuredmedia":[{"embeddable":true,"href":"https:\/\/www.europesays.com\/pl\/wp-json\/wp\/v2\/media\/142463"}],"wp:attachment":[{"href":"https:\/\/www.europesays.com\/pl\/wp-json\/wp\/v2\/media?parent=142462"}],"wp:term":[{"taxonomy":"category","embeddable":true,"href":"https:\/\/www.europesays.com\/pl\/wp-json\/wp\/v2\/categories?post=142462"},{"taxonomy":"post_tag","embeddable":true,"href":"https:\/\/www.europesays.com\/pl\/wp-json\/wp\/v2\/tags?post=142462"}],"curies":[{"name":"wp","href":"https:\/\/api.w.org\/{rel}","templated":true}]}}