{"id":142484,"date":"2025-12-10T08:19:09","date_gmt":"2025-12-10T08:19:09","guid":{"rendered":"https:\/\/www.europesays.com\/pl\/142484\/"},"modified":"2025-12-10T08:19:09","modified_gmt":"2025-12-10T08:19:09","slug":"maryle-rodowicz-czekala-wyjatkowa-niespodzianka-urodzinowa-odwiedzila-ja-iga-swiatek","status":"publish","type":"post","link":"https:\/\/www.europesays.com\/pl\/142484\/","title":{"rendered":"Maryl\u0119 Rodowicz czeka\u0142a wyj\u0105tkowa niespodzianka urodzinowa. Odwiedzi\u0142a j\u0105 Iga \u015awi\u0105tek"},"content":{"rendered":"<p>Maryla Rodowicz obchodzi\u0142a 80. urodziny<\/p>\n<p class=\"typography ids-typeset-body ids-typeset-body--preset-large link paragraph ids-paragraph ids-paragraph--default\"><a href=\"https:\/\/www.pomponik.pl\/gwiazdy-i-produkcje-maryla-rodowicz,gsbi,417\" rel=\"nofollow noopener\" target=\"_blank\">Maryla Rodowicz<\/a> nie przepada za \u015bwi\u0119towaniem urodzin. Ju\u017c par\u0119 lat temu w rozmowie z Pomponikiem m\u00f3wi\u0142a, \u017ce zwykle tego dnia zamyka si\u0119 w domu i wycisza telefon.<\/p>\n<p class=\"typography ids-typeset-body ids-typeset-body--preset-large link paragraph ids-paragraph ids-paragraph--default\">&#8222;Nie przyznaj\u0119 si\u0119 i nie obchodz\u0119 urodzin! Nie lubi\u0119, jak mi sk\u0142adaj\u0105 \u017cyczenia, a prezenty wol\u0119 dawa\u0107 ni\u017c bra\u0107. W og\u00f3le nie lubi\u0119 tej ceremonii&#8221; &#8211; m\u00f3wi\u0142a w wywiadzie Maryla.<\/p>\n<p>Wyj\u0105tkowa niespodzianka dla Maryli Rodowicz od&#8230; Igi \u015awi\u0105tek<\/p>\n<p class=\"typography ids-typeset-body ids-typeset-body--preset-large link paragraph ids-paragraph ids-paragraph--default\">Nawet o swoich 80. urodzinach nikomu nie chcia\u0142a wspomina\u0107. Jednak wczoraj p\u00f3\u017anym wieczorem opublikowa\u0142a urodzinowy wpis w mediach spo\u0142eczno\u015bciowych. A wszystko dlatego, \u017ce przygotowano dla Maryli wyj\u0105tkow\u0105 niespodziank\u0119.<\/p>\n<p>Ewa Chodakowska o relacji z Lewandowsk\u0105. Co my\u015bli o diecie gwiazd?pomponik.pl<\/p>\n<p class=\"typography ids-typeset-body ids-typeset-body--preset-large link paragraph ids-paragraph ids-paragraph--default\">&#8222;Jeszcze nie wierz\u0119, co si\u0119 sta\u0142o&#8221; &#8211; zacz\u0119\u0142a sw\u00f3j wpis solenizantka.<\/p>\n<p class=\"typography ids-typeset-body ids-typeset-body--preset-large link paragraph ids-paragraph ids-paragraph--default\">&#8222;Odwiedzi\u0142a mnie <a href=\"https:\/\/www.pomponik.pl\/gwiazdy-i-produkcje-iga-swiatek,gsbi,248\" rel=\"nofollow noopener\" target=\"_blank\">Iga \u015awi\u0105tek<\/a> z\u00a0<a href=\"https:\/\/www.pomponik.pl\/gwiazdy-i-produkcje-daria-abramowicz,gsbi,6600\" rel=\"nofollow noopener\" target=\"_blank\">Dari\u0105 Abramowicz<\/a>. Sta\u0142am, jak s\u0142up soli, nie mog\u0142am wyduka\u0107 dw\u00f3ch zda\u0144&#8221; &#8211; pisa\u0142a piosenkarka, nadal nie wierz\u0105c, w to, co j\u0105 spotka\u0142o<\/p>\n<p class=\"typography ids-typeset-body ids-typeset-body--preset-large link paragraph ids-paragraph ids-paragraph--default\">Okazuje si\u0119, \u017ce Iga \u015awi\u0105tek odwiedzi\u0142a Maryl\u0119 Rodowicz. Przyjecha\u0142a z \u017cyczeniami i prezentem urodzinowym, jakim by\u0142a rakieta tenisowa.<\/p>\n<p class=\"typography ids-typeset-body ids-typeset-body--preset-large link paragraph ids-paragraph ids-paragraph--default\">&#8222;Ta sama Iga, dla kt\u00f3rej zarywam noce, do kt\u00f3rej krzycz\u0119 (do telewizora): koncentracja (&#8230;), Iga, koncentracja. To by\u0142 najpi\u0119kniejszy prezent ever&#8221; &#8211; cieszy\u0142a si\u0119 Maryla.<\/p>\n<p>Maryla Rodowicz nie mog\u0142a uwierzy\u0107 w to, co j\u0105 spotka\u0142o<\/p>\n<p class=\"typography ids-typeset-body ids-typeset-body--preset-large link paragraph ids-paragraph ids-paragraph--default\">&#8222;Nie wiem, kto wpad\u0142 na ten pomys\u0142, podejrzewam m\u00f3j mened\u017cment, ale kto by to nie by\u0142, to dzi\u0119kuj\u0119. W og\u00f3le dzi\u0119kuj\u0119 za moc \u017cycze\u0144. Nie przepadam za tym dniem, ale dzi\u0119kuj\u0119, za tyle wzrusze\u0144, za tyle mi\u0142ych s\u0142\u00f3w&#8221; &#8211; dzi\u0119kowa\u0142a piosenkarka swoim fanom.<\/p>\n<p class=\"typography ids-typeset-body ids-typeset-body--preset-large link paragraph ids-paragraph ids-paragraph--default\">&#8222;Wczoraj mia\u0142am telefon na milczy, za to nie odmawia\u0142am kwiat\u00f3w i czuj\u0119 si\u0119, jak w kwiaciarni, albo i lepiej. Dzi\u0119kuj\u0119 te\u017c za prezenty od fan\u00f3w. Wasza fantazja nie ma granic&#8221; &#8211; doda\u0142a wzruszona piosenkarka.<\/p>\n<p class=\"typography ids-typeset-body ids-typeset-body--preset-large link paragraph ids-paragraph ids-paragraph--default\">Do swojego postu Rodowicz doda\u0142a pami\u0105tkowe zdj\u0119cie z Ig\u0105.<\/p>\n<p class=\"typography ids-typeset-body ids-typeset-body--preset-large link paragraph ids-paragraph ids-paragraph--default\">&#8222;Dorzuc\u0119 do tego posta zdj\u0119cie z Ig\u0105. Wiecie, \u017ce si\u0119gam Idze do brody, no \u017cesz. I nie by\u0142am umalowana, no prawie&#8221;.<\/p>\n<p class=\"typography ids-typeset-body ids-typeset-body--preset-large link paragraph ids-paragraph ids-paragraph--default\">Wizyt\u0119 u Maryli skomentowa\u0142a w swoich mediach spo\u0142eczno\u015bciowych Iga \u015awi\u0105tek. Tenisistka napisa\u0142a:<\/p>\n<p class=\"typography ids-typeset-body ids-typeset-body--preset-large link paragraph ids-paragraph ids-paragraph--default\">&#8222;Mie\u0107 tyle energii, tak\u0105 karier\u0119, tyle historii i prze\u017cy\u0107, tak \u0142\u0105czy\u0107 ludzi, a w\u0142a\u015bciwie ca\u0142e pokolenia&#8230;co\u015b wyj\u0105tkowego Sto lat w zdrowiu Pani Marylo i mam nadziej\u0119, \u017ce zobaczymy si\u0119 na korcie!&#8221;.<\/p>\n<p class=\"typography ids-typeset-body ids-typeset-body--preset-large link paragraph ids-paragraph ids-paragraph--default\">Czytaj te\u017c:<\/p>\n<p class=\"typography ids-typeset-body ids-typeset-body--preset-large link paragraph ids-paragraph ids-paragraph--default\"><a href=\"https:\/\/www.pomponik.pl\/relacje-i-zwiazki\/news-o-romansie-rodowicz-i-olbrychskiego-mowili-wszyscy-malo-kto,nId,22464967\" rel=\"nofollow noopener\" target=\"_blank\">O romansie Rodowicz i Olbrychskiego m\u00f3wili wszyscy. Ma\u0142o kto wie, dlaczego im nie wysz\u0142o<\/a><\/p>\n<p class=\"typography ids-typeset-body ids-typeset-body--preset-large link paragraph ids-paragraph ids-paragraph--default\"><a href=\"https:\/\/www.pomponik.pl\/plotki\/news-po-latach-wyszla-na-jaw-prawda-ws-maryli-rodowicz-ludzie-nie,nId,22465021\" rel=\"nofollow noopener\" target=\"_blank\">Po latach wysz\u0142a na jaw prawda ws. Maryli Rodowicz. Ludzie nie mieli poj\u0119cia<\/a><\/p>\n<p>Czytaj tak\u017ce:<a id=\"a-img\" class=\"hl-6\"><img class=\"hl-8\"\/><\/a><a id=\"a-main\" class=\"hl-9\"\/>Halo! Wejd\u017a na <a id=\"halo-text-a\" href=\"https:\/\/halotu.polsat.pl#parametr=link_halo\" rel=\"nofollow noopener\" target=\"_blank\">halotu.polsat.pl<\/a> i nie przegap naj\u015bwie\u017cszych informacji z poranka w Polsacie.<\/p>\n","protected":false},"excerpt":{"rendered":"Maryla Rodowicz obchodzi\u0142a 80. urodziny Maryla Rodowicz nie przepada za \u015bwi\u0119towaniem urodzin. Ju\u017c par\u0119 lat temu w rozmowie&hellip;\n","protected":false},"author":2,"featured_media":142485,"comment_status":"","ping_status":"","sticky":false,"template":"","format":"standard","meta":{"footnotes":""},"categories":[22],"tags":[122,42,38,40,39,41,123],"class_list":{"0":"post-142484","1":"post","2":"type-post","3":"status-publish","4":"format-standard","5":"has-post-thumbnail","7":"category-rozrywka","8":"tag-entertainment","9":"tag-pl","10":"tag-poland","11":"tag-polish","12":"tag-polska","13":"tag-polski","14":"tag-rozrywka"},"share_on_mastodon":{"url":"https:\/\/pubeurope.com\/@pl\/115694296582568643","error":""},"_links":{"self":[{"href":"https:\/\/www.europesays.com\/pl\/wp-json\/wp\/v2\/posts\/142484","targetHints":{"allow":["GET"]}}],"collection":[{"href":"https:\/\/www.europesays.com\/pl\/wp-json\/wp\/v2\/posts"}],"about":[{"href":"https:\/\/www.europesays.com\/pl\/wp-json\/wp\/v2\/types\/post"}],"author":[{"embeddable":true,"href":"https:\/\/www.europesays.com\/pl\/wp-json\/wp\/v2\/users\/2"}],"replies":[{"embeddable":true,"href":"https:\/\/www.europesays.com\/pl\/wp-json\/wp\/v2\/comments?post=142484"}],"version-history":[{"count":0,"href":"https:\/\/www.europesays.com\/pl\/wp-json\/wp\/v2\/posts\/142484\/revisions"}],"wp:featuredmedia":[{"embeddable":true,"href":"https:\/\/www.europesays.com\/pl\/wp-json\/wp\/v2\/media\/142485"}],"wp:attachment":[{"href":"https:\/\/www.europesays.com\/pl\/wp-json\/wp\/v2\/media?parent=142484"}],"wp:term":[{"taxonomy":"category","embeddable":true,"href":"https:\/\/www.europesays.com\/pl\/wp-json\/wp\/v2\/categories?post=142484"},{"taxonomy":"post_tag","embeddable":true,"href":"https:\/\/www.europesays.com\/pl\/wp-json\/wp\/v2\/tags?post=142484"}],"curies":[{"name":"wp","href":"https:\/\/api.w.org\/{rel}","templated":true}]}}