{"id":142492,"date":"2025-12-10T08:23:07","date_gmt":"2025-12-10T08:23:07","guid":{"rendered":"https:\/\/www.europesays.com\/pl\/142492\/"},"modified":"2025-12-10T08:23:07","modified_gmt":"2025-12-10T08:23:07","slug":"ambasador-usa-o-polsce-to-moze-byc-szokujace","status":"publish","type":"post","link":"https:\/\/www.europesays.com\/pl\/142492\/","title":{"rendered":"Ambasador USA o Polsce. &#8222;To mo\u017ce by\u0107 szokuj\u0105ce&#8221;"},"content":{"rendered":"\n<p>&#13;<br \/>\nO swoich spostrze\u017ceniach na\u00a0temat naszego kraju ambasador Stan\u00f3w Zjednoczonych w\u00a0Polsce m\u00f3wi\u0142 na\u00a0antenie TVN24. &#13;\n<\/p>\n<p>Ambasador USA: Polska jest krajem jednolitym i\u00a0zjednoczonym<\/p>\n<p>&#13;<br \/>\n\u2013 Jeste\u015bcie wiod\u0105c\u0105 si\u0142\u0105 w\u00a0Europie, najbardziej wp\u0142ywowym krajem w\u00a0Europie w\u00a0zakresie obronno\u015bci i\u00a0zaanga\u017cowania w\u00a0ni\u0105 \u2013\u00a0powiedzia\u0142 Thomas Rose. &#13;\n<\/p>\n<p>&#13;<br \/>\nAmeryka\u0144ski dyplomata oceni\u0142, \u017ce\u00a0Polacy, mimo &#8222;wewn\u0119trznych zamiesza\u0144 politycznych&#8221;, s\u0105 &#8222;najbardziej zjednoczonym narodem w\u00a0Europie&#8221;. \u2013\u00a0Wiem, \u017ce\u00a0mo\u017ce to\u00a0by\u0107 szokuj\u0105ce, jak s\u0142yszy si\u0119, \u017ce\u00a0ambasador USA w\u00a0Polsce m\u00f3wi, \u017ce\u00a0Polska jest krajem rzeczywi\u015bcie jednolitym i\u00a0zjednoczonym, ale\u00a0to\u00a0jest prawda \u2013\u00a0podkre\u015bli\u0142. &#13;\n<\/p>\n<p>&#13;<br \/>\nAmbasador wskazywa\u0142, \u017ce\u00a0wewn\u0119trzne nieporozumienia Polski dla\u00a0niego, jako outsidera, &#8222;bardzo zdrowo i\u00a0bardzo pozytywnie koncentruj\u0105 si\u0119 na\u00a0tym, jak najlepiej uczyni\u0107 Polsk\u0119 siln\u0105, jak zwi\u0119kszy\u0107 poziom zaanga\u017cowania w\u00a0relacje z\u00a0partnerami w\u00a0Europie&#8221;. Czasem, jak podkre\u015bla\u0142, nie\u00a0zgadzamy si\u0119 co\u00a0do\u00a0tego, w\u00a0jaki spos\u00f3b to\u00a0uczyni\u0107, ale\u00a0&#8222;to jest jedno\u015b\u0107 nie\u00a0tylko ducha, ale\u00a0te\u017c celu, kt\u00f3rej niestety brakuje, jak s\u0105dz\u0119, w\u00a0niekt\u00f3rych innych cz\u0119\u015bciach Europy&#8221;. &#13;\n<\/p>\n<p>&#13;<br \/>\n\u2013 Dlatego w\u0142a\u015bnie jest to\u00a0tak wa\u017cne, aby\u00a0Polska sta\u0142a si\u0119 o\u00a0wiele bardziej asertywnym g\u0142osem w\u00a0europejskich sprawach. My\u015bl\u0119, \u017ce\u00a0dacie rad\u0119 to\u00a0zrobi\u0107, my\u015bl\u0119, \u017ce\u00a0rz\u0105d jest do\u00a0tego got\u00f3w, prezydent jest w\u00a0to zaanga\u017cowany, jest ogromna jedno\u015b\u0107 na\u00a0poziomie Polski, kt\u00f3ra mo\u017ce by\u0107 zaskakuj\u0105ca dla\u00a0samych Polak\u00f3w, ale\u00a0taka jest prawda \u2013\u00a0podsumowa\u0142 dyplomata. &#13;\n<\/p>\n<p>Thomas Rose nowym ambasadorem USA w\u00a0Polsce<\/p>\n<p>&#13;<br \/>\nPrzypomnijmy, \u017ce\u00a0Thomas Rose z\u0142o\u017cy\u0142 listy uwierzytelniaj\u0105ce u\u00a0prezydenta Karola Nawrockiego 6\u00a0listopada. Do\u00a0Warszawy przylecia\u0142 pod\u00a0koniec pa\u017adziernika, po\u00a0tym jak zosta\u0142 zaprzysi\u0119\u017cony na\u00a0ambasadora Stan\u00f3w Zjednoczonych w\u00a0Polsce. Jego kandydatur\u0119 zg\u0142osi\u0142 prezydent USA Donald Trump. &#13;\n<\/p>\n<p>&#13;<br \/>\nCzytaj te\u017c:<br \/><a href=\"https:\/\/dorzeczy.pl\/kraj\/817601\/przygotowania-do-g20-minister-przydacz-wyznaczony-przez-prezydenta-szerpa.html\" rel=\"follow nofollow noopener\" data-schema=\"DORZECZY\" data-image=\"https:\/\/img.dorzeczy.pl\/_thumb\/13\/57\/5166606c24a8634aa094ea82f746.jpeg\" target=\"_blank\">Przydacz wyznaczony przez prezydenta na\u00a0&#8222;szerp\u0119&#8221;. Rozmawia\u0142 z\u00a0ameryka\u0144skim odpowiednikiem<\/a>Czytaj te\u017c:<br \/><a href=\"https:\/\/dorzeczy.pl\/opinie\/815978\/krysztopa-lepszej-oferty-ze-strony-usa-polska-nie-mogla-sobie-wymarzyc.html\" rel=\"follow nofollow noopener\" data-schema=\"DORZECZY\" data-image=\"https:\/\/img.dorzeczy.pl\/_thumb\/7f\/2b\/46543116ba624b21d4839f2beeeb.jpeg\" target=\"_blank\">Lepszej oferty ze\u00a0strony USA Polska nie\u00a0mog\u0142a sobie wymarzy\u0107<\/a>Czytaj te\u017c:<br \/><a href=\"https:\/\/dorzeczy.pl\/kraj\/811785\/ambasador-usa-do-sikorskiego-swiat-musi-uslyszec-prawde-o-polsce.html\" rel=\"follow nofollow noopener\" data-schema=\"DORZECZY\" data-image=\"https:\/\/img.dorzeczy.pl\/_thumb\/fc\/b6\/f2258765be69e80574341bbfxx1f.jpeg\" target=\"_blank\">Ambasador USA w\u00a0Polsce do\u00a0Sikorskiego: \u015awiat musi us\u0142ysze\u0107 prawd\u0119<\/a>&#13;<\/p>\n","protected":false},"excerpt":{"rendered":"&#13; O swoich spostrze\u017ceniach na\u00a0temat naszego kraju ambasador Stan\u00f3w Zjednoczonych w\u00a0Polsce m\u00f3wi\u0142 na\u00a0antenie TVN24. &#13; Ambasador USA: Polska&hellip;\n","protected":false},"author":2,"featured_media":142493,"comment_status":"","ping_status":"","sticky":false,"template":"","format":"standard","meta":{"footnotes":""},"categories":[12],"tags":[22018,333,32,33,98,36,37,27,49,34,35,28,31,25,103,102,42,38,40,39,41,22019,29,30,26],"class_list":{"0":"post-142492","1":"post","2":"type-post","3":"status-publish","4":"format-standard","5":"has-post-thumbnail","7":"category-polska","8":"tag-ambasador-usa-w-polsce","9":"tag-anna-skalska","10":"tag-breaking-news","11":"tag-breakingnews","12":"tag-dorzeczy","13":"tag-featured-news","14":"tag-featurednews","15":"tag-headlines","16":"tag-kraj","17":"tag-latest-news","18":"tag-latestnews","19":"tag-naglowki","20":"tag-najwazniejsze-artykuly","21":"tag-news","22":"tag-obserwator-mediow","23":"tag-opinie","24":"tag-pl","25":"tag-poland","26":"tag-polish","27":"tag-polska","28":"tag-polski","29":"tag-thomas-rose","30":"tag-top-stories","31":"tag-topstories","32":"tag-wiadomosci"},"share_on_mastodon":{"url":"https:\/\/pubeurope.com\/@pl\/115694312249194293","error":""},"_links":{"self":[{"href":"https:\/\/www.europesays.com\/pl\/wp-json\/wp\/v2\/posts\/142492","targetHints":{"allow":["GET"]}}],"collection":[{"href":"https:\/\/www.europesays.com\/pl\/wp-json\/wp\/v2\/posts"}],"about":[{"href":"https:\/\/www.europesays.com\/pl\/wp-json\/wp\/v2\/types\/post"}],"author":[{"embeddable":true,"href":"https:\/\/www.europesays.com\/pl\/wp-json\/wp\/v2\/users\/2"}],"replies":[{"embeddable":true,"href":"https:\/\/www.europesays.com\/pl\/wp-json\/wp\/v2\/comments?post=142492"}],"version-history":[{"count":0,"href":"https:\/\/www.europesays.com\/pl\/wp-json\/wp\/v2\/posts\/142492\/revisions"}],"wp:featuredmedia":[{"embeddable":true,"href":"https:\/\/www.europesays.com\/pl\/wp-json\/wp\/v2\/media\/142493"}],"wp:attachment":[{"href":"https:\/\/www.europesays.com\/pl\/wp-json\/wp\/v2\/media?parent=142492"}],"wp:term":[{"taxonomy":"category","embeddable":true,"href":"https:\/\/www.europesays.com\/pl\/wp-json\/wp\/v2\/categories?post=142492"},{"taxonomy":"post_tag","embeddable":true,"href":"https:\/\/www.europesays.com\/pl\/wp-json\/wp\/v2\/tags?post=142492"}],"curies":[{"name":"wp","href":"https:\/\/api.w.org\/{rel}","templated":true}]}}