{"id":142522,"date":"2025-12-10T08:40:17","date_gmt":"2025-12-10T08:40:17","guid":{"rendered":"https:\/\/www.europesays.com\/pl\/142522\/"},"modified":"2025-12-10T08:40:17","modified_gmt":"2025-12-10T08:40:17","slug":"tak-randkuje-leszek-lichota-oto-zdjecia-aktora-i-jego-nowej-partnerki","status":"publish","type":"post","link":"https:\/\/www.europesays.com\/pl\/142522\/","title":{"rendered":"Tak randkuje Leszek Lichota. Oto zdj\u0119cia aktora i jego nowej partnerki"},"content":{"rendered":"<p>Gwiazdor seriali &#8222;Wataha&#8221; i\u00a0&#8222;Prawo Agaty&#8221; szybko znalaz\u0142 jednak pocieszenie. Podczas ubieg\u0142otygodniowej premiery filmowej po raz pierwszy towarzyszy\u0142a mu m\u0142odsza o\u00a0sze\u015b\u0107\u00a0lat kostiumografka i\u00a0stylistka, Katarzyna Baran, kt\u00f3ra pracowa\u0142a na planach kilku seriali, r\u00f3wnie\u017c tych z\u00a0udzia\u0142em Lichoty i\u00a0<a href=\"https:\/\/www.pudelek.pl\/nowa-partnerka-leszka-lichoty-na-co-dzien-pracuje-z-gwiazdami-znacie-ja-z-programow-malgorzaty-rozenek-7229118102121408a\" rel=\"noopener noreferrer nofollow\" target=\"_blank\">pomaga\u0142a przy wielu programach Ma\u0142gorzaty Rozenek<\/a>. To w\u0142a\u015bnie wsp\u00f3lna przygoda przy powstawaniu serialu &#8222;Przesmyk&#8221; pono\u0107 zbli\u017cy\u0142a tych dwoje.<\/p>\n<p>Leszek Lichota sp\u0119dzi\u0142 przyjemny wiecz\u00f3r ze swoj\u0105 now\u0105 partnerk\u0105<\/p>\n<p>W miniony czwartek aktor <a href=\"https:\/\/www.pudelek.pl\/leszek-lichota-zameldowal-sie-na-premierze-z-nowa-partnerka-fajnie-razem-wygladaja-zdjecia-7228923453033408g\" rel=\"noopener noreferrer nofollow\" target=\"_blank\">zaprosi\u0142 sw\u0105 now\u0105 wybrank\u0119 serca na \u015bciank\u0119<\/a>. Niezawodni paparazzi pokazali, jak przebieg\u0142a dalsza cz\u0119\u015b\u0107 ich romantycznego wieczoru. Tu\u017c po wyj\u015bciu z\u00a0sali kinowej kobieta b\u0142yskawicznie poprawi\u0142a makija\u017c, wyci\u0105gaj\u0105c b\u0142yszczyk z\u00a0torebki.<\/p>\n<p>Nast\u0119pnie zakochani wybrali si\u0119 na kr\u00f3tki spacer urozmaicony przerw\u0105 na papierosa. Katarzyna cierpliwie czeka\u0142a, a\u017c jej brodaty oblubieniec sko\u0144czy puszcza\u0107 dymki. Wyposa\u017cony w\u00a0butelk\u0119 coli Lichota i\u00a0jego towarzyszka wsp\u00f3lnie udali si\u0119 na post\u00f3j taks\u00f3wek. Jak na prawdziwego d\u017centelmena przysta\u0142o, otworzy\u0142 on drzwi damie swojego serca, sam zasiadaj\u0105c z\u00a0drugiej strony tylnego siedzenia.<\/p>\n","protected":false},"excerpt":{"rendered":"Gwiazdor seriali &#8222;Wataha&#8221; i\u00a0&#8222;Prawo Agaty&#8221; szybko znalaz\u0142 jednak pocieszenie. Podczas ubieg\u0142otygodniowej premiery filmowej po raz pierwszy towarzyszy\u0142a mu&hellip;\n","protected":false},"author":2,"featured_media":142523,"comment_status":"","ping_status":"","sticky":false,"template":"","format":"standard","meta":{"footnotes":""},"categories":[22],"tags":[122,42,38,40,39,41,123],"class_list":{"0":"post-142522","1":"post","2":"type-post","3":"status-publish","4":"format-standard","5":"has-post-thumbnail","7":"category-rozrywka","8":"tag-entertainment","9":"tag-pl","10":"tag-poland","11":"tag-polish","12":"tag-polska","13":"tag-polski","14":"tag-rozrywka"},"share_on_mastodon":{"url":"https:\/\/pubeurope.com\/@pl\/115694378868105744","error":""},"_links":{"self":[{"href":"https:\/\/www.europesays.com\/pl\/wp-json\/wp\/v2\/posts\/142522","targetHints":{"allow":["GET"]}}],"collection":[{"href":"https:\/\/www.europesays.com\/pl\/wp-json\/wp\/v2\/posts"}],"about":[{"href":"https:\/\/www.europesays.com\/pl\/wp-json\/wp\/v2\/types\/post"}],"author":[{"embeddable":true,"href":"https:\/\/www.europesays.com\/pl\/wp-json\/wp\/v2\/users\/2"}],"replies":[{"embeddable":true,"href":"https:\/\/www.europesays.com\/pl\/wp-json\/wp\/v2\/comments?post=142522"}],"version-history":[{"count":0,"href":"https:\/\/www.europesays.com\/pl\/wp-json\/wp\/v2\/posts\/142522\/revisions"}],"wp:featuredmedia":[{"embeddable":true,"href":"https:\/\/www.europesays.com\/pl\/wp-json\/wp\/v2\/media\/142523"}],"wp:attachment":[{"href":"https:\/\/www.europesays.com\/pl\/wp-json\/wp\/v2\/media?parent=142522"}],"wp:term":[{"taxonomy":"category","embeddable":true,"href":"https:\/\/www.europesays.com\/pl\/wp-json\/wp\/v2\/categories?post=142522"},{"taxonomy":"post_tag","embeddable":true,"href":"https:\/\/www.europesays.com\/pl\/wp-json\/wp\/v2\/tags?post=142522"}],"curies":[{"name":"wp","href":"https:\/\/api.w.org\/{rel}","templated":true}]}}