{"id":142528,"date":"2025-12-10T08:44:10","date_gmt":"2025-12-10T08:44:10","guid":{"rendered":"https:\/\/www.europesays.com\/pl\/142528\/"},"modified":"2025-12-10T08:44:10","modified_gmt":"2025-12-10T08:44:10","slug":"polska-przekaze-samoloty-mig-29-dla-ukrainy-sztab-generalny-trwaja-rozmowy-onet-wiadomosci","status":"publish","type":"post","link":"https:\/\/www.europesays.com\/pl\/142528\/","title":{"rendered":"Polska przeka\u017ce samoloty MiG-29 dla Ukrainy? Sztab generalny: trwaj\u0105 rozmowy &#8211; Onet Wiadomo\u015bci"},"content":{"rendered":"<ol>\n<li><a href=\"https:\/\/news.google.com\/rss\/articles\/CBMiqwFBVV95cUxNa2UyT2FWTlh2YlpyRThNRHdOMmE5bmhwSzgxbTJFWGNKYVlfYTNOMEJFNml4M09WMjNiblpHQWFrQVN2YnY1alNTdks1NkZaZ1oxYmFkQklPTjdveUtoTkZzRXdYT0tDMmlJbm85bXlHUXREVWZsd1FIbXlCYVViT2tBazM0Qzlicm9nSmlTZTVoSmtESkNfZGc1M1VEdFJOUGdPUU96eG9HNFE?oc=5\" target=\"_blank\" rel=\"nofollow noopener\">Polska przeka\u017ce samoloty MiG-29 dla Ukrainy? Sztab generalny: trwaj\u0105 rozmowy<\/a>&nbsp;&nbsp;Onet Wiadomo\u015bci<\/li>\n<li><a href=\"https:\/\/news.google.com\/rss\/articles\/CBMiuAFBVV95cUxOMU5MaGpOLUNWQ2pMVTlxOTRMeXdWUEQtbjBtZlpsWk1QbmZJWkQwOElHMERKdG1UdE5fZkxrbmZ3a0dnTmI4Z0NPaE5lekh6YTJ2UHQ2dC1Zb1Fmc0xrbkN1aUlWdmpzZkpWOV9UTzY0ODZncXRFWVdyNnNBTDA1V1N2VGZXQWQ5OU85c2pfa0J6dVhrbkxJR0NTVXVSeE5yOEZjMWpxSVg1V1U4NG5NQlNLTnF0UHFQ?oc=5\" target=\"_blank\" rel=\"nofollow noopener\">Polskie MIG-29 dla Ukrainy? Wojsko ujawnia szczeg\u00f3\u0142y rozm\u00f3w<\/a>&nbsp;&nbsp;Gazeta<\/li>\n<li><a href=\"https:\/\/news.google.com\/rss\/articles\/CBMingFBVV95cUxQc1RTdWNSdmt0aVN6MzRVYWloUFQ1UGcyem5PSmp6SXg2WWw5MTBweXJJR1VPNEIzbkw2SExpM3otNVp0bjFlcm9JMzlVX2k2Z19DZkFlWkdwU2tsc21XR1NTd201cjVxMjFuX0wyQVNoY3NxZG5UblBEdUpsUFppNlNWZ2dVNGJYZVhMcW9mSWlGX010eDJDcF9QVWlqdw?oc=5\" target=\"_blank\" rel=\"nofollow noopener\">Polska odda Ukrainie samoloty. Oto, co dostanie w zamian<\/a>&nbsp;&nbsp;WP Wiadomo\u015bci<\/li>\n<li><a href=\"https:\/\/news.google.com\/rss\/articles\/CBMiugFBVV95cUxOczBVZ19Dbmx3WEJNRTB3eVRmSEZsaGExcldlUjZCNmNZNWFXaG5zblh4cmN4cGN2bC1sR3VyWFlDdlFLSldUanUyVUhBYktnYTFtTmJhcXR0MG5rYl9FaUpEaFRWVWtLdjN3dzlMSzJhSC1QTVZmaXRvc1B2ME5mVGpBNF9uYnAwN3M3TXVmY3hYWGFKYW5wR3hDUTJHTU1OMTVJaVQ5WkZXTGlxeGxySjMzVW1VMHk4Q1E?oc=5\" target=\"_blank\" rel=\"nofollow noopener\">Kolejne polskie my\u015bliwce dla Ukrainy? Rozmawiamy, ale chcemy co\u015b w zamian<\/a>&nbsp;&nbsp;wnp.pl<\/li>\n<li><a href=\"https:\/\/news.google.com\/rss\/articles\/CBMirwFBVV95cUxOZzlHaHFpTEIyRElJS3VzbnkwUUxIRVFCREJWZjR6NkZyNzQyN0Y4cU5EbWtub050cHlvdWhrVEtqRm84TEI4cDlYcy1DaHBXOW04YndxR2lNNG15cFUyZm9jaVVpSzlVamFucDhOR09BazZsbDB1dHd0eHlVX3ozMkZmUGFPSnVNU2xQQ29RTnJXRTU2T24xTVhha0JUMkFfX2VRNmxpbnJUcXhiR2ZR?oc=5\" target=\"_blank\" rel=\"nofollow noopener\">Polskie my\u015bliwce MIG-29 dla Ukrainy? Wiadomo, co chcemy w zamian<\/a>&nbsp;&nbsp;PolsatNews.pl<\/li>\n<\/ol>\n","protected":false},"excerpt":{"rendered":"Polska przeka\u017ce samoloty MiG-29 dla Ukrainy? Sztab generalny: trwaj\u0105 rozmowy&nbsp;&nbsp;Onet Wiadomo\u015bci Polskie MIG-29 dla Ukrainy? Wojsko ujawnia szczeg\u00f3\u0142y&hellip;\n","protected":false},"author":2,"featured_media":142529,"comment_status":"","ping_status":"","sticky":false,"template":"","format":"standard","meta":{"footnotes":""},"categories":[12],"tags":[32,33,36,37,27,76,49,34,35,18618,28,31,48,160,25,46,42,38,40,39,41,47,29,30,415,26,161],"class_list":{"0":"post-142528","1":"post","2":"type-post","3":"status-publish","4":"format-standard","5":"has-post-thumbnail","7":"category-polska","8":"tag-breaking-news","9":"tag-breakingnews","10":"tag-featured-news","11":"tag-featurednews","12":"tag-headlines","13":"tag-inwazja_rosji_na_ukraine","14":"tag-kraj","15":"tag-latest-news","16":"tag-latestnews","17":"tag-mig_29","18":"tag-naglowki","19":"tag-najwazniejsze-artykuly","20":"tag-nat_styl","21":"tag-nato","22":"tag-news","23":"tag-omp","24":"tag-pl","25":"tag-poland","26":"tag-polish","27":"tag-polska","28":"tag-polski","29":"tag-screening_general","30":"tag-top-stories","31":"tag-topstories","32":"tag-ukraina","33":"tag-wiadomosci","34":"tag-wojsko"},"share_on_mastodon":{"url":"https:\/\/pubeurope.com\/@pl\/115694394744230766","error":""},"_links":{"self":[{"href":"https:\/\/www.europesays.com\/pl\/wp-json\/wp\/v2\/posts\/142528","targetHints":{"allow":["GET"]}}],"collection":[{"href":"https:\/\/www.europesays.com\/pl\/wp-json\/wp\/v2\/posts"}],"about":[{"href":"https:\/\/www.europesays.com\/pl\/wp-json\/wp\/v2\/types\/post"}],"author":[{"embeddable":true,"href":"https:\/\/www.europesays.com\/pl\/wp-json\/wp\/v2\/users\/2"}],"replies":[{"embeddable":true,"href":"https:\/\/www.europesays.com\/pl\/wp-json\/wp\/v2\/comments?post=142528"}],"version-history":[{"count":0,"href":"https:\/\/www.europesays.com\/pl\/wp-json\/wp\/v2\/posts\/142528\/revisions"}],"wp:featuredmedia":[{"embeddable":true,"href":"https:\/\/www.europesays.com\/pl\/wp-json\/wp\/v2\/media\/142529"}],"wp:attachment":[{"href":"https:\/\/www.europesays.com\/pl\/wp-json\/wp\/v2\/media?parent=142528"}],"wp:term":[{"taxonomy":"category","embeddable":true,"href":"https:\/\/www.europesays.com\/pl\/wp-json\/wp\/v2\/categories?post=142528"},{"taxonomy":"post_tag","embeddable":true,"href":"https:\/\/www.europesays.com\/pl\/wp-json\/wp\/v2\/tags?post=142528"}],"curies":[{"name":"wp","href":"https:\/\/api.w.org\/{rel}","templated":true}]}}