{"id":142547,"date":"2025-12-10T08:54:43","date_gmt":"2025-12-10T08:54:43","guid":{"rendered":"https:\/\/www.europesays.com\/pl\/142547\/"},"modified":"2025-12-10T08:54:43","modified_gmt":"2025-12-10T08:54:43","slug":"zillmann-dostala-wiadomosc-ws-lesar-i-az-zaniemowila-tego-sie-nie-spodziewala","status":"publish","type":"post","link":"https:\/\/www.europesays.com\/pl\/142547\/","title":{"rendered":"Zillmann dosta\u0142a wiadomo\u015b\u0107 ws. Lesar i a\u017c zaniem\u00f3wi\u0142a. Tego si\u0119 nie spodziewa\u0142a"},"content":{"rendered":"<p class=\"typography ids-typeset-body ids-typeset-body--preset-large link paragraph ids-paragraph ids-paragraph--default\">Katarzyna Zillmann\u00a0na chwil\u0119 przed fina\u0142em po\u017cegna\u0142a si\u0119 z programem &#8222;Dancing with the stars. Taniec z gwiazdami&#8221;, lecz to wcale nie oznacza, \u017ce jej przygoda z ta\u0144cem dobieg\u0142a ko\u0144ca. Dalej trenuje na parkiecie i wraz z Janj\u0105 Lesar\u00a0przygotowuje niespodzianki dla fan\u00f3w. Ostatnio o\u015bwiadczy\u0142a, \u017ce ona i tancerka <a href=\"https:\/\/sport.interia.pl\/sportowe-zycie\/news-zillmann-nie-czekala-dluzej-oficjalnie-oglosila-na-nagraniu,nId,22464381\" target=\"_self\" rel=\"nofollow noopener\">wsp\u00f3lnie zagraj\u0105 w teledysku<\/a>.<\/p>\n<p class=\"typography ids-typeset-body ids-typeset-body--preset-large link paragraph ids-paragraph ids-paragraph--default\">O relacji na linii Zillmann &#8211; Lesar wci\u0105\u017c jest zreszt\u0105 g\u0142o\u015bno. W programie Polsatu panie prezentowa\u0142y choreografie przepe\u0142nione blisko\u015bci\u0105, nie brakowa\u0142o te\u017c scenicznych poca\u0142unk\u00f3w. To wszystko sprowokowa\u0142o lawin\u0119 plotek. Atmosfera jeszcze zg\u0119stnia\u0142a, gdy <a href=\"https:\/\/sport.interia.pl\/sportowe-zycie\/news-lesar-w-koncu-oglasza-ws-zillmann-a-jednak-to-nie-byly-plotk,nId,22461462\" target=\"_self\" rel=\"nofollow noopener\">Janja o\u015bwiadczy\u0142a, \u017ce wio\u015blarka j\u0105 zauroczy\u0142a<\/a>. &#8222;Nie b\u0119d\u0119 tego ukrywa\u0107, bo mi si\u0119 wydaje, \u017ce to\u00a0wszyscy widzieli&#8221; &#8211; opowiada\u0142a dla &#8222;Kozaczka&#8221;. Co dzieje si\u0119 aktualnie?<\/p>\n<p>Nowy komunikat od Zillmann. M\u00f3wi o Lesar<\/p>\n<p class=\"typography ids-typeset-body ids-typeset-body--preset-large link paragraph ids-paragraph ids-paragraph--default\">Po finale &#8222;Ta\u0144ca z gwiazdami&#8221; Zillmann milcza\u0142a przez dwa tygodnie, ale ju\u017c do\u015b\u0107. Od pewnego momentu utrzymuje z fanami regularny kontakt. Teraz opublikowa\u0142a na InstaStories relacj\u0119, w kt\u00f3rej poruszy\u0142a temat Lesar. Najpierw udost\u0119pni\u0142a na kanale nadawczym zdj\u0119cie r\u0119cznie wykonanego przez jej wielbicielki plakatu z has\u0142em: &#8222;Kr\u00f3lowo Janjo, Katarzynki dzi\u0119kuj\u0105 Ci za codzienn\u0105 inspiracj\u0119&#8221;, a nast\u0119pnie wyja\u015bni\u0142a, o co chodzi.<\/p>\n<blockquote role=\"blockquote\" class=\"quote ids-quote ids-quote--nosurface--short--medium\"><p>Dla niewtajemniczonych, ju\u017c spiesz\u0119 z wyja\u015bnieniem- rozpocz\u0119\u0142a.<\/p><\/blockquote>\n<p class=\"typography ids-typeset-body ids-typeset-body--preset-large link paragraph ids-paragraph ids-paragraph--default\">&#8222;Mianowicie, Janja mia\u0142a dzisiaj spektakl w Bia\u0142ymstoku o wdzi\u0119cznej nazwie 'Ma\u0142y Fiat&#8217;. Cz\u0119\u015b\u0107 fanek z mojego\/naszego kana\u0142u nadawczego wybra\u0142o si\u0119 tam z tym oto uroczym plakatem. Jest to mega, \u017ce tak anga\u017cujecie si\u0119 w taki og\u00f3lny vibe przy tworzeniu tej spo\u0142eczno\u015bci. Tak \u017ce\u2026 troch\u0119 si\u0119 zawstydzi\u0142am&#8221; &#8211; doda\u0142a.<\/p>\n<p class=\"typography ids-typeset-body ids-typeset-body--preset-large link paragraph ids-paragraph ids-paragraph--default\">Podzieli\u0142a si\u0119 r\u00f3wnie\u017c tym, jak wygl\u0105da jej dieta. &#8222;Tymczasem jem sobie szprotki i zagryzam papryczk\u0105. A jakie s\u0105 wasze ulubione przek\u0105ski?&#8221; &#8211; dopytywa\u0142a. Wcze\u015bniej opublikowa\u0142a nagranie dokumentuj\u0105ce spos\u00f3b przyrz\u0105dzania jej ulubionej potrawy &#8211; makaronu z twarogiem i boczkiem.<\/p>\n<p class=\"typography ids-typeset-body ids-typeset-body--preset-large link paragraph ids-paragraph ids-paragraph--default\">Przy tamtej okazji <a href=\"https:\/\/sport.interia.pl\/sportowe-zycie\/news-zillmann-nie-zamierza-dluzej-tego-kryc-nagle-wypalila-w-rela,nId,22462801\" target=\"_self\" rel=\"nofollow noopener\">opowiada\u0142a troch\u0119 o sporcie<\/a>. Wyzna\u0142a, \u017ce opr\u00f3cz wio\u015blarstwa niegdy\u015b pasjonowa\u0142a j\u0105 pi\u0142ka no\u017cna. &#8222;Od zawsze bardzo mnie to [kobieca pi\u0142ka no\u017cna &#8211; przyp. red.] pasjonowa\u0142o. Trenowa\u0142am w szkole podstawowej. Nie by\u0142o takich perspektyw, jak s\u0105 teraz. Nawet nie chodzi o dru\u017cyn\u0119, bo dru\u017cyny by\u0142y jako takie, byli ludzie z pasj\u0105, kt\u00f3rzy walczyli o t\u0119 pi\u0142k\u0119 kobiec\u0105. Ale nie by\u0142o takich postaci, na kt\u00f3re mo\u017cna by\u0142oby spojrze\u0107 i wiedzie\u0107, \u017ce jest do czego d\u0105\u017cy\u0107. To jest moim zdaniem bardzo wa\u017cne w \u017cyciu m\u0142odego sportowca czy sportsmenki&#8221; &#8211; podsumowywa\u0142a.<\/p>\n<p>Apoloniusz Tajner zaapelowa\u0142 do kibic\u00f3w. Chodzi o Aleksandra Zniszczo\u0142aPolsat Sport<\/p>\n<p><img decoding=\"async\" class=\"ids-image-holder__img\" loading=\"lazy\" alt=\"Dwie u\u015bmiechni\u0119te kobiety w dynamicznej pozie, jedna obejmuje drug\u0105 od ty\u0142u, obie wyra\u017caj\u0105 rado\u015b\u0107, w tle widoczne abstrakcyjne, jasne \u015bwiat\u0142a i geometryczne linie, atmosfera imprezowa lub rozrywkowa.\" title=\"Katarzyna Zillmann i Janja Lesar\" width=\"2000\" height=\"1483\" src=\"https:\/\/www.europesays.com\/pl\/wp-content\/uploads\/2025\/12\/000LZPE050LY2ETX-C322-F4.webp.webp\"\/><\/p>\n<p>Katarzyna Zillmann i Janja LesarWojciech OlkusnikEast News<\/p>\n<p><a class=\"ids-undecorated-link source ids-page-info--source__link\" href=\"https:\/\/www.interia.pl\" rel=\"nofollow noopener\" target=\"_blank\"><img decoding=\"async\" class=\"ids-image-holder__img\" loading=\"lazy\" alt=\"\" title=\"\" height=\"24px\" src=\"https:\/\/www.europesays.com\/pl\/wp-content\/uploads\/2025\/12\/1765301954_117_0009A60QQ5I2TYF7-C202-F4.webp.webp\"\/><\/a><\/p>\n<p>Masz sugestie, uwagi albo widzisz b\u0142\u0105d? Napisz do nas<\/p>\n","protected":false},"excerpt":{"rendered":"Katarzyna Zillmann\u00a0na chwil\u0119 przed fina\u0142em po\u017cegna\u0142a si\u0119 z programem &#8222;Dancing with the stars. Taniec z gwiazdami&#8221;, lecz to&hellip;\n","protected":false},"author":2,"featured_media":142548,"comment_status":"","ping_status":"","sticky":false,"template":"","format":"standard","meta":{"footnotes":""},"categories":[22],"tags":[122,42,38,40,39,41,123],"class_list":{"0":"post-142547","1":"post","2":"type-post","3":"status-publish","4":"format-standard","5":"has-post-thumbnail","7":"category-rozrywka","8":"tag-entertainment","9":"tag-pl","10":"tag-poland","11":"tag-polish","12":"tag-polska","13":"tag-polski","14":"tag-rozrywka"},"share_on_mastodon":{"url":"https:\/\/pubeurope.com\/@pl\/115694434220445799","error":""},"_links":{"self":[{"href":"https:\/\/www.europesays.com\/pl\/wp-json\/wp\/v2\/posts\/142547","targetHints":{"allow":["GET"]}}],"collection":[{"href":"https:\/\/www.europesays.com\/pl\/wp-json\/wp\/v2\/posts"}],"about":[{"href":"https:\/\/www.europesays.com\/pl\/wp-json\/wp\/v2\/types\/post"}],"author":[{"embeddable":true,"href":"https:\/\/www.europesays.com\/pl\/wp-json\/wp\/v2\/users\/2"}],"replies":[{"embeddable":true,"href":"https:\/\/www.europesays.com\/pl\/wp-json\/wp\/v2\/comments?post=142547"}],"version-history":[{"count":0,"href":"https:\/\/www.europesays.com\/pl\/wp-json\/wp\/v2\/posts\/142547\/revisions"}],"wp:featuredmedia":[{"embeddable":true,"href":"https:\/\/www.europesays.com\/pl\/wp-json\/wp\/v2\/media\/142548"}],"wp:attachment":[{"href":"https:\/\/www.europesays.com\/pl\/wp-json\/wp\/v2\/media?parent=142547"}],"wp:term":[{"taxonomy":"category","embeddable":true,"href":"https:\/\/www.europesays.com\/pl\/wp-json\/wp\/v2\/categories?post=142547"},{"taxonomy":"post_tag","embeddable":true,"href":"https:\/\/www.europesays.com\/pl\/wp-json\/wp\/v2\/tags?post=142547"}],"curies":[{"name":"wp","href":"https:\/\/api.w.org\/{rel}","templated":true}]}}