{"id":142553,"date":"2025-12-10T08:57:12","date_gmt":"2025-12-10T08:57:12","guid":{"rendered":"https:\/\/www.europesays.com\/pl\/142553\/"},"modified":"2025-12-10T08:57:12","modified_gmt":"2025-12-10T08:57:12","slug":"dlaczego-ue-wciaz-nie-siega-po-rosyjskie-aktywa-rozmowa","status":"publish","type":"post","link":"https:\/\/www.europesays.com\/pl\/142553\/","title":{"rendered":"Dlaczego UE wci\u0105\u017c nie si\u0119ga po rosyjskie aktywa? [ROZMOWA]"},"content":{"rendered":"<p>   <a href=\"https:\/\/defence24.pl\/strona-autora\/michal-gorski\" target=\"_self\" class=\"article-author__wrap\" rel=\"nofollow noopener\"><img loading=\"lazy\" decoding=\"async\" src=\"https:\/\/www.europesays.com\/pl\/wp-content\/uploads\/2025\/12\/ge4jmM8CNtrRQjsu4VAxBgw20CW2ZrOZExXw5EIH.2ban.webp.webp\" alt=\"\"  width=\"100\" height=\"100\" author=\"Robert Suchy\/Defence24\" caption=\"\" fullscreen=\"https:\/\/cdn.defence24.pl\/2025\/12\/03\/1920xpx\/ge4jmM8CNtrRQjsu4VAxBgw20CW2ZrOZExXw5EIH.gsgw.webp\" class=\"img article-author__avatar img-avatar\"\/><br \/>\n          Micha\u0142 G\u00f3rski<br \/>\n        <\/a><br \/>\n      9 grudnia 2025, 10:50<\/p>\n<p>\n      3 min.\n    <\/p>\n<p>Co w g\u0142\u00f3wnej mierze powstrzymuje Uni\u0119 Europejsk\u0105 przed wykorzystaniem zamro\u017conych rosyjskich aktyw\u00f3w pa\u0144stwowych? O tym w rozmowie Defence24.pl z dr. Adamem Eberhardtem (Studium Europy Wschodniej UW).<\/p>\n<p>  <img decoding=\"async\" src=\"https:\/\/www.europesays.com\/pl\/wp-content\/uploads\/2025\/12\/iWlNeFbHToe1q6tzMuErOPTq6h7zjgBSpfpGwSFJ.vlyb.webp.webp\" alt=\"\"  width=\"800\" height=\"450\" author=\"President of Ukraine\" fetchpriority=\"high\" class=\"img image-with-caption__image\"\/><br \/>\n        Autor. President of Ukraine<\/p>\n<p class=\"paragraph-module\">Micha\u0142 G\u00f3rski, Defence24: W poniedzia\u0142ek cz\u0119\u015b\u0107 kraj\u00f3w Unii Europejskiej (w tym Polska) wystosowa\u0142a pilny apel do Komisji Europejskiej oraz Rady Europejskiej w sprawie potrzeby wykorzystania zamro\u017conych rosyjskich aktyw\u00f3w na rzecz Ukrainy (po\u017cyczka reparacyjna). Czy rzeczywi\u015bcie jest to rzecz, kt\u00f3r\u0105 Europa powinna zrobi\u0107 jak najszybciej?<\/p>\n<p class=\"paragraph-module\">Dr Adam Eberhardt, UW: Od kilku miesi\u0119cy Stany Zjednoczone nie wsp\u00f3\u0142finansuj\u0105 ukrai\u0144skiego wysi\u0142ku obronnego. Koszty prowadzenia tej wojny spad\u0142y na pa\u0144stwa europejskie. To nie oznacza, \u017ce USA zupe\u0142nie wycofa\u0142y si\u0119 ze wsparcia Ukrainy. One przekazuj\u0105 informacje wywiadowcze, pociski do Patriot\u00f3w oraz inne uzbrojenie, kt\u00f3rego nie jest w stanie przekaza\u0107 Europa. To wszystko musi by\u0107 finansowane ze \u015brodk\u00f3w europejskich. Dlatego w ramach Unii Europejskiej poszukiwane s\u0105 mechanizmy zapewnienia dziesi\u0105tk\u00f3w miliard\u00f3w euro w perspektywie najbli\u017cszych miesi\u0119cy. Oczywistym sposobem pozyskania \u015brodk\u00f3w by\u0142oby przej\u0119cie 180 miliard\u00f3w euro rosyjskich aktyw\u00f3w, kt\u00f3re zosta\u0142y zamro\u017cone w 2022 roku w europejskich bankach. To kwota, kt\u00f3ra pozwoli\u0142aby na finansowanie ukrai\u0144skiej obrony w perspektywie dw\u00f3ch lat.<\/p>\n<p class=\"paragraph-module\">Poszukiwanie tych <a href=\"https:\/\/defence24.pl\/wojna-na-ukrainie-raport-specjalny-defence24\/kallas-niedlugo-pierwsza-transza-dla-ukrainy-z-zamrozonych-rosyjskich-aktywow\" rel=\"nofollow noopener\" target=\"_blank\">mechanizm\u00f3w<\/a> trwa ju\u017c d\u0142u\u017cszy czas\u2026<\/p>\n<p class=\"paragraph-module\">Dyskusja na temat przej\u0119cia tych aktyw\u00f3w toczy si\u0119 od wielu miesi\u0119cy. To trudna rozmowa, bior\u0105c pod uwag\u0119 pewne konsekwencje prawne dla wiarygodno\u015bci Europy jako rynku finansowego. Z tego wzgl\u0119du mamy do czynienia z wyra\u017an\u0105 niech\u0119ci\u0105 do podejmowania dzia\u0142a\u0144. Europejski Bank Centralny odm\u00f3wi\u0142 roli gwaranta po\u017cyczki, kt\u00f3ra mia\u0142aby by\u0107 zabezpieczona rosyjskimi aktywami zamro\u017conymi w Europie.<\/p>\n<p class=\"paragraph-module\">W dyskusji na temat zamro\u017conych rosyjskich aktyw\u00f3w szczeg\u00f3ln\u0105 rol\u0119 odgrywaj\u0105 ostatnio dwa kraje. Mowa o Belgii oraz Stanach Zjednoczonych.<\/p>\n<p class=\"paragraph-module\">Belgia podtrzymuje sprzeciw. Jej premier uwa\u017ca, \u017ce odmro\u017cenie aktyw\u00f3w i u\u017cycie ich na rzecz Ukrainy niesie za sob\u0105 pewne ryzyka polityczne i finansowe dla Belgii jako pa\u0144stwa gwaranta. Wi\u0119kszo\u015b\u0107 aktyw\u00f3w jest zdeponowana w Euroclear, a wi\u0119c w Brukseli, w Belgii.<\/p>\n<p class=\"paragraph-module\">R\u00f3wnie\u017c USA nie s\u0105 zbyt entuzjastyczne wobec finansowania ukrai\u0144skiego wysi\u0142ku obronnego przez pa\u0144stwa europejskie za pomoc\u0105 \u015brodk\u00f3w rosyjskich. My\u015bl\u0119, \u017ce to wi\u0105\u017ce si\u0119 z r\u00f3\u017cnymi ofertami, kt\u00f3re pojawi\u0142y si\u0119 przy okazji rozm\u00f3w Witkoffa i Kushnera w Moskwie, gdzie Rosjanie staraj\u0105 si\u0119 kusi\u0107 otoczenie prezydenta Trumpa porozumieniami biznesowymi, kt\u00f3re \u2013 jak s\u0105dz\u0119 \u2013 r\u00f3wnie\u017c maj\u0105 wykorzystywa\u0107 docelowo odmro\u017cone rosyjskie aktywa. Dzia\u0142ania rosyjskie postrzega\u0142bym jako pr\u00f3b\u0119 przeciwdzia\u0142ania scenariuszowi, kt\u00f3ry Rosja postrzega jako czarny i absolutnie nie do zaakceptowania.<\/p>\n<p class=\"paragraph-module\">Jakie mog\u0105 by\u0107 konkretne konsekwencje ewentualnego wykorzystania \u015brodk\u00f3w?<\/p>\n<p class=\"paragraph-module\">Po pierwsze, podwa\u017cana jest wiarygodno\u015b\u0107 UE jako jednego ze \u015bwiatowych lider\u00f3w w zakresie \u015bwiadczenia tego typu us\u0142ug. To mog\u0142oby spowodowa\u0107, \u017ce wielu potencjalnych klient\u00f3w zdecydowa\u0142oby si\u0119 oszcz\u0119dza\u0107 \u015brodki poza Europ\u0105, np. w pa\u0144stwach Zatoki Perskiej.<\/p>\n<p class=\"paragraph-module\">Druga sprawa to konsekwencje zwi\u0105zane z g\u0142\u0119bokim, wieloletnim konfliktem rosyjsko-unijnym. Przej\u0119cie rosyjskich rezerw walutowych przekre\u015bli\u0142oby perspektywy jakiegokolwiek resetu pomi\u0119dzy Uni\u0105 a Rosj\u0105 w perspektywie wielu lat. Wielu polityk\u00f3w w Europie Zachodniej wola\u0142oby tego unikn\u0105\u0107, licz\u0105c na to, \u017ce po zako\u0144czeniu aktywnej fazy wojny pojawi si\u0119 perspektywa normalizacji relacji Rosji i Zachodu.<\/p>\n<p class=\"paragraph-module\">Co w\u0142a\u015bciwie wydarzy si\u0119 w ostatnich dniach? UE zdecyduje si\u0119 na ten krok, czy ch\u0119\u0107 resetu b\u0119dzie silniejsza?<\/p>\n<p class=\"paragraph-module\">My\u015bl\u0119, \u017ce na tym etapie silniejszy od ch\u0119ci resetu jest strach przed konsekwencjami tak radykalnego dzia\u0142ania. My\u015bl\u0119, \u017ce b\u0119dziemy mieli do czynienia z r\u00f3\u017cnymi pomys\u0142ami kreatywnej ksi\u0119gowo\u015bci po stronie Unii, czyli z pr\u00f3bami emisji obligacji na wsparcie Ukrainy w taki spos\u00f3b, by wykorzysta\u0107 do tego rosyjskie aktywa, ale jednocze\u015bnie nie zrobi\u0107 tego ostentacyjnie i od\u0142o\u017cy\u0107 ostateczn\u0105 decyzj\u0119 o przej\u0119ciu aktyw\u00f3w na p\u00f3\u017aniejszy okres.<\/p>\n<p class=\"paragraph-module\">Na pocz\u0105tku grudnia W\u0142adimir Putin ostrzeg\u0142, \u017ce Rosja jest gotowa do wojny z wrog\u0105 jej Europ\u0105. W tym samym czasie trwa\u0142y zaawansowane rozmowy na temat przej\u0119cia 185 miliard\u00f3w euro zamro\u017conych rosyjskich rezerw. Czy obie rzeczy mo\u017cna ze sob\u0105 jako\u015b powi\u0105za\u0107?<\/p>\n<p class=\"paragraph-module\">Tak, potwierdza to, \u017ce Rosjanie pr\u00f3buj\u0105 wszelkimi \u015brodkami zniech\u0119ci\u0107 Europ\u0119, pokazuj\u0105c konsekwencje zwi\u0105zane ze wzrostem napi\u0119cia w relacjach Rosji i pa\u0144stw europejskich.<\/p>\n<p class=\"paragraph-module\">Dzi\u0119kuj\u0119 za rozmow\u0119.<\/p>\n","protected":false},"excerpt":{"rendered":"Micha\u0142 G\u00f3rski 9 grudnia 2025, 10:50 3 min. Co w g\u0142\u00f3wnej mierze powstrzymuje Uni\u0119 Europejsk\u0105 przed wykorzystaniem zamro\u017conych&hellip;\n","protected":false},"author":2,"featured_media":142554,"comment_status":"","ping_status":"","sticky":false,"template":"","format":"standard","meta":{"footnotes":""},"categories":[14],"tags":[27929,942,32,33,189,27,6233,34,35,28,31,25,40,41,29055,87,80,29,30,415,104,71,26,82,83,84],"class_list":{"0":"post-142553","1":"post","2":"type-post","3":"status-publish","4":"format-standard","5":"has-post-thumbnail","7":"category-swiat","8":"tag-aktywa","9":"tag-belgia","10":"tag-breaking-news","11":"tag-breakingnews","12":"tag-europa","13":"tag-headlines","14":"tag-komisja-europejska","15":"tag-latest-news","16":"tag-latestnews","17":"tag-naglowki","18":"tag-najwazniejsze-artykuly","19":"tag-news","20":"tag-polish","21":"tag-polski","22":"tag-rada-europejska","23":"tag-rosja","24":"tag-swiat","25":"tag-top-stories","26":"tag-topstories","27":"tag-ukraina","28":"tag-unia-europejska","29":"tag-usa","30":"tag-wiadomosci","31":"tag-world","32":"tag-world-news","33":"tag-worldnews"},"share_on_mastodon":{"url":"https:\/\/pubeurope.com\/@pl\/115694446442562599","error":""},"_links":{"self":[{"href":"https:\/\/www.europesays.com\/pl\/wp-json\/wp\/v2\/posts\/142553","targetHints":{"allow":["GET"]}}],"collection":[{"href":"https:\/\/www.europesays.com\/pl\/wp-json\/wp\/v2\/posts"}],"about":[{"href":"https:\/\/www.europesays.com\/pl\/wp-json\/wp\/v2\/types\/post"}],"author":[{"embeddable":true,"href":"https:\/\/www.europesays.com\/pl\/wp-json\/wp\/v2\/users\/2"}],"replies":[{"embeddable":true,"href":"https:\/\/www.europesays.com\/pl\/wp-json\/wp\/v2\/comments?post=142553"}],"version-history":[{"count":0,"href":"https:\/\/www.europesays.com\/pl\/wp-json\/wp\/v2\/posts\/142553\/revisions"}],"wp:featuredmedia":[{"embeddable":true,"href":"https:\/\/www.europesays.com\/pl\/wp-json\/wp\/v2\/media\/142554"}],"wp:attachment":[{"href":"https:\/\/www.europesays.com\/pl\/wp-json\/wp\/v2\/media?parent=142553"}],"wp:term":[{"taxonomy":"category","embeddable":true,"href":"https:\/\/www.europesays.com\/pl\/wp-json\/wp\/v2\/categories?post=142553"},{"taxonomy":"post_tag","embeddable":true,"href":"https:\/\/www.europesays.com\/pl\/wp-json\/wp\/v2\/tags?post=142553"}],"curies":[{"name":"wp","href":"https:\/\/api.w.org\/{rel}","templated":true}]}}