{"id":142561,"date":"2025-12-10T09:01:09","date_gmt":"2025-12-10T09:01:09","guid":{"rendered":"https:\/\/www.europesays.com\/pl\/142561\/"},"modified":"2025-12-10T09:01:09","modified_gmt":"2025-12-10T09:01:09","slug":"katarzyna-zillmann-wprost-co-ja-kreci-w-janji-lesar-slowa-poszly-w-swiat-przeglad-sportowy-onet","status":"publish","type":"post","link":"https:\/\/www.europesays.com\/pl\/142561\/","title":{"rendered":"Katarzyna Zillmann wprost, co j\u0105 kr\u0119ci w Janji Lesar. S\u0142owa posz\u0142y w \u015bwiat &#8211; Przegl\u0105d Sportowy Onet"},"content":{"rendered":"<ol>\n<li><a href=\"https:\/\/news.google.com\/rss\/articles\/CBMivAFBVV95cUxON3FqNDNQRUlVZ2xjdmM4Tm1hOFJjRE5MbEVlQVNzdmthTTlTbjF4V2cyV0piNlVjWVhUZm9BVVFmVENPbFFDellyVGg1bWRpUEdCWWd6c2o2VDlCQ2VGVHVZNGs0dWl0M1FMcUotQ3dXSWRTSFBlNnFncjAzS2JWeWtodXVzV1BzclZYWm5aWG5JRzBCUE1SZmlZYTBMS3JRRnhwcFpfcnNPMDltNDNsQV83UkRVS2hXNnZBeQ?oc=5\" target=\"_blank\" rel=\"nofollow noopener\">Katarzyna Zillmann wprost, co j\u0105 kr\u0119ci w Janji Lesar. S\u0142owa posz\u0142y w \u015bwiat<\/a>&nbsp;&nbsp;Przegl\u0105d Sportowy Onet<\/li>\n<li><a href=\"https:\/\/news.google.com\/rss\/articles\/CBMi8AFBVV95cUxOZndXNWlBZ3V3bWFDMldMR25qVENiX3dMSjBsTmpkUDdtQVNoVGxoOWNzLWhWand4TXZnZ2hNR3o4U1J6MWxfYUgtQVpPU3lJZ2JYcnRBa1hQREdyWThRbExvcldrV0Q5VGc0RmN6UWYxN2N6YnhwSnduNHJveHhQSDhRRmI0N0p5QVdBUnVhZmthZW9EZlpHcFVyS2k3dDZLYkM2dVdENjNCWE5jbXpwcm8zdUMzT3RhWFZmVFZ2NFB1VGNOaHZXRUlBRWhROHgxaEJLUWIwQTJsSVY4REphaVJETUxmem9qd0EwWTh3cXI?oc=5\" target=\"_blank\" rel=\"nofollow noopener\">Marianna Schreiber OSTRO o &#8222;TzG&#8221;. Ma wiele do zarzucenia Zillmann<\/a>&nbsp;&nbsp;Jastrz\u0105b Post<\/li>\n<li><a href=\"https:\/\/news.google.com\/rss\/articles\/CBMiugFBVV95cUxNZ21hdXRYZnBPbUZQdmZBWWZ5bllGVGV1WnRjV1ZQQ1dPcVJjbnJCUnpOTEgwYWpVZjVOcjhjMEpNclBGdWk3TEpxbl9jRVp1WFJfN0tFQ3BOdzZHU3dvOWl1eWxzRzAzXzkzMWFqZmN0a2ZCXzFBNzd6dVRicllkLVJCcnVFYy1TbkM1U3VnS1EyMUlzXzlRVDVXaEd0NHNaazhUV0ltMFFaeXB3cWdjVDV4cVJoUXVSeEE?oc=5\" target=\"_blank\" rel=\"nofollow noopener\">Zillmann w ko\u0144cu publicznie wyzna\u0142a to Lesar. Wielkie s\u0142owa na oczach ludzi<\/a>&nbsp;&nbsp;Sport w INTERIA.PL<\/li>\n<li><a href=\"https:\/\/news.google.com\/rss\/articles\/CBMi9wFBVV95cUxOcURZWkE4MlBjZFNsb2xMZ3c0WEFueGRDUDZoVVZieWwzOWJ5RHM2TU1sd0NBX1ptMmFPZ3MyeUdtUi1seEt0akc0dGNfRnJtZXUtTGtHNkItNHp2NllSRkdxS2JoY2RtbzlDMmpoYmZRYkdIX19SWVNLSkVKVGh2VFJzME5kQWpLZEZSOWhWWFBWSFJ5M0JYNjZCcklfSTRmbXZlcHd1REZQLUVGd1hvaG5DRV93QWJkMEE5dVZXRlFRYmFaMUJsTEh4Sm43eGY2bDhIZWx6S1RQZVFuSlp5cnlGa1dIYldSdnNoZmRMVnJKcEZPLUdN?oc=5\" target=\"_blank\" rel=\"nofollow noopener\">Viki Gabor przygotowa\u0142a co\u015b wyj\u0105tkowego dla Marianny K\u0142os przed Eurowizj\u0105 Junior. Spotkanie pe\u0142ne emocji i niespodzianek! Link w komentarzu<\/a>&nbsp;&nbsp;facebook.com<\/li>\n<\/ol>\n","protected":false},"excerpt":{"rendered":"Katarzyna Zillmann wprost, co j\u0105 kr\u0119ci w Janji Lesar. S\u0142owa posz\u0142y w \u015bwiat&nbsp;&nbsp;Przegl\u0105d Sportowy Onet Marianna Schreiber OSTRO&hellip;\n","protected":false},"author":2,"featured_media":142562,"comment_status":"","ping_status":"","sticky":false,"template":"","format":"standard","meta":{"footnotes":""},"categories":[22],"tags":[122,67,3765,3561,11241,129,42,38,40,39,41,136,128,123,47,12898,130],"class_list":{"0":"post-142561","1":"post","2":"type-post","3":"status-publish","4":"format-standard","5":"has-post-thumbnail","7":"category-rozrywka","8":"tag-entertainment","9":"tag-intextvideo_splayer","10":"tag-janja_lesar","11":"tag-katarzyna_zillmann","12":"tag-kultura_lifestyle_","13":"tag-ofsajd","14":"tag-pl","15":"tag-poland","16":"tag-polish","17":"tag-polska","18":"tag-polski","19":"tag-ps_detal_new","20":"tag-psv2","21":"tag-rozrywka","22":"tag-screening_general","23":"tag-taniec","24":"tag-wiadomosci_sportowe"},"share_on_mastodon":{"url":"https:\/\/pubeurope.com\/@pl\/115694461684891700","error":""},"_links":{"self":[{"href":"https:\/\/www.europesays.com\/pl\/wp-json\/wp\/v2\/posts\/142561","targetHints":{"allow":["GET"]}}],"collection":[{"href":"https:\/\/www.europesays.com\/pl\/wp-json\/wp\/v2\/posts"}],"about":[{"href":"https:\/\/www.europesays.com\/pl\/wp-json\/wp\/v2\/types\/post"}],"author":[{"embeddable":true,"href":"https:\/\/www.europesays.com\/pl\/wp-json\/wp\/v2\/users\/2"}],"replies":[{"embeddable":true,"href":"https:\/\/www.europesays.com\/pl\/wp-json\/wp\/v2\/comments?post=142561"}],"version-history":[{"count":0,"href":"https:\/\/www.europesays.com\/pl\/wp-json\/wp\/v2\/posts\/142561\/revisions"}],"wp:featuredmedia":[{"embeddable":true,"href":"https:\/\/www.europesays.com\/pl\/wp-json\/wp\/v2\/media\/142562"}],"wp:attachment":[{"href":"https:\/\/www.europesays.com\/pl\/wp-json\/wp\/v2\/media?parent=142561"}],"wp:term":[{"taxonomy":"category","embeddable":true,"href":"https:\/\/www.europesays.com\/pl\/wp-json\/wp\/v2\/categories?post=142561"},{"taxonomy":"post_tag","embeddable":true,"href":"https:\/\/www.europesays.com\/pl\/wp-json\/wp\/v2\/tags?post=142561"}],"curies":[{"name":"wp","href":"https:\/\/api.w.org\/{rel}","templated":true}]}}