{"id":142567,"date":"2025-12-10T09:04:10","date_gmt":"2025-12-10T09:04:10","guid":{"rendered":"https:\/\/www.europesays.com\/pl\/142567\/"},"modified":"2025-12-10T09:04:10","modified_gmt":"2025-12-10T09:04:10","slug":"walka-o-pokrowsk-trwa-rosjanie-klamia","status":"publish","type":"post","link":"https:\/\/www.europesays.com\/pl\/142567\/","title":{"rendered":"walka o Pokrowsk trwa, Rosjanie k\u0142ami\u0105"},"content":{"rendered":"<p class=\"ods-c-paragraph \">Syrski przekaza\u0142, \u017ce w przysz\u0142o\u015bci planowane jest zwi\u0119kszenie liczebno\u015bci ukrai\u0144skich wojsk w mie\u015bcie. Jednocze\u015bnie podkre\u015bli\u0142, \u017ce <a href=\"https:\/\/wiadomosci.onet.pl\/pokrowsk\" id=\"6d43cf89-9fd6-4536-a9aa-c90f992fa0e1\" rel=\"nofollow noopener\" target=\"_blank\">Pokrowsk <\/a>wraz z s\u0105siednim Myrnohradem nie s\u0105 otoczone przez wojska rosyjskie, ale logistyka jest tam utrudniona.<\/p>\n<p class=\"ods-c-paragraph \">Syrski potwierdzi\u0142 te\u017c wycofanie ukrai\u0144skich wojsk z okolic wsi Suchyj Jar, \u0141ysiwka i Nowopawliwka na po\u0142udniowy wsch\u00f3d od Pokrowska. \u2014 Dalsze utrzymywanie ich tam by\u0142o nieuzasadnione \u2014 cytuje g\u0142\u00f3wnego dow\u00f3dc\u0119 ukrai\u0144skiej armii agencja Interfax-Ukraina.<\/p>\n<p>Dalszy ci\u0105g artyku\u0142u pod materia\u0142em wideo<\/p>\n<p> Ile kilometr\u00f3w kwadratowych Pokrowska odzyska\u0142y ukrai\u0144skie wojska? <\/p>\n<p> Jakie plany maj\u0105 ukrai\u0144skie wojska w Pokrowsku? <\/p>\n<p> Czy Myrnohrad jest otoczony przez wojska rosyjskie? <\/p>\n<p> Jak\u0105 liczb\u0119 \u017co\u0142nierzy licz\u0105 obecnie rosyjskie si\u0142y na kierunku pokrowskim? <\/p>\n<p class=\"ods-c-paragraph \">Wed\u0142ug Syrskiego Rosjanie zwi\u0119kszaj\u0105 liczebno\u015b\u0107 swych si\u0142 na kierunku pokrowskim, obecnie licz\u0105 one ju\u017c ponad 155 tysi\u0119cy. \u2014 W\u0142a\u015bnie na ten kierunek przypada 40\u201350 proc. wszystkich KAB (kierowanych bomb lotniczych \u2014 PAP), kt\u00f3rych Rosja stosuje na froncie \u2014 o\u015bwiadczy\u0142 ukrai\u0144ski genera\u0142.<\/p>\n<p class=\"ods-c-paragraph \">Syrski podkre\u015bli\u0142, \u017ce skala rosyjskich k\u0142amstw znacznie przewy\u017csza rzeczywiste tempo post\u0119p\u00f3w rosyjskich wojsk. \u2014 Wr\u00f3g wykorzystuje dezinformacj\u0119 i swoje fa\u0142szywe mapy w hybrydowej wojnie przeciwko Ukrainie, wp\u0142ywaj\u0105c zar\u00f3wno na zagraniczn\u0105 opini\u0119 publiczn\u0105, jak i na nasze spo\u0142ecze\u0144stwo oraz nasz\u0105 armi\u0119 \u2014 doda\u0142.<\/p>\n<p class=\"ods-c-paragraph \">Obecnie na odcinku pokrowskim tocz\u0105 si\u0119 najbardziej intensywne walki.<\/p>\n","protected":false},"excerpt":{"rendered":"Syrski przekaza\u0142, \u017ce w przysz\u0142o\u015bci planowane jest zwi\u0119kszenie liczebno\u015bci ukrai\u0144skich wojsk w mie\u015bcie. Jednocze\u015bnie podkre\u015bli\u0142, \u017ce Pokrowsk wraz&hellip;\n","protected":false},"author":2,"featured_media":142568,"comment_status":"","ping_status":"","sticky":false,"template":"","format":"standard","meta":{"footnotes":""},"categories":[14],"tags":[32,33,2568,27,76,34,35,28,31,48,25,2381,46,911,40,41,87,47,80,29,30,415,26,82,83,84],"class_list":{"0":"post-142567","1":"post","2":"type-post","3":"status-publish","4":"format-standard","5":"has-post-thumbnail","7":"category-swiat","8":"tag-breaking-news","9":"tag-breakingnews","10":"tag-donbas","11":"tag-headlines","12":"tag-inwazja_rosji_na_ukraine","13":"tag-latest-news","14":"tag-latestnews","15":"tag-naglowki","16":"tag-najwazniejsze-artykuly","17":"tag-nat_styl","18":"tag-news","19":"tag-oleksandr_syrski","20":"tag-omp","21":"tag-pokrowsk","22":"tag-polish","23":"tag-polski","24":"tag-rosja","25":"tag-screening_general","26":"tag-swiat","27":"tag-top-stories","28":"tag-topstories","29":"tag-ukraina","30":"tag-wiadomosci","31":"tag-world","32":"tag-world-news","33":"tag-worldnews"},"share_on_mastodon":{"url":"https:\/\/pubeurope.com\/@pl\/115694473540352848","error":""},"_links":{"self":[{"href":"https:\/\/www.europesays.com\/pl\/wp-json\/wp\/v2\/posts\/142567","targetHints":{"allow":["GET"]}}],"collection":[{"href":"https:\/\/www.europesays.com\/pl\/wp-json\/wp\/v2\/posts"}],"about":[{"href":"https:\/\/www.europesays.com\/pl\/wp-json\/wp\/v2\/types\/post"}],"author":[{"embeddable":true,"href":"https:\/\/www.europesays.com\/pl\/wp-json\/wp\/v2\/users\/2"}],"replies":[{"embeddable":true,"href":"https:\/\/www.europesays.com\/pl\/wp-json\/wp\/v2\/comments?post=142567"}],"version-history":[{"count":0,"href":"https:\/\/www.europesays.com\/pl\/wp-json\/wp\/v2\/posts\/142567\/revisions"}],"wp:featuredmedia":[{"embeddable":true,"href":"https:\/\/www.europesays.com\/pl\/wp-json\/wp\/v2\/media\/142568"}],"wp:attachment":[{"href":"https:\/\/www.europesays.com\/pl\/wp-json\/wp\/v2\/media?parent=142567"}],"wp:term":[{"taxonomy":"category","embeddable":true,"href":"https:\/\/www.europesays.com\/pl\/wp-json\/wp\/v2\/categories?post=142567"},{"taxonomy":"post_tag","embeddable":true,"href":"https:\/\/www.europesays.com\/pl\/wp-json\/wp\/v2\/tags?post=142567"}],"curies":[{"name":"wp","href":"https:\/\/api.w.org\/{rel}","templated":true}]}}