{"id":142586,"date":"2025-12-10T09:15:10","date_gmt":"2025-12-10T09:15:10","guid":{"rendered":"https:\/\/www.europesays.com\/pl\/142586\/"},"modified":"2025-12-10T09:15:10","modified_gmt":"2025-12-10T09:15:10","slug":"mysleli-ze-jest-alkoholikiem-prawda-o-stanie-grechuty-byla-jednak-inna","status":"publish","type":"post","link":"https:\/\/www.europesays.com\/pl\/142586\/","title":{"rendered":"My\u015bleli ,\u017ce jest alkoholikiem. Prawda o stanie Grechuty by\u0142a jednak inna"},"content":{"rendered":"<p><a href=\"https:\/\/kobieta.wp.pl\/marek-grechuta-i-jego-kobiety-5984787218313857g\" rel=\"noopener noreferrer nofollow\" target=\"_blank\">Marek Grechuta<\/a> pozostaje jedn\u0105 z\u00a0najwa\u017cniejszych postaci polskiej sceny muzycznej. By\u0142 tw\u00f3rc\u0105 niezwyk\u0142ym \u2013\u00a0\u015bpiewa\u0142, komponowa\u0142, malowa\u0142, pisa\u0142 teksty. Zawsze emanowa\u0142 wra\u017cliwo\u015bci\u0105 i\u00a0delikatno\u015bci\u0105, czego jego publiczno\u015b\u0107 nie potrafi\u0142a po\u0142\u0105czy\u0107 z\u00a0problemami, kt\u00f3re skrywa\u0142. Dopiero po \u015bmierci artysty ujawniono, \u017ce latami zmaga\u0142 si\u0119 z\u00a0chorob\u0105 afektywn\u0105 dwubiegunow\u0105.<\/p>\n<p>Stabilizacj\u0119 znalaz\u0142 u\u00a0boku \u017cony Danuty, kt\u00f3ra\u00a0cz\u0119sto musia\u0142a &#8222;trzyma\u0107 go przy ziemi&#8221;, gdy emocje i\u00a0tw\u00f3rcze uniesienia bra\u0142y g\u00f3r\u0119. Wkr\u00f3tce na \u015bwiat przyszed\u0142 ich syn \u0141ukasz, a\u00a0Grechuta dzieli\u0142 \u017cycie mi\u0119dzy rodzin\u0119 a\u00a0sztuk\u0119. Koncertowa\u0142, malowa\u0142, wyst\u0119powa\u0142, pisa\u0142 muzyk\u0119, jednak presja i\u00a0oczekiwania publiczno\u015bci zacz\u0119\u0142y by\u0107 dla niego coraz trudniejsze. Mimo narastaj\u0105cej choroby artysta nadal tworzy\u0142. Dopiero po latach jego \u017cona przyzna\u0142a, \u017ce Grechuta przez wi\u0119kszo\u015b\u0107 \u017cycia leczy\u0142 si\u0119 psychiatrycznie i\u00a0to w\u0142a\u015bnie walka z\u00a0chorob\u0105 by\u0142a dla niego najtrudniejszym, skrytym przed problemem.<\/p>\n<p>Najwi\u0119kszy cios spad\u0142 na artyst\u0119 w\u00a0lutym 1999 roku. Ich syn \u0141ukasz wyszed\u0142 z\u00a0domu pod pretekstem spotkania i\u00a0przepad\u0142 bez wie\u015bci. Przez kilkana\u015bcie dni rodzina nie mia\u0142a \u017cadnych informacji o\u00a0jego losie. Odnalaz\u0142 go przypadkiem policjant w\u00a0Jeleniej G\u00f3rze, ale nied\u0142ugo p\u00f3\u017aniej \u0141ukasz ponownie znikn\u0105\u0142 \u2013\u00a0tym razem na wiele miesi\u0119cy. \u2013\u00a0M\u00f3wi\u0142, \u017ce postanowi\u0142 \u017cy\u0107 w\u00a0ub\u00f3stwie. (&#8230;) Tu\u017c przed znikni\u0119ciem wiele spraw mu si\u0119 nie uk\u0142ada\u0142o. Mia\u0142 k\u0142opoty z\u00a0dziewczyn\u0105 i\u00a0z\u00a0prac\u0105. Powtarza\u0142, \u017ce chce si\u0119 zastanowi\u0107 nad w\u0142asnym \u017cyciem, \u017ce musi sobie pewne sprawy przemy\u015ble\u0107. \u2013\u00a0t\u0142umaczy\u0142 Marek Grechuta mediom w\u00a01999 roku. <\/p>\n<p>Zrozpaczeni rodzice apelowali o\u00a0pomoc w\u00a0prasie, telewizji i\u00a0programie &#8222;Ktokolwiek widzia\u0142, ktokolwiek wie\u2026&#8221;. Podczas emisji programu zadzwoni\u0142 telefon \u2013\u00a0w\u00a0s\u0142uchawce pad\u0142y s\u0142owa: &#8222;Mamo, ja wracam do domu&#8221;. Mimo obietnicy \u0141ukasz d\u0142ugo si\u0119 nie pojawia\u0142. Dopiero w\u00a02001 roku nadszed\u0142 sygna\u0142, \u017ce \u017cyje. Odnalaz\u0142 si\u0119 we W\u0142oszech, dok\u0105d dotar\u0142 pieszo w\u00a0ramach duchowej w\u0119dr\u00f3wki.<\/p>\n<p>Dla Grechuty ta sytuacja by\u0142a jednak traum\u0105, z\u00a0kt\u00f3rej nigdy w\u00a0pe\u0142ni si\u0119 nie otrz\u0105sn\u0105\u0142.<\/p>\n<p>Po powrocie syna stan Grechuty stale si\u0119 pogarsza\u0142. Choroba afektywna dwubiegunowa przeplata\u0142a si\u0119 z\u00a0narastaj\u0105cymi problemami neurologicznymi i\u00a0os\u0142abieniem mi\u0119\u015bni. <\/p>\n<p>Jednak pomimo trudno\u015bci, arty\u015bcie uda\u0142o si\u0119 jeszcze nagra\u0107 jeszcze p\u0142yt\u0119 &#8222;Niezwyk\u0142e miejsca&#8221; oraz utw\u00f3r z\u00a0zespo\u0142em Myslovitz. Marek Grechuta zmar\u0142 niespodziewanie 9\u00a0pa\u017adziernika 2006 roku.<\/p>\n<p>\ufeffZapraszamy na grup\u0119 na Facebooku &#8211;\u00a0<a href=\"https:\/\/www.facebook.com\/groups\/540919303734252\" rel=\"noopener noreferrer nofollow\" target=\"_blank\">#Samodba\u0142o\u015b\u0107<\/a>. To tu b\u0119dziemy informowa\u0107 na bie\u017c\u0105co o\u00a0wywiadach, nowych historiach. Do\u0142\u0105czcie do nas i\u00a0zapro\u015bcie wszystkie znajome. Czekamy na was!<\/p>\n","protected":false},"excerpt":{"rendered":"Marek Grechuta pozostaje jedn\u0105 z\u00a0najwa\u017cniejszych postaci polskiej sceny muzycznej. By\u0142 tw\u00f3rc\u0105 niezwyk\u0142ym \u2013\u00a0\u015bpiewa\u0142, komponowa\u0142, malowa\u0142, pisa\u0142 teksty. Zawsze&hellip;\n","protected":false},"author":2,"featured_media":142587,"comment_status":"","ping_status":"","sticky":false,"template":"","format":"standard","meta":{"footnotes":""},"categories":[22],"tags":[122,42,38,40,39,41,123],"class_list":{"0":"post-142586","1":"post","2":"type-post","3":"status-publish","4":"format-standard","5":"has-post-thumbnail","7":"category-rozrywka","8":"tag-entertainment","9":"tag-pl","10":"tag-poland","11":"tag-polish","12":"tag-polska","13":"tag-polski","14":"tag-rozrywka"},"share_on_mastodon":{"url":"https:\/\/pubeurope.com\/@pl\/115694516489658376","error":""},"_links":{"self":[{"href":"https:\/\/www.europesays.com\/pl\/wp-json\/wp\/v2\/posts\/142586","targetHints":{"allow":["GET"]}}],"collection":[{"href":"https:\/\/www.europesays.com\/pl\/wp-json\/wp\/v2\/posts"}],"about":[{"href":"https:\/\/www.europesays.com\/pl\/wp-json\/wp\/v2\/types\/post"}],"author":[{"embeddable":true,"href":"https:\/\/www.europesays.com\/pl\/wp-json\/wp\/v2\/users\/2"}],"replies":[{"embeddable":true,"href":"https:\/\/www.europesays.com\/pl\/wp-json\/wp\/v2\/comments?post=142586"}],"version-history":[{"count":0,"href":"https:\/\/www.europesays.com\/pl\/wp-json\/wp\/v2\/posts\/142586\/revisions"}],"wp:featuredmedia":[{"embeddable":true,"href":"https:\/\/www.europesays.com\/pl\/wp-json\/wp\/v2\/media\/142587"}],"wp:attachment":[{"href":"https:\/\/www.europesays.com\/pl\/wp-json\/wp\/v2\/media?parent=142586"}],"wp:term":[{"taxonomy":"category","embeddable":true,"href":"https:\/\/www.europesays.com\/pl\/wp-json\/wp\/v2\/categories?post=142586"},{"taxonomy":"post_tag","embeddable":true,"href":"https:\/\/www.europesays.com\/pl\/wp-json\/wp\/v2\/tags?post=142586"}],"curies":[{"name":"wp","href":"https:\/\/api.w.org\/{rel}","templated":true}]}}