{"id":142588,"date":"2025-12-10T09:17:08","date_gmt":"2025-12-10T09:17:08","guid":{"rendered":"https:\/\/www.europesays.com\/pl\/142588\/"},"modified":"2025-12-10T09:17:08","modified_gmt":"2025-12-10T09:17:08","slug":"chetnych-do-pracy-brakuje-a-placa-nawet-12-tys-zl-przyjma-praktycznie-od-zaraz","status":"publish","type":"post","link":"https:\/\/www.europesays.com\/pl\/142588\/","title":{"rendered":"Ch\u0119tnych do pracy brakuje, a p\u0142ac\u0105 nawet 12 tys. z\u0142. Przyjm\u0105 praktycznie od zaraz"},"content":{"rendered":"<p>Najnowsze dane z\u00a0&#8222;Barometru Zawod\u00f3w&#8221;, badania na zlecenie resortu rodziny, pracy i\u00a0polityki spo\u0142ecznej, pokazuj\u0105, \u017ce sektor budowlany jest jednym z\u00a0najbardziej podatnych na brak pracownik\u00f3w. 23 ze 168 analizowanych profesji uchodzi za deficytowe, a\u00a0w\u015br\u00f3d nich s\u0105 te z\u00a0bran\u017cy budowlanej: dekarze i\u00a0blacharze budowlani, monterzy instalacji budowlanych, murarze i\u00a0tynkarze, operatorzy i\u00a0mechanicy sprz\u0119tu do rob\u00f3t ziemnych, robotnicy budowlani). <\/p>\n<p>Z drugiej strony s\u0105 to profesje, w\u00a0kt\u00f3rych zarobki bywaj\u0105 ca\u0142kiem atrakcyjne. Adam Miros\u0142awic, wsp\u00f3\u0142w\u0142a\u015bciciel firmy Bud &#8211;\u00a0MiR Wola, potwierdzi\u0142 serwisowi strefabiznesu.pl, \u017ce p\u0142aci glazurnikom w\u00a0ramach umowy zlecenie 12 tys. z\u0142 brutto miesi\u0119cznie.<\/p>\n<p>Mowa o\u00a0sektorze, kt\u00f3ry jest jedn\u0105 z\u00a0najbardziej zad\u0142u\u017conych ga\u0142\u0119zi gospodarki. Na koniec sierpnia 2025 r. zad\u0142u\u017cenie wynosi\u0142o ponad 5,8 mld z\u0142, a\u00a0problemy finansowe dotykaj\u0105 g\u0142\u00f3wnie mniejszych przedsi\u0119biorstw. &#8222;Firmy projektowe nie otrzymuj\u0105 wynagrodzenia w\u00a0cyklach miesi\u0119cznych, ale po zako\u0144czeniu okre\u015blonych etap\u00f3w prac, co generuje dodatkowe trudno\u015bci&#8221; &#8211;\u00a0potwierdzi\u0142a Anna Oleksiewicz, prezes Zwi\u0105zku Og\u00f3lnopolskiego Projektant\u00f3w i\u00a0In\u017cynier\u00f3w.<\/p>\n<p>Z danych GUS wynika, \u017ce \u015brednie wynagrodzenie w\u00a0budowlance wynosi ok. 8264 z\u0142 brutto, niemniej w\u015br\u00f3d pracownik\u00f3w fizycznych cz\u0119sto zaczyna si\u0119 od pensji minimalnej. R\u00f3\u017cnice w\u00a0zarobkach s\u0105 widoczne regionalnie \u2013\u00a0na przyk\u0142ad dekarz na \u015al\u0105sku mo\u017ce zarobi\u0107 do 9500 z\u0142 brutto, wymagana jest jednak odpowiednia liczba lat do\u015bwiadczenia i\u00a0dodatkowe umiej\u0119tno\u015bci.<\/p>\n<p>\u0179r\u00f3d\u0142o: strefabiznesu.pl<\/p>\n","protected":false},"excerpt":{"rendered":"Najnowsze dane z\u00a0&#8222;Barometru Zawod\u00f3w&#8221;, badania na zlecenie resortu rodziny, pracy i\u00a0polityki spo\u0142ecznej, pokazuj\u0105, \u017ce sektor budowlany jest jednym&hellip;\n","protected":false},"author":2,"featured_media":142589,"comment_status":"","ping_status":"","sticky":false,"template":"","format":"standard","meta":{"footnotes":""},"categories":[16],"tags":[113,112,42,38,40,39,41],"class_list":{"0":"post-142588","1":"post","2":"type-post","3":"status-publish","4":"format-standard","5":"has-post-thumbnail","7":"category-biznes","8":"tag-biznes","9":"tag-business","10":"tag-pl","11":"tag-poland","12":"tag-polish","13":"tag-polska","14":"tag-polski"},"share_on_mastodon":{"url":"https:\/\/pubeurope.com\/@pl\/115694524480829426","error":""},"_links":{"self":[{"href":"https:\/\/www.europesays.com\/pl\/wp-json\/wp\/v2\/posts\/142588","targetHints":{"allow":["GET"]}}],"collection":[{"href":"https:\/\/www.europesays.com\/pl\/wp-json\/wp\/v2\/posts"}],"about":[{"href":"https:\/\/www.europesays.com\/pl\/wp-json\/wp\/v2\/types\/post"}],"author":[{"embeddable":true,"href":"https:\/\/www.europesays.com\/pl\/wp-json\/wp\/v2\/users\/2"}],"replies":[{"embeddable":true,"href":"https:\/\/www.europesays.com\/pl\/wp-json\/wp\/v2\/comments?post=142588"}],"version-history":[{"count":0,"href":"https:\/\/www.europesays.com\/pl\/wp-json\/wp\/v2\/posts\/142588\/revisions"}],"wp:featuredmedia":[{"embeddable":true,"href":"https:\/\/www.europesays.com\/pl\/wp-json\/wp\/v2\/media\/142589"}],"wp:attachment":[{"href":"https:\/\/www.europesays.com\/pl\/wp-json\/wp\/v2\/media?parent=142588"}],"wp:term":[{"taxonomy":"category","embeddable":true,"href":"https:\/\/www.europesays.com\/pl\/wp-json\/wp\/v2\/categories?post=142588"},{"taxonomy":"post_tag","embeddable":true,"href":"https:\/\/www.europesays.com\/pl\/wp-json\/wp\/v2\/tags?post=142588"}],"curies":[{"name":"wp","href":"https:\/\/api.w.org\/{rel}","templated":true}]}}