{"id":142611,"date":"2025-12-10T09:29:17","date_gmt":"2025-12-10T09:29:17","guid":{"rendered":"https:\/\/www.europesays.com\/pl\/142611\/"},"modified":"2025-12-10T09:29:17","modified_gmt":"2025-12-10T09:29:17","slug":"krzysztof-ibisz-zaszokowal-wyznaniem-od-25-lat-nie-pije-alkoholu","status":"publish","type":"post","link":"https:\/\/www.europesays.com\/pl\/142611\/","title":{"rendered":"Krzysztof Ibisz zaszokowa\u0142 wyznaniem. Od 25 lat nie pije alkoholu"},"content":{"rendered":"<p class=\"Paragraph_desktopParagraph__U31Gm\"><a href=\"https:\/\/plejada.pl\/temat\/krzysztof-ibisz\/6nxg64n\" id=\"96de2b55-a87e-439e-9cc4-3b54602b59ea\" rel=\"nofollow noopener\" target=\"_blank\">Krzysztof Ibisz<\/a> to jeden z najbardziej rozpoznawalnych polskich prezenter\u00f3w telewizyjnych, zwi\u0105zany ze \u015bwiatem medi\u00f3w od ponad trzech dekad. Zanim jednak trafi\u0142 przed kamer\u0119, dzia\u0142a\u0142 w polityce \u2014 by\u0142 pos\u0142em Polskiej Partii Przyjaci\u00f3\u0142 Piwa, a p\u00f3\u017aniej zasiada\u0142 w innych ko\u0142ach poselskich. Po kilku latach porzuci\u0142 polityk\u0119 i zdecydowa\u0142 si\u0119 rozpocz\u0105\u0107 karier\u0119 w telewizji. W latach 90. wsp\u00f3\u0142pracowa\u0142 najpierw z Telewizj\u0105 Polsk\u0105, p\u00f3\u017aniej z TVN, a od 2000 roku jest jednym z czo\u0142owych prowadz\u0105cych Polsatu. Zyska\u0142 popularno\u015b\u0107 dzi\u0119ki takim programom jak &#8222;Awantura o kas\u0119&#8221;, &#8222;Bar&#8221;, &#8222;Taniec z gwiazdami&#8221; czy &#8222;Jak oni \u015bpiewaj\u0105&#8221;.<\/p>\n<p class=\"Paragraph_desktopParagraph__U31Gm\">Polecamy: <a href=\"https:\/\/plejada.pl\/newsy\/krzysztof-ibisz-wprost-o-karierze-i-ojcostwie-zaluje-kilku-rzeczy\/7eclmd6\" id=\"d466b16b-173f-42dc-8657-323a2a729f76\" rel=\"nofollow noopener\" target=\"_blank\">Krzysztof Ibisz przez karier\u0119 mia\u0142 mniej czasu dla dzieci. &#8222;\u017ba\u0142uj\u0119 kilku rzeczy&#8221;<\/a><\/p>\n<p class=\"Paragraph_desktopParagraph__U31Gm\">Od lat s\u0142ynie z nieskazitelnej cery, pi\u0119knego u\u015bmiechu i wysportowanej sylwetki. W jaki spos\u00f3b uzyska\u0142 taki efekt? <a href=\"https:\/\/plejada.pl\/krzysztof-ibisz\" id=\"d9eccc1a-ceae-40ef-98cf-e7edd597c52b\" rel=\"nofollow noopener\" target=\"_blank\">Krzysztof Ibisz<\/a> w jednym z wywiad\u00f3w dla &#8222;Faktu&#8221; zabawnie skomentowa\u0142 sekret swojej m\u0142odo\u015bci:<\/p>\n<blockquote>\n<p class=\"Paragraph_desktopParagraph__U31Gm\">Przepis [na moj\u0105 m\u0142odo\u015b\u0107] znajduje si\u0119 w tym samym sejfie, w kt\u00f3rym trzymana jest receptura coca-coli. A jak wiadomo, ta jest najbardziej strze\u017conym przepisem na \u015bwiecie. Mam dobr\u0105 wiadomo\u015b\u0107: po moich 30. urodzinach, kt\u00f3re b\u0119d\u0119 obchodzi\u0142 w dniu 80. urodzin, wyjawi\u0119 ludzko\u015bci jego receptur\u0119!<\/p>\n<\/blockquote>\n<ul class=\"OchatFollowUps_wrapper__1ry7X\">\n<li class=\"OchatFollowUps_item__Dhyly OchatFollowUps_itemDesktop__R6aBv\">Dlaczego Krzysztof Ibisz nie pije alkoholu?<\/li>\n<li class=\"OchatFollowUps_item__Dhyly OchatFollowUps_itemDesktop__R6aBv\">Jak d\u0142ugo Krzysztof Ibisz nie pije alkoholu?<\/li>\n<li class=\"OchatFollowUps_item__Dhyly OchatFollowUps_itemDesktop__R6aBv\">Co Krzysztof Ibisz s\u0105dzi o alkoholu?<\/li>\n<li class=\"OchatFollowUps_item__Dhyly OchatFollowUps_itemDesktop__R6aBv\">Jakie programy prowadzi\u0142 Krzysztof Ibisz?<\/li>\n<\/ul>\n<p>Krzysztof Ibisz nie pije alkoholu <\/p>\n<p class=\"Paragraph_desktopParagraph__U31Gm\">Prezenter znany jest ze zdrowego stylu \u017cycia i wyj\u0105tkowej troski o form\u0119, dlatego nikogo nie dziwi, \u017ce nie przepada za alkoholem. W rozmowie ze \u015awiatem Gwiazd powiedzia\u0142, \u017ce nie pije alkoholu ju\u017c od 25 lat.<\/p>\n<blockquote>\n<p class=\"Paragraph_desktopParagraph__U31Gm\">Jest to trucizna. Jest to co\u015b, co jest ogromnym problemem w naszym kraju. Co\u015b, co powoduje tragedie setek tysi\u0119cy polskich rodzin i troch\u0119 si\u0119 wzruszam, kiedy o tym m\u00f3wi\u0119. To jest straszne. To morze cierpienia, kt\u00f3re powoduje alkohol, nadu\u017cywanie alkoholu przez partner\u00f3w, ale te\u017c przez kobiety, bo nie chc\u0119 tego \u015bwiata dzieli\u0107. Potem to si\u0119 rzuca na dzieci, ich dzieci\u0144stwo, rozw\u00f3j i przysz\u0142o\u015b\u0107&#8230; To jest okropne. Je\u015bli mogliby\u015bmy to wyeliminowa\u0107 z naszego \u017cycia, to by\u0142oby po prostu super<\/p>\n<\/blockquote>\n<p class=\"Paragraph_desktopParagraph__U31Gm\">\u2014 opowiada\u0142.<\/p>\n<p class=\"Paragraph_desktopParagraph__U31Gm\">Przeczytaj tak\u017ce: <a href=\"https:\/\/plejada.pl\/wideo\/krzysztof-ibisz-zdradzil-tajemnice-dobrego-zycia-wspomnial-o-roli-synow\/1r6vmg1\" id=\"1abcc87a-1df4-4253-9814-d09fe52c30fd\" rel=\"nofollow noopener\" target=\"_blank\">Krzysztof Ibisz zdradza tajemnic\u0119 dobrego \u017cycia. Wspomina o problemach i roli syn\u00f3w<\/a><\/p>\n<p class=\"Paragraph_desktopParagraph__U31Gm\">Dziennikarz wspomnia\u0142 tak\u017ce o Bagim, kt\u00f3ry otwarcie opowiada\u0142 o swoich do\u015bwiadczeniach z alkoholem. Prezenter przyzna\u0142, \u017ce taka postawa influencera wywar\u0142a na nim du\u017ce wra\u017cenie i wyrazi\u0142 ch\u0119\u0107 zaanga\u017cowania si\u0119 w dzia\u0142ania spo\u0142eczne na rzecz ograniczania problemu nadu\u017cywania alkoholu.<\/p>\n<blockquote>\n<p class=\"Paragraph_desktopParagraph__U31Gm\">M\u00f3wi\u0119 &#8222;wow, co za ch\u0142opak!&#8221;. Ch\u0142opak, kt\u00f3ry propaguje warto\u015bci, kt\u00f3ry m\u00f3wi o tym, \u017ce nie pije alkoholu, \u017ce to jest z\u0142e, \u017ce to jest trucizna. Kt\u00f3ry pokazuje jasn\u0105 stron\u0119 \u017cycia i m\u00f3wi do m\u0142odych ludzi. Je\u015bli mo\u017cemy o tym m\u00f3wi\u0107 i spowodowa\u0107, \u017ce b\u0119dzie mniej dramat\u00f3w zwi\u0105zanych z alkoholem, to ja by\u0142bym te\u017c szcz\u0119\u015bliwym cz\u0142owiekiem, gdyby da\u0142o si\u0119 spo\u0142ecznie mocno zadzia\u0142a\u0107<\/p>\n<\/blockquote>\n<p class=\"Paragraph_desktopParagraph__U31Gm\">\u2014 podsumowa\u0142.<\/p>\n<p><img decoding=\"async\" class=\"Image_image__0tuHp Image_autoHeight__f2n87 \" height=\"587\" width=\"391\" src=\"https:\/\/www.europesays.com\/pl\/wp-content\/uploads\/2025\/12\/cxdk9kpTURBXy9kNDE2YjYyYzhhYTdkZDkwYmExNmUxZDM1OTAzMTg0Mi5qcGeSlQLNA6wAwsOVAgDNAkvCw94AA6EwAaExAaEzw.jpeg\" alt=\"Krzysztof Ibisz\" loading=\"lazy\" \/>mwmedia \/ MW Media<\/p>\n<p>Krzysztof Ibisz<\/p>\n<p><img decoding=\"async\" class=\"Image_image__0tuHp Image_autoHeight__f2n87 \" height=\"587\" width=\"391\" src=\"https:\/\/www.europesays.com\/pl\/wp-content\/uploads\/2025\/12\/7mFk9kpTURBXy9hOWZkNmMxNmI3NDQzNjIyNTIwNDMzOTRmZDQzZmIyZS5qcGeSlQLNA6wAwsOVAgDNAkvCw94AA6EwAaExAaEzw.jpeg\" alt=\"Krzysztof Ibisz (2025 r.)\" loading=\"lazy\" \/>Andras Szilagyi \/ MW Media<\/p>\n<p>Krzysztof Ibisz (2025 r.)<\/p>\n<p class=\"Paragraph_desktopParagraph__U31Gm\">Dzi\u0119kujemy, \u017ce przeczyta\u0142a\u015b\/e\u015b nasz artyku\u0142 do ko\u0144ca. W serwisie Plejada.pl ka\u017cdego dnia piszemy o najwa\u017cniejszych wydarzeniach show-biznesowych. B\u0105d\u017a na bie\u017c\u0105co! <a rel=\"nofollow noopener\" href=\"https:\/\/profile.google.com\/cp\/Cg0vZy8xMWJ6X19wdHBx\" id=\"51643e16-099f-464f-86af-c5bc809f890f\" target=\"_blank\">Obserwuj<\/a> Plejad\u0119 w Google. Odwied\u017a nas tak\u017ce na <a rel=\"nofollow noopener\" href=\"https:\/\/www.facebook.com\/plejadapl\" id=\"6094ba15-00b4-440c-8ebc-69f953920afd\" target=\"_blank\">Facebooku<\/a>, <a rel=\"nofollow noopener\" href=\"https:\/\/www.instagram.com\/plejadapl\/\" id=\"2be3934c-b7c3-4cc3-b95f-2e7b0e33b2cf\" target=\"_blank\">Instagramie<\/a>, <a rel=\"nofollow noopener\" href=\"https:\/\/www.youtube.com\/c\/plejada\" id=\"3e7582c7-6c00-4c5c-960a-29cbcc0ca1d0\" target=\"_blank\">YouTubie<\/a> oraz <a rel=\"nofollow noopener\" href=\"https:\/\/www.tiktok.com\/@plejada_pl\" id=\"dc2c9ad2-c7e8-48c8-96b1-8922255cce29\" target=\"_blank\">TikToku<\/a>.<\/p>\n<p class=\"Paragraph_desktopParagraph__U31Gm\">Chcesz podzieli\u0107 si\u0119 ciekawym newsem lub zaproponowa\u0107 temat? Skontaktuj si\u0119 z nami, pisz\u0105c maila na adres: <a href=\"https:\/\/www.onet.pl\/styl-zycia\/plejada\/krzysztof-ibisz-zaszokowal-wyznaniem-od-25-lat-nie-pije-alkoholu\/mailto:plejada@redakcjaonet.pl\" id=\"5aa578aa-4108-4fda-9147-79903797a438\" rel=\"nofollow noopener\" target=\"_blank\">plejada@redakcjaon<\/a><a rel=\"nofollow noopener\" href=\"https:\/\/et.pl\/\" id=\"cc528898-5cb9-457f-8bc0-4d614bac1a57\" target=\"_blank\">et.pl<\/a>.<\/p>\n<p><script async src=\"\/\/www.instagram.com\/embed.js\"><\/script><script async src=\"\/\/www.tiktok.com\/embed.js\"><\/script><\/p>\n","protected":false},"excerpt":{"rendered":"Krzysztof Ibisz to jeden z najbardziej rozpoznawalnych polskich prezenter\u00f3w telewizyjnych, zwi\u0105zany ze \u015bwiatem medi\u00f3w od ponad trzech dekad.&hellip;\n","protected":false},"author":2,"featured_media":142612,"comment_status":"","ping_status":"","sticky":false,"template":"","format":"standard","meta":{"footnotes":""},"categories":[22],"tags":[122,67,53,52,68,51,55,42,38,40,39,41,123,47,196,50],"class_list":{"0":"post-142611","1":"post","2":"type-post","3":"status-publish","4":"format-standard","5":"has-post-thumbnail","7":"category-rozrywka","8":"tag-entertainment","9":"tag-intextvideo_splayer","10":"tag-new_header","11":"tag-onet3","12":"tag-onet3d","13":"tag-onet3d_2i","14":"tag-phx","15":"tag-pl","16":"tag-poland","17":"tag-polish","18":"tag-polska","19":"tag-polski","20":"tag-rozrywka","21":"tag-screening_general","22":"tag-styl_zycia","23":"tag-v2021"},"share_on_mastodon":{"url":"https:\/\/pubeurope.com\/@pl\/115694571798937116","error":""},"_links":{"self":[{"href":"https:\/\/www.europesays.com\/pl\/wp-json\/wp\/v2\/posts\/142611","targetHints":{"allow":["GET"]}}],"collection":[{"href":"https:\/\/www.europesays.com\/pl\/wp-json\/wp\/v2\/posts"}],"about":[{"href":"https:\/\/www.europesays.com\/pl\/wp-json\/wp\/v2\/types\/post"}],"author":[{"embeddable":true,"href":"https:\/\/www.europesays.com\/pl\/wp-json\/wp\/v2\/users\/2"}],"replies":[{"embeddable":true,"href":"https:\/\/www.europesays.com\/pl\/wp-json\/wp\/v2\/comments?post=142611"}],"version-history":[{"count":0,"href":"https:\/\/www.europesays.com\/pl\/wp-json\/wp\/v2\/posts\/142611\/revisions"}],"wp:featuredmedia":[{"embeddable":true,"href":"https:\/\/www.europesays.com\/pl\/wp-json\/wp\/v2\/media\/142612"}],"wp:attachment":[{"href":"https:\/\/www.europesays.com\/pl\/wp-json\/wp\/v2\/media?parent=142611"}],"wp:term":[{"taxonomy":"category","embeddable":true,"href":"https:\/\/www.europesays.com\/pl\/wp-json\/wp\/v2\/categories?post=142611"},{"taxonomy":"post_tag","embeddable":true,"href":"https:\/\/www.europesays.com\/pl\/wp-json\/wp\/v2\/tags?post=142611"}],"curies":[{"name":"wp","href":"https:\/\/api.w.org\/{rel}","templated":true}]}}