{"id":142615,"date":"2025-12-10T09:31:06","date_gmt":"2025-12-10T09:31:06","guid":{"rendered":"https:\/\/www.europesays.com\/pl\/142615\/"},"modified":"2025-12-10T09:31:06","modified_gmt":"2025-12-10T09:31:06","slug":"nieoczekiwana-prezydencka-waloryzacja-emerytur-co-najmniej-2-tysiace-zlotych-dla-kazdego-emeryta-i-rencisty-karol-nawrocki-zlozyl-juz-swoj-podpis-infor-pl","status":"publish","type":"post","link":"https:\/\/www.europesays.com\/pl\/142615\/","title":{"rendered":"Nieoczekiwana prezydencka waloryzacja emerytur \u2013 co najmniej 2 tysi\u0105ce z\u0142otych dla ka\u017cdego emeryta i rencisty. Karol Nawrocki z\u0142o\u017cy\u0142 ju\u017c sw\u00f3j podpis &#8211; INFOR.PL"},"content":{"rendered":"<ol>\n<li><a href=\"https:\/\/news.google.com\/rss\/articles\/CBMi_gFBVV95cUxNaGZnYjNIUDY2dHZDS1U4TFRTa2t2MHRydnZ5MGVpRlV5WDY3NEVfSlBseURzN2dxMjdocW4tNUFwNW4zWUVTX0Z2bmlLb0V1OU9xc2dnX2pFV216OER6ZmlROVJuLUJDUkFfVWVidm5MbzU4NjNXUXRJN3lrSV9SMnlYTDYyQUYzbzF1SHBQNXBjZV9QUE5KcFd0SklpSUNSSktBWjFPazctQVdGU0hIdElsdGtnU3RQcXhYclE5bEYzenNEanN4TURBUDFva3BPY25DSUhTenFzQ0dFS1ZNZHg0NWlUc0hOZUVBTFJtYU13bDR1dXc3ME52ZHhLUdIBgwJBVV95cUxNbEpyTDB5cTE5d1hXV24xd2FEN1FYU09YeXZ5cTVLX1pyWXp0T19YOThSeGpHcU5NNllqUFRjWEd0cllMWVo4ZTBoQnpNbHNCLTdBWUJqM052cW8tUTlPRVhIU2tKQ0EwbGVWcDNXNXMwWGpVb0VSaHVmRmVmakZSSlFDdjBlcDBENVRsbVJ0aTZqTXAteUo3WnVRX0NUeXVrSDV3UkROTE9rcDJqR3NGV1NBZ2dCRTlPMmRaQWp4Q2FYZ2xILUpzYWhvVlYzQnRCVm9qdGJpNDZRMmJUTlZ6aExvSWg4T0ktakwydlhibDc0SGtUekpld1ZvUU1yUWRpa000?oc=5\" target=\"_blank\" rel=\"nofollow noopener\">Nieoczekiwana prezydencka waloryzacja emerytur \u2013 co najmniej 2 tysi\u0105ce z\u0142otych dla ka\u017cdego emeryta i rencisty. Karol Nawrocki z\u0142o\u017cy\u0142 ju\u017c sw\u00f3j podpis<\/a>&nbsp;&nbsp;INFOR.PL<\/li>\n<li><a href=\"https:\/\/news.google.com\/rss\/articles\/CBMiswFBVV95cUxPb3dMbHFqa1g0eUxZV1dyQkRpckhOYVFYb0FrWXNadFp6bk5KXzl0b1lLeEJQNzJHSjc2UlMyTnVfSnU5eWlYM2dwNkItdDdlaUZtaHdfUW5oVl9UdTZhdEFDVkNKUmMzcVlyYlpnUG1YdXBPYkg2c1pYTWw4QXFYRW9DUjA1VWtNNFp4ZTBKcjBXN00xM1I5dmFTY3RNeGlZZFhvZUExOWVLb09RelRFYU5BRQ?oc=5\" target=\"_blank\" rel=\"nofollow noopener\">Du\u017ce zmiany w waloryzacji emerytur? ZUS prze\u015bwietli\u0142 pomys\u0142 prezydenta<\/a>&nbsp;&nbsp;Money.pl<\/li>\n<li><a href=\"https:\/\/news.google.com\/rss\/articles\/CBMiqgFBVV95cUxQbHdER1FseXVSREVyZFFMNnZRTjd3Rm1VX0gtNUQyYzc5SmZHSXNadEQybEdKSHQwdnZnWFE5MDhUUHlDbTZPUnY3bFJ6Nl90MTI3UmtjeXpfdUJhY2xXYjJqcjBrM0lsVXJlUmg5SlRMVnowZWZyQ0xmUmdILWxsOFN3anV3UmhBd2NmcEJrZDNvZGx6Tlg0ODRGTHBjRjZlSUlEZkpVSWxkQQ?oc=5\" target=\"_blank\" rel=\"nofollow noopener\">Karol Nawrocki ma pomys\u0142 na waloryzacj\u0119 emerytur. ZUS surowo ocenia<\/a>&nbsp;&nbsp;Business Insider Polska<\/li>\n<li><a href=\"https:\/\/news.google.com\/rss\/articles\/CBMimgFBVV95cUxQa0w0U2VCTDBvTzlnZXNDWUJicDRFR2MwSGZud2Ixd2hzRUc2RjFrWkl0WkdMY0kzdFk2YWVtUmtGMzgxbkZjb1B1b0JEbVhXX2ptd1Z5VmlGRWVTUFE2Zm5yUjJZX3ZybllzR05QYUlDRXZLU3dXYXFTNnl3RE44b0FnUG1CQVRIWUJhTjJRMjZMblRjTTg3Z2dR?oc=5\" target=\"_blank\" rel=\"nofollow noopener\">Waloryzacja minimum 150 z\u0142? &#8222;Antysystemowe rozwi\u0105zanie&#8221;<\/a>&nbsp;&nbsp;Polskie Radio 24<\/li>\n<li><a href=\"https:\/\/news.google.com\/rss\/articles\/CBMi-wFBVV95cUxPVVNxTmh1cWlYOTd3bTZ3c2NMWlFPc2I2YTdxWU9nV3kwVldqSE96U3BlMmtJN3R0Tk9tNUNVeVlWUWV1ajdjTy12SVNFa3hQWl83cUNuVVYtRFpFRnU4bFplamdzZE9rNXI5aFctR0tuZGFaRnRhVTdodUpWMjhZM2tFdnJBalpqaDFLcTR3b0J4emZmVFFKOC1uQi12ZTVHVEdJNEhIV2laUElvQU14QkhKQUxDS3dTWlJYeF9VS1lXVHR5ajlQNGRFajNJWTdEeUhtQWxQWGFVWWZsV09WR3ZFQUg1THVIRWZLQXc1VUp6V2ZpM3J1RE9aQQ?oc=5\" target=\"_blank\" rel=\"nofollow noopener\">Waloryzacja emerytur i rent &#8211; ile wyniesie wska\u017anik w 2026 roku? Rz\u0105d og\u0142osi\u0142 rozporz\u0105dzenie w tej sprawie<\/a>&nbsp;&nbsp;Forsal<\/li>\n<\/ol>\n","protected":false},"excerpt":{"rendered":"Nieoczekiwana prezydencka waloryzacja emerytur \u2013 co najmniej 2 tysi\u0105ce z\u0142otych dla ka\u017cdego emeryta i rencisty. Karol Nawrocki z\u0142o\u017cy\u0142&hellip;\n","protected":false},"author":2,"featured_media":141380,"comment_status":"","ping_status":"","sticky":false,"template":"","format":"standard","meta":{"footnotes":""},"categories":[16],"tags":[113,112,42,38,40,39,41],"class_list":{"0":"post-142615","1":"post","2":"type-post","3":"status-publish","4":"format-standard","5":"has-post-thumbnail","7":"category-biznes","8":"tag-biznes","9":"tag-business","10":"tag-pl","11":"tag-poland","12":"tag-polish","13":"tag-polska","14":"tag-polski"},"share_on_mastodon":{"url":"https:\/\/pubeurope.com\/@pl\/115694579578517227","error":""},"_links":{"self":[{"href":"https:\/\/www.europesays.com\/pl\/wp-json\/wp\/v2\/posts\/142615","targetHints":{"allow":["GET"]}}],"collection":[{"href":"https:\/\/www.europesays.com\/pl\/wp-json\/wp\/v2\/posts"}],"about":[{"href":"https:\/\/www.europesays.com\/pl\/wp-json\/wp\/v2\/types\/post"}],"author":[{"embeddable":true,"href":"https:\/\/www.europesays.com\/pl\/wp-json\/wp\/v2\/users\/2"}],"replies":[{"embeddable":true,"href":"https:\/\/www.europesays.com\/pl\/wp-json\/wp\/v2\/comments?post=142615"}],"version-history":[{"count":0,"href":"https:\/\/www.europesays.com\/pl\/wp-json\/wp\/v2\/posts\/142615\/revisions"}],"wp:featuredmedia":[{"embeddable":true,"href":"https:\/\/www.europesays.com\/pl\/wp-json\/wp\/v2\/media\/141380"}],"wp:attachment":[{"href":"https:\/\/www.europesays.com\/pl\/wp-json\/wp\/v2\/media?parent=142615"}],"wp:term":[{"taxonomy":"category","embeddable":true,"href":"https:\/\/www.europesays.com\/pl\/wp-json\/wp\/v2\/categories?post=142615"},{"taxonomy":"post_tag","embeddable":true,"href":"https:\/\/www.europesays.com\/pl\/wp-json\/wp\/v2\/tags?post=142615"}],"curies":[{"name":"wp","href":"https:\/\/api.w.org\/{rel}","templated":true}]}}