{"id":142642,"date":"2025-12-10T09:50:11","date_gmt":"2025-12-10T09:50:11","guid":{"rendered":"https:\/\/www.europesays.com\/pl\/142642\/"},"modified":"2025-12-10T09:50:11","modified_gmt":"2025-12-10T09:50:11","slug":"marta-nawrocka-wystawila-sukienke-na-licytacje-aktualna-cena-lepiej-usiadzcie","status":"publish","type":"post","link":"https:\/\/www.europesays.com\/pl\/142642\/","title":{"rendered":"Marta Nawrocka wystawi\u0142a sukienk\u0119 na licytacj\u0119. Aktualna cena? Lepiej usi\u0105d\u017acie"},"content":{"rendered":"<p class=\"art_paragraph\"><a href=\"https:\/\/www.plotek.pl\/marta-nawrocka\" class=\"art_link\" rel=\"nofollow noopener\" target=\"_blank\">Marta Nawrocka<\/a> zacz\u0119\u0142a zdobywa\u0107 popularno\u015b\u0107 w mediach spo\u0142eczno\u015bciowych, gdy <a href=\"https:\/\/www.plotek.pl\/karol-nawrocki\" class=\"art_link\" rel=\"nofollow noopener\" target=\"_blank\">Karol Nawrocki<\/a> rozpocz\u0105\u0142 starania o urz\u0105d prezydenta. Podczas kampanii aktywnie prowadzi\u0142a Instagram, pokazuj\u0105c bardziej prywatne \u017cycie m\u0119\u017ca. Jako pierwsza dama nadal jest bardzo obecna w sieci. Na jej oficjalnym profilu regularnie pojawiaj\u0105 si\u0119 nowe wpisy. <a href=\"https:\/\/www.gazeta.pl\/lifestyle\/7,198977,32424962,niebywaly-gest-marty-nawrockiej-w-komentarzach-wrze.html\" class=\"art_link\" rel=\"dofollow noopener\" target=\"_blank\">Niedawno poinformowa\u0142a, \u017ce rozpocz\u0119\u0142a aukcj\u0119 charytatywn\u0105, przekazuj\u0105c na licytacj\u0119 element swojej garderoby<\/a>.\u00a0Teraz kwota za jej kreacj\u0119 przyprawia o zawr\u00f3t g\u0142owy.<\/p>\n<p>\n    Zobacz wideo Malwina W\u0119dzikowska o Marcie Nawrockiej\n  <\/p>\n<p> Marta Nawrocka wystawi\u0142a sukienk\u0119 na aukcj\u0119. Tyle wynosi jej cena w ostatnim dniu<\/p>\n<p class=\"art_paragraph\">Marta Nawrocka napisa\u0142a fanom, \u017ce wystawi\u0142a sukienk\u0119 na licytacj\u0119 w ramach akcji charytatywnej.\u00a0&#8222;Z rado\u015bci\u0105 informuj\u0119 o starcie licytacji bia\u0142ej sukienki, kt\u00f3r\u0105 przekaza\u0142am Fundacji Wstawaj Alicja! Rodzic\u00f3w Alicji pozna\u0142am w kampanii prezydenckiej. Mimo \u017ce ich c\u00f3rki nie uda\u0142o si\u0119 uratowa\u0107, to Agnieszka i Wojciech ka\u017cdego dnia nios\u0105 pomoc innym&#8221; &#8211; czytamy na Instagramie Nawrockiej. Na licytacj\u0119 zdecydowa\u0142y si\u0119 a\u017c 32 osoby. Wszyscy ch\u0119tni maj\u0105 jeszcze czas. Aukcja ko\u0144czy si\u0119 10 grudnia o godzinie 15:00. Obecnie kwota, kt\u00f3r\u0105 trzeba zap\u0142aci\u0107 za sukienk\u0119, wynosi 10 750 z\u0142otych.<\/p>\n<p> Marta Nawrocka przekaza\u0142a t\u0119 kreacj\u0119 na aukcj\u0119. Co o niej wiemy?<\/p>\n<p class=\"art_paragraph\">Marta Nawrocka wspar\u0142a aukcj\u0119, przekazuj\u0105c bia\u0142\u0105 sukienk\u0119 zdobion\u0105 z\u0142otymi guzikami. Kreacja ma rozkloszowany fason, d\u0142ugie r\u0119kawy i d\u0142ugo\u015b\u0107 przed kolano. Wcze\u015bniej nie wszyscy byli zadowoleni z jej stylizacji, co r\u00f3wnie\u017c zauwa\u017cono w opisie licytacji. &#8222;To w\u0142a\u015bnie w tej kreacji pierwsza dama wyst\u0105pi\u0142a podczas\u00a0dw\u00f3ch oficjalnych uroczysto\u015bci. Jej wyb\u00f3r by\u0142 szeroko komentowany, a sama sytuacja spotka\u0142a si\u0119 z niezrozumieniem i hejtem, przynosz\u0105c jej i jej rodzinie wiele trudnych chwil. Gestem przekazania sukienki na cele charytatywne pani Marta Nawrocka nada\u0142a ca\u0142ej historii zupe\u0142nie nowy wymiar. Sukienka, kt\u00f3ra sta\u0142a si\u0119 przedmiotem publicznej krytyki, dzi\u015b jest\u00a0symbolem si\u0142y, dobroci i empatii&#8221;\u00a0&#8211; czytamy w opisie aukcji.\u00a0ZOBACZ TE\u017b: <a href=\"https:\/\/www.gazeta.pl\/lifestyle\/7,198977,32453864,nawrocka-w-modnym-komplecie-na-charytatywnym-wydarzeniu-uwage.html\" class=\"art_link\" rel=\"dofollow noopener\" target=\"_blank\">Nawrocka w modnym komplecie na charytatywnym wydarzeniu. Uwag\u0119 zwraca jeden szczeg\u00f3\u0142<\/a><\/p>\n","protected":false},"excerpt":{"rendered":"Marta Nawrocka zacz\u0119\u0142a zdobywa\u0107 popularno\u015b\u0107 w mediach spo\u0142eczno\u015bciowych, gdy Karol Nawrocki rozpocz\u0105\u0142 starania o urz\u0105d prezydenta. Podczas kampanii&hellip;\n","protected":false},"author":2,"featured_media":142643,"comment_status":"","ping_status":"","sticky":false,"template":"","format":"standard","meta":{"footnotes":""},"categories":[22],"tags":[122,42,38,40,39,41,123],"class_list":{"0":"post-142642","1":"post","2":"type-post","3":"status-publish","4":"format-standard","5":"has-post-thumbnail","7":"category-rozrywka","8":"tag-entertainment","9":"tag-pl","10":"tag-poland","11":"tag-polish","12":"tag-polska","13":"tag-polski","14":"tag-rozrywka"},"share_on_mastodon":{"url":"https:\/\/pubeurope.com\/@pl\/115694654161731411","error":""},"_links":{"self":[{"href":"https:\/\/www.europesays.com\/pl\/wp-json\/wp\/v2\/posts\/142642","targetHints":{"allow":["GET"]}}],"collection":[{"href":"https:\/\/www.europesays.com\/pl\/wp-json\/wp\/v2\/posts"}],"about":[{"href":"https:\/\/www.europesays.com\/pl\/wp-json\/wp\/v2\/types\/post"}],"author":[{"embeddable":true,"href":"https:\/\/www.europesays.com\/pl\/wp-json\/wp\/v2\/users\/2"}],"replies":[{"embeddable":true,"href":"https:\/\/www.europesays.com\/pl\/wp-json\/wp\/v2\/comments?post=142642"}],"version-history":[{"count":0,"href":"https:\/\/www.europesays.com\/pl\/wp-json\/wp\/v2\/posts\/142642\/revisions"}],"wp:featuredmedia":[{"embeddable":true,"href":"https:\/\/www.europesays.com\/pl\/wp-json\/wp\/v2\/media\/142643"}],"wp:attachment":[{"href":"https:\/\/www.europesays.com\/pl\/wp-json\/wp\/v2\/media?parent=142642"}],"wp:term":[{"taxonomy":"category","embeddable":true,"href":"https:\/\/www.europesays.com\/pl\/wp-json\/wp\/v2\/categories?post=142642"},{"taxonomy":"post_tag","embeddable":true,"href":"https:\/\/www.europesays.com\/pl\/wp-json\/wp\/v2\/tags?post=142642"}],"curies":[{"name":"wp","href":"https:\/\/api.w.org\/{rel}","templated":true}]}}