{"id":142675,"date":"2025-12-10T10:14:15","date_gmt":"2025-12-10T10:14:15","guid":{"rendered":"https:\/\/www.europesays.com\/pl\/142675\/"},"modified":"2025-12-10T10:14:15","modified_gmt":"2025-12-10T10:14:15","slug":"timothy-garton-ash-stara-polska-zasada-musi-wybrzmiec-w-calej-europie","status":"publish","type":"post","link":"https:\/\/www.europesays.com\/pl\/142675\/","title":{"rendered":"Timothy Garton Ash: stara polska zasada musi wybrzmie\u0107 w ca\u0142ej Europie"},"content":{"rendered":"<p class=\"Paragraph_desktopParagraph__U31Gm\">&#8222;Teraz to my, Europejczycy, musimy pom\u00f3c Ukrainie przetrwa\u0107 zar\u00f3wno zbrojn\u0105 agresj\u0119 Moskwy, jak i dyplomatyczn\u0105 zdrad\u0119 Waszyngtonu. Robi\u0105c to, bronimy r\u00f3wnie\u017c samych siebie&#8221; \u2014 podkre\u015bla.<\/p>\n<p class=\"Paragraph_desktopParagraph__U31Gm\">Zdaniem Asha 28-punktowy &#8222;plan pokojowy&#8221; Trumpa w rzeczywisto\u015bci jest &#8222;rosyjsko-ameryka\u0144skim imperialnym i handlowym porozumieniem kosztem zar\u00f3wno Ukrainy, jak i Europy&#8221;.<\/p>\n<p class=\"Paragraph_desktopParagraph__U31Gm\">&#8222;Stara polska zasada \u00bbNic o nas bez nas!\u00ab musi teraz rozbrzmiewa\u0107 w ca\u0142ej Europie&#8221; \u2014 czytamy.<\/p>\n<ul class=\"OchatFollowUps_wrapper__1ry7X\">\n<li class=\"OchatFollowUps_item__Dhyly OchatFollowUps_itemDesktop__R6aBv\">Jakie zagro\u017cenie przedstawi\u0142 W\u0142adimir Putin?<\/li>\n<li class=\"OchatFollowUps_item__Dhyly OchatFollowUps_itemDesktop__R6aBv\">Co s\u0105dzi Timothy Garton Ash o roli Europy w pomocy Ukrainie?<\/li>\n<li class=\"OchatFollowUps_item__Dhyly OchatFollowUps_itemDesktop__R6aBv\">Jakie problemy ma aktualnie armia Ukrainy?<\/li>\n<li class=\"OchatFollowUps_item__Dhyly OchatFollowUps_itemDesktop__R6aBv\">Kiedy Timothy Garton Ash przewiduje mo\u017cliwe zawieszenie broni?<\/li>\n<\/ul>\n<p>Europa mo\u017ce pom\u00f3c Ukrainie \u2014 je\u015bli chce <\/p>\n<p class=\"Paragraph_desktopParagraph__U31Gm\">Ash stawia dwa pytania: czy Europa z Kanad\u0105 i innymi przychylnymi krajami mo\u017ce wzmocni\u0107 Ukrain\u0119 i os\u0142abi\u0107 Rosj\u0119 w takim stopniu, aby Ukraina ostatecznie zwyci\u0119\u017cy\u0142a? Oraz: czy to zrobi?<\/p>\n<p class=\"Paragraph_desktopParagraph__U31Gm\">&#8222;Odpowied\u017a na pierwsze pytanie brzmi: b\u0119dzie to bardzo trudne. Ale nadal mo\u017cemy to osi\u0105gn\u0105\u0107&#8221; \u2014 pisze brytyjski autor.<\/p>\n<p class=\"Paragraph_desktopParagraph__U31Gm\">Jego zdaniem, je\u017celi na szczycie 18 grudnia UE znajdzie spos\u00f3b na wykorzystanie zamro\u017conych rosyjskich aktyw\u00f3w, mo\u017cliwie b\u0119dzie za\u0142atanie ogromnej dziury w ukrai\u0144skim bud\u017cecie przynajmniej na dwa lata. Lista d\u00f3br wojskowych, kt\u00f3re mog\u0105 dostarcza\u0107 tylko USA, staje si\u0119 coraz kr\u00f3tsza, a &#8222;nastawiona na zysk logika Trumpa oznacza, \u017ce wi\u0119kszo\u015b\u0107 z nich nadal b\u0119dzie mo\u017cna kupi\u0107&#8221; \u2014 analizuje autor. W jego ocenie powa\u017cnym ciosem by\u0142oby ponowne ograniczenie przez Trumpa przekazywania informacji wywiadowczych USA, aby szanta\u017cowa\u0107 Ukrain\u0119 i zmusi\u0107 j\u0105 do zaakceptowania &#8222;pokoju kapitulacyjnego&#8221;. Jednak ukrai\u0144skie i europejskie s\u0142u\u017cby wywiadowcze mog\u0105 ju\u017c wype\u0142ni\u0107 niekt\u00f3re luki, ocenia.<\/p>\n<p>Rosja rozbudowuje cmentarze <\/p>\n<p class=\"Paragraph_desktopParagraph__U31Gm\">Wskazuje tak\u017ce na zadania Ukrainy. Dymisja Andrija Jermaka, szefa kancelarii prezydenta Ukrainy, w zwi\u0105zku ze skandalem korupcyjnym daje &#8222;szanse na odwa\u017cny restart polityki wewn\u0119trznej, by\u0107 mo\u017ce w postaci prawdziwego rz\u0105du jedno\u015bci narodowej&#8221; \u2014 ocenia Ash. Problemy ma te\u017c armia, a wielu ukrai\u0144skich m\u0119\u017cczyzn w wieku poborowym przebywa poza granicami Ukrainy.<\/p>\n<p class=\"Paragraph_desktopParagraph__U31Gm\">&#8222;Jednak Rosja te\u017c ma coraz wi\u0119ksze problemy. Wed\u0142ug doniesie\u0144 cmentarze s\u0105 rozbudowywane, aby pomie\u015bci\u0107 co najmniej 250 tys. ofiar wojny, a bior\u0105c pod uwag\u0119 potencjalnie kolejne 750 tys. rannych, rekrutacja staje si\u0119 trudna nawet dla dyktatury o znacznie wi\u0119kszej liczbie ludno\u015bci ni\u017c Ukraina&#8221; \u2014 pisze brytyjski historyk.<\/p>\n<p class=\"Paragraph_desktopParagraph__U31Gm\">Wskazuje te\u017c na mo\u017cliwe k\u0142opoty gospodarcze, zwi\u0105zane ze spadkiem cen ropy. Jak dodaje, Europa mog\u0142aby spowolni\u0107 przyp\u0142yw dochod\u00f3w z eksportu ropy, zatrzymuj\u0105c i rygorystycznie kontroluj\u0105c statki tzw. rosyjskiej floty cieni. Jednostki te, dzi\u0119ki kt\u00f3rym Rosja omija sankcje, najcz\u0119\u015bciej nie spe\u0142niaj\u0105 norm bezpiecze\u0144stwa i ochrony \u015brodowiska.<\/p>\n<p class=\"Paragraph_desktopParagraph__U31Gm\">&#8222;Je\u015bli Europa b\u0119dzie w stanie zapewni\u0107 Ukrainie wystarczaj\u0105ce wsparcie militarne i gospodarcze oraz wywrze\u0107 presj\u0119 gospodarcz\u0105 na Rosj\u0119, w pewnym momencie w 2026 lub 2027 r. zmieni si\u0119 struktura motywacyjna Putina. Jego genera\u0142owie powiedz\u0105 mu: \u00bbNie idziemy dalej\u00ab, a jego bank centralny powie mu: \u00bbGospodarka upada\u00ab. W\u00f3wczas bardziej prawdopodobne stanie si\u0119 zawieszenie broni wzd\u0142u\u017c istniej\u0105cej linii frontu&#8221; \u2014 analizuje Timothy Garton Ash.<\/p>\n<p>Kiedy wygra Ukraina? <\/p>\n<p class=\"Paragraph_desktopParagraph__U31Gm\">Wed\u0142ug niego to, kto wygra wojn\u0119, w takim scenariuszu zdecyduje si\u0119 dopiero pi\u0119\u0107 do dziesi\u0119ciu lat po zawieszeniu broni. Ukraina wygra, je\u015bli w 2030 r. b\u0119dzie suwerenna i bezpieczna, b\u0119dzie mog\u0142a odstraszy\u0107 ewentualne przysz\u0142e rosyjskie ataki, a tak\u017ce, je\u017celi b\u0119dzie mia\u0142a dynamiczn\u0105 gospodark\u0119, &#8222;w miar\u0119 przyzwoit\u0105&#8221; demokracj\u0119 i silne spo\u0142ecze\u0144stwo obywatelskie oraz b\u0119dzie na powa\u017cnie stara\u0107 si\u0119 o cz\u0142onkostwo w UE. To wymaga\u0107 b\u0119dzie wysi\u0142ku i ze strony Ukrainy i ze strony Europy \u2014 ocenia.<\/p>\n<p class=\"Paragraph_desktopParagraph__U31Gm\">&#8222;Tak, Europa mo\u017ce to osi\u0105gn\u0105\u0107. Ale czy to zrobi?&#8221; \u2014 zastanawia si\u0119 Ash. Jego zdaniem mo\u017cna poda\u0107 wiele powod\u00f3w, dla kt\u00f3rych mo\u017ce si\u0119 to nie uda\u0107, jak np. &#8222;wci\u0105\u017c pokutuj\u0105cy mit o niepokonanej Rosji&#8221; czy te\u017c &#8222;wyuczona bezradno\u015b\u0107&#8221; po 80 latach uzale\u017cnienia od USA w kwestii bezpiecze\u0144stwa, d\u0142ugotrwa\u0142e procedury UE. Autor pisze tak\u017ce o ostrych sporach o publiczne \u015brodki w krajach europejskich, kt\u00f3re cz\u0119sto s\u0105 mocno zad\u0142u\u017cone i maj\u0105 starzej\u0105ce si\u0119 spo\u0142ecze\u0144stwa o &#8222;nierealistycznych oczekiwaniach co do mo\u017cliwo\u015bci tych pa\u0144stw&#8221;.<\/p>\n<p>Europejska si\u0142a woli <\/p>\n<p class=\"Paragraph_desktopParagraph__U31Gm\">&#8222;To ten rodzaj polityki, kt\u00f3ry doprowadza niemieck\u0105 koalicj\u0119 rz\u0105dow\u0105 na skraj upadku z powodu proponowanej skromnej redukcji pa\u0144stwowego systemu emerytalnego, poch\u0142aniaj\u0105cego ju\u017c jedn\u0105 czwart\u0105 bud\u017cetu federalnego. Krajowe egoizmy, kt\u00f3re doprowadzi\u0142y do tego, \u017ce premier Belgii sprzeciwia si\u0119 konfiskacie zamro\u017conych rosyjskich aktyw\u00f3w, a Francja spiera si\u0119 z Niemcami o rzekomo wsp\u00f3lny projekt samolotu bojowego nowej generacji&#8221; \u2014 wylicza Ash.<\/p>\n<p class=\"Paragraph_desktopParagraph__U31Gm\">Mimo to brytyjski historyk liczy na to, \u017ce Europa wyka\u017ce si\u0142\u0119 woli. &#8222;Strategiczna determinacja. Duch walki. Odwaga, by przedk\u0142ada\u0107 d\u0142ugoterminowy wsp\u00f3lny interes nad kr\u00f3tkoterminowe partyjne korzy\u015bci. Wiemy, \u017ce poszczeg\u00f3lne narody w chwilach egzystencjalnego zagro\u017cenia dokona\u0142y niezwyk\u0142ych rzeczy pomimo wszelkich przeciwno\u015bci losu: Wielka Brytania w 1940 r., Ukraina w 2022 r.&#8221; \u2014 pisze, przekonuj\u0105c, \u017ce Europa mo\u017ce sprosta\u0107 temu wyzwaniu.<\/p>\n","protected":false},"excerpt":{"rendered":"&#8222;Teraz to my, Europejczycy, musimy pom\u00f3c Ukrainie przetrwa\u0107 zar\u00f3wno zbrojn\u0105 agresj\u0119 Moskwy, jak i dyplomatyczn\u0105 zdrad\u0119 Waszyngtonu. Robi\u0105c&hellip;\n","protected":false},"author":2,"featured_media":142676,"comment_status":"","ping_status":"","sticky":false,"template":"","format":"standard","meta":{"footnotes":""},"categories":[14],"tags":[32,33,311,27,34,35,1816,28,31,53,25222,25,52,68,51,55,40,41,47,80,29,30,50,26,82,83,84],"class_list":{"0":"post-142675","1":"post","2":"type-post","3":"status-publish","4":"format-standard","5":"has-post-thumbnail","7":"category-swiat","8":"tag-breaking-news","9":"tag-breakingnews","10":"tag-deutsche_welle","11":"tag-headlines","12":"tag-latest-news","13":"tag-latestnews","14":"tag-mm","15":"tag-naglowki","16":"tag-najwazniejsze-artykuly","17":"tag-new_header","18":"tag-new_layout_tst2","19":"tag-news","20":"tag-onet3","21":"tag-onet3d","22":"tag-onet3d_2i","23":"tag-phx","24":"tag-polish","25":"tag-polski","26":"tag-screening_general","27":"tag-swiat","28":"tag-top-stories","29":"tag-topstories","30":"tag-v2021","31":"tag-wiadomosci","32":"tag-world","33":"tag-world-news","34":"tag-worldnews"},"share_on_mastodon":{"url":"https:\/\/pubeurope.com\/@pl\/115694748628156332","error":""},"_links":{"self":[{"href":"https:\/\/www.europesays.com\/pl\/wp-json\/wp\/v2\/posts\/142675","targetHints":{"allow":["GET"]}}],"collection":[{"href":"https:\/\/www.europesays.com\/pl\/wp-json\/wp\/v2\/posts"}],"about":[{"href":"https:\/\/www.europesays.com\/pl\/wp-json\/wp\/v2\/types\/post"}],"author":[{"embeddable":true,"href":"https:\/\/www.europesays.com\/pl\/wp-json\/wp\/v2\/users\/2"}],"replies":[{"embeddable":true,"href":"https:\/\/www.europesays.com\/pl\/wp-json\/wp\/v2\/comments?post=142675"}],"version-history":[{"count":0,"href":"https:\/\/www.europesays.com\/pl\/wp-json\/wp\/v2\/posts\/142675\/revisions"}],"wp:featuredmedia":[{"embeddable":true,"href":"https:\/\/www.europesays.com\/pl\/wp-json\/wp\/v2\/media\/142676"}],"wp:attachment":[{"href":"https:\/\/www.europesays.com\/pl\/wp-json\/wp\/v2\/media?parent=142675"}],"wp:term":[{"taxonomy":"category","embeddable":true,"href":"https:\/\/www.europesays.com\/pl\/wp-json\/wp\/v2\/categories?post=142675"},{"taxonomy":"post_tag","embeddable":true,"href":"https:\/\/www.europesays.com\/pl\/wp-json\/wp\/v2\/tags?post=142675"}],"curies":[{"name":"wp","href":"https:\/\/api.w.org\/{rel}","templated":true}]}}