{"id":142692,"date":"2025-12-10T10:23:08","date_gmt":"2025-12-10T10:23:08","guid":{"rendered":"https:\/\/www.europesays.com\/pl\/142692\/"},"modified":"2025-12-10T10:23:08","modified_gmt":"2025-12-10T10:23:08","slug":"samorzady-tlumacza-sie-z-pokazu-filmu-grzegorza-brauna-calkowicie-zaskoczeni","status":"publish","type":"post","link":"https:\/\/www.europesays.com\/pl\/142692\/","title":{"rendered":"Samorz\u0105dy t\u0142umacz\u0105 si\u0119 z pokazu filmu Grzegorza Brauna. &#8222;Ca\u0142kowicie zaskoczeni&#8221;"},"content":{"rendered":"<p class=\"Paragraph_desktopParagraph__U31Gm\">Film &#8222;Gietrzwa\u0142d 1877. Wojna \u015bwiat\u00f3w&#8221;, kt\u00f3rego autorem jest Grzegorz Braun, ma zosta\u0107 zaprezentowany w ramach festiwalu organizowanego przez fundacj\u0119 Vide et Crede. Sam Braun ma pojawi\u0107 si\u0119 na miejscu jako go\u015b\u0107 specjalny.<\/p>\n<p class=\"Paragraph_desktopParagraph__U31Gm\">\u2014 Jeste\u015bmy ca\u0142kowicie zaskoczeni i troch\u0119 zniesmaczeni, bo wydaje nam si\u0119, \u017ce tego typu informacja bezwzgl\u0119dnie powinna by\u0107 nam przekazana \u2014 przekazuje Radiu Wroc\u0142aw Jaros\u0142aw Perduta, dyrektor Departamentu Kultury i Sportu Urz\u0119du Miejskiego Wroc\u0142awia.<\/p>\n<p class=\"Paragraph_desktopParagraph__U31Gm\">Wyja\u015bnia r\u00f3wnie\u017c, \u017ce miasto co roku wspiera kilkadziesi\u0105t podobnych wydarze\u0144, a organizatorzy festiwalu nie poinformowali o kontrowersyjnym go\u015bciu. \u2014 Ca\u0142a ta sytuacja b\u0119dzie mia\u0142a na pewno du\u017ce znaczenie w przypadku oceny tego projektu i ewentualnej wsp\u00f3\u0142pracy w przysz\u0142o\u015bci \u2014 dodaje Perduta i informuje, \u017ce przekazana przez miasto kwota dofinansowania wynosi\u0142a 30 tys. z\u0142.<\/p>\n<p class=\"VideoPlayerText_videoPlayerText__iDwyz\">Dalszy ci\u0105g materia\u0142u pod wideo<\/p>\n<ul class=\"OchatFollowUps_wrapper__1ry7X\">\n<li class=\"OchatFollowUps_item__Dhyly OchatFollowUps_itemDesktop__R6aBv\">Dlaczego jest burza wok\u00f3\u0142 przyjazdu Grzegorza Brauna?<\/li>\n<li class=\"OchatFollowUps_item__Dhyly OchatFollowUps_itemDesktop__R6aBv\">Jakie konsekwencje przewiduje wicemarsza\u0142ek wojew\u00f3dztwa?<\/li>\n<li class=\"OchatFollowUps_item__Dhyly OchatFollowUps_itemDesktop__R6aBv\">Gdzie pierwotnie mia\u0142a odby\u0107 si\u0119 projekcja filmu Brauna?<\/li>\n<li class=\"OchatFollowUps_item__Dhyly OchatFollowUps_itemDesktop__R6aBv\">Jakie kontrowersje zwi\u0105zane s\u0105 z Grzegorzem Braunem?<\/li>\n<\/ul>\n<p>Urz\u0105d Marsza\u0142kowski mia\u0142 nie wiedzie\u0107 o udziale Brauna w festiwalu <\/p>\n<p class=\"Paragraph_desktopParagraph__U31Gm\">Od organizator\u00f3w pokazu odcina si\u0119 r\u00f3wnie\u017c wicemarsza\u0142ek wojew\u00f3dztwa dolno\u015bl\u0105skiego Jaros\u0142aw Rabczenko. \u2014 Prosi\u0142em swoich pracownik\u00f3w, aby zweryfikowali wniosek, kt\u00f3ry sk\u0142ada\u0142 realizator tego wydarzenia. Tam nie by\u0142o tre\u015bci w postaci pana Brauna \u2014 t\u0142umaczy urz\u0119dnik dziennikarzom radia. \u2014 Na pewno w tej sytuacji b\u0119d\u0105 wyci\u0105gni\u0119te jakie\u015b konsekwencje \u2014 dodaje i podkre\u015bla, \u017ce umowa o wsp\u00f3\u0142finansowanie festiwalu zosta\u0142a podpisana jeszcze za poprzedniej kadencji.<\/p>\n<p>Organizatorzy pokazu filmu Brauna powo\u0142uj\u0105 si\u0119 na konstytucj\u0119 <\/p>\n<p class=\"Paragraph_desktopParagraph__U31Gm\">Do sprawy odni\u00f3s\u0142 si\u0119 na Facebooku organizator wydarzenia, fundacja Vide et Crede. &#8222;Organizatorzy nie zajmuj\u0105 si\u0119 ocen\u0105 pogl\u0105d\u00f3w osobistych tw\u00f3rc\u00f3w filmowych, lecz ich dzie\u0142, przes\u0142ania oraz warto\u015bci, jakie nios\u0105 one widzom&#8221; \u2014 pisz\u0105 w opublikowanym o\u015bwiadczeniu. Podkre\u015blaj\u0105 r\u00f3wnie\u017c, \u017ce wolno\u015b\u0107 wypowiedzi jest gwarantowana przez konstytucj\u0119.<\/p>\n<p class=\"Paragraph_desktopParagraph__U31Gm\">Podj\u0119li jednak decyzj\u0119 o zmianie lokalizacji wydarzenia. Pierwotnie wroc\u0142awska projekcja mia\u0142a odby\u0107 si\u0119 w reprezentacyjnej sali sesyjnej na Dworcu G\u0142\u00f3wnym we Wroc\u0142awiu. Jak informuj\u0105 w komunikacie, miejsce pokazu zosta\u0142o zmienione na pobliski budynek NOT.<\/p>\n<p class=\"Paragraph_desktopParagraph__U31Gm\">Jak podaje Radio Wroc\u0142aw, protest przeciwko wydarzeniu zapowiedzia\u0142 wroc\u0142awski Komitet Obrony Demokracji.<\/p>\n<p>Grzegorz Braun s\u0142ynie z kontrowersji. Zgasi\u0142 \u015bwiece chanukowe i organizowa\u0142 antyukrai\u0144skie marsze <\/p>\n<p class=\"Paragraph_desktopParagraph__U31Gm\">Grzegorz Braun to przewodnicz\u0105cy partii Konfederacja Korony Polskiej i pose\u0142 do Parlamentu Europejskiego. S\u0142ynie z licznych kontrowersyjnych gest\u00f3w. W grudniu 2023 r., za pomoc\u0105 ga\u015bnicy proszkowej zgasi\u0142 w budynku Sejmu \u015bwiece zapalone dla uczczenia \u017cydowskiego \u015bwi\u0119ta Chanuki. <a href=\"https:\/\/wiadomosci.onet.pl\/warszawa\/rozprawa-grzegorza-brauna-europosel-wniosl-o-wylaczenie-sedziego\/tl3ncs9\" id=\"8dc351a8-b822-4ba4-97d9-c2e33461c992\" rel=\"nofollow noopener\" target=\"_blank\">W warszawskim s\u0105dzie rejonowym toczy si\u0119 obecnie proces w tej sprawie<\/a>. Organizowa\u0142 r\u00f3wnie\u017c marsze pod has\u0142em &#8222;<a href=\"https:\/\/www.onet.pl\/informacje\/onetrzeszow\/kuriozalna-frekwencja-podczas-akcji-stop-ukrainizacji-polski-wideo\/ysjfvht,79cfc278\" id=\"46dc57c4-0465-4c3f-96f5-a1a4bfe74061\" rel=\"nofollow noopener\" target=\"_blank\">Stop Ukrainizacji Polski<\/a>&#8222;. Natomiast w maju tego roku europose\u0142 w siedzibie Ministerstwa Przemys\u0142u w Katowicach <a href=\"https:\/\/www.fakt.pl\/polityka\/braun-wywolal-kolejny-skandal-zrobil-to-z-flaga-unii-europejskiej\/r7jh5xy?utm_source=onet&amp;utm_medium=referral&amp;utm_campaign=post\" id=\"2b082421-96ff-40e7-b8da-11784a3ee450\" rel=\"nofollow noopener\" target=\"_blank\">zdj\u0105\u0142 flag\u0119 Unii Europejskiej<\/a> i wytar\u0142 w ni\u0105 buty.<\/p>\n<p class=\"Paragraph_desktopParagraph__U31Gm\">Film &#8222;Gietrzwa\u0142d 1877. Wojna \u015bwiat\u00f3w&#8221;, kt\u00f3rego re\u017cyserem i autorem scenariusza jest Braun, opowiada o jedynych w Polsce objawieniach maryjnych uznanych przez Ko\u015bci\u00f3\u0142.<\/p>\n","protected":false},"excerpt":{"rendered":"Film &#8222;Gietrzwa\u0142d 1877. Wojna \u015bwiat\u00f3w&#8221;, kt\u00f3rego autorem jest Grzegorz Braun, ma zosta\u0107 zaprezentowany w ramach festiwalu organizowanego przez&hellip;\n","protected":false},"author":2,"featured_media":142693,"comment_status":"","ping_status":"","sticky":false,"template":"","format":"standard","meta":{"footnotes":""},"categories":[5],"tags":[32,33,36,37,808,7514,27,67,34,35,28,31,53,25,52,68,51,55,42,38,40,39,41,47,29,30,65,50,26,5423],"class_list":{"0":"post-142692","1":"post","2":"type-post","3":"status-publish","4":"format-standard","5":"has-post-thumbnail","7":"category-naglowki","8":"tag-breaking-news","9":"tag-breakingnews","10":"tag-featured-news","11":"tag-featurednews","12":"tag-film_filmy_kino_kinematografia_aktorka_aktor_aktorzy_aktorki_rezyserzy","13":"tag-grzegorz_braun_polityk_rezyser","14":"tag-headlines","15":"tag-intextvideo_splayer","16":"tag-latest-news","17":"tag-latestnews","18":"tag-naglowki","19":"tag-najwazniejsze-artykuly","20":"tag-new_header","21":"tag-news","22":"tag-onet3","23":"tag-onet3d","24":"tag-onet3d_2i","25":"tag-phx","26":"tag-pl","27":"tag-poland","28":"tag-polish","29":"tag-polska","30":"tag-polski","31":"tag-screening_general","32":"tag-top-stories","33":"tag-topstories","34":"tag-update_me","35":"tag-v2021","36":"tag-wiadomosci","37":"tag-wroclaw_miasto"},"share_on_mastodon":{"url":"","error":"Validation failed: Text character limit of 500 exceeded"},"_links":{"self":[{"href":"https:\/\/www.europesays.com\/pl\/wp-json\/wp\/v2\/posts\/142692","targetHints":{"allow":["GET"]}}],"collection":[{"href":"https:\/\/www.europesays.com\/pl\/wp-json\/wp\/v2\/posts"}],"about":[{"href":"https:\/\/www.europesays.com\/pl\/wp-json\/wp\/v2\/types\/post"}],"author":[{"embeddable":true,"href":"https:\/\/www.europesays.com\/pl\/wp-json\/wp\/v2\/users\/2"}],"replies":[{"embeddable":true,"href":"https:\/\/www.europesays.com\/pl\/wp-json\/wp\/v2\/comments?post=142692"}],"version-history":[{"count":0,"href":"https:\/\/www.europesays.com\/pl\/wp-json\/wp\/v2\/posts\/142692\/revisions"}],"wp:featuredmedia":[{"embeddable":true,"href":"https:\/\/www.europesays.com\/pl\/wp-json\/wp\/v2\/media\/142693"}],"wp:attachment":[{"href":"https:\/\/www.europesays.com\/pl\/wp-json\/wp\/v2\/media?parent=142692"}],"wp:term":[{"taxonomy":"category","embeddable":true,"href":"https:\/\/www.europesays.com\/pl\/wp-json\/wp\/v2\/categories?post=142692"},{"taxonomy":"post_tag","embeddable":true,"href":"https:\/\/www.europesays.com\/pl\/wp-json\/wp\/v2\/tags?post=142692"}],"curies":[{"name":"wp","href":"https:\/\/api.w.org\/{rel}","templated":true}]}}