{"id":142721,"date":"2025-12-10T10:38:10","date_gmt":"2025-12-10T10:38:10","guid":{"rendered":"https:\/\/www.europesays.com\/pl\/142721\/"},"modified":"2025-12-10T10:38:10","modified_gmt":"2025-12-10T10:38:10","slug":"zabral-glos-po-awanturze-z-jedrzejczyk-powiem-wam-co-sie-stalo","status":"publish","type":"post","link":"https:\/\/www.europesays.com\/pl\/142721\/","title":{"rendered":"Zabra\u0142 g\u0142os po awanturze z J\u0119drzejczyk. &#8222;Powiem wam, co si\u0119 sta\u0142o&#8221;"},"content":{"rendered":"\n<p class=\"contentpart contentpart--default contentpart--text\" data-position=\"0\">Po gali UFC 323 W Las Vegas wybuch\u0142a du\u017ca afera z udzia\u0142em <a href=\"https:\/\/sportowefakty.wp.pl\/mma\/joanna-jedrzejczyk\" rel=\"nofollow noopener\" target=\"_blank\">Joanny J\u0119drzejczyk<\/a>. Wszystko przez nagranie, kt\u00f3re trafi\u0142o do sieci. Film przedstawia awantur\u0119 z udzia\u0142em Polki i <a href=\"https:\/\/sportowefakty.wp.pl\/mma\/jamahal-hill\" rel=\"nofollow noopener\" target=\"_blank\">Jamahala Hilla<\/a>. S\u0142ycha\u0107 tam oburzaj\u0105ce s\u0142owa ze strony by\u0142ego mistrza UFC.<\/p>\n<p class=\"contentpart contentpart--default contentpart--text\" data-position=\"1\">&#8211; Znokautuj\u0119 ci\u0119, ku***, je\u015bli dotkniesz mojej dziewczyny &#8211; rzuci\u0142 w pewnym momencie do J\u0119drzejczyk.<\/p>\n<p> <img role=\"presentation\" src=\"https:\/\/std.wpcdn.pl\/images\/adv\/placeholder_wp.svg\" loading=\"lazy\" alt=\"\" decoding=\"async\"\/>  <\/p>\n<p class=\"contentpart contentpart--default contentpart--text\" data-position=\"2\">ZOBACZ WIDEO: Polak zdecydowany na wielki transfer. &#8222;Okre\u015bli\u0142em cele&#8221;<\/p>\n<p class=\"contentpart contentpart--default contentpart--text\" data-position=\"4\">Tym razem g\u0142os w tej sprawie zabra\u0142 Hill. Wojownik MMA przedstawi\u0142 w\u0142asn\u0105 wersj\u0119 wydarze\u0144. Przyzna\u0142, \u017ce pocz\u0105tkowo nic nie zwiastowa\u0142o awantury i rozmowa z &#8222;JJ&#8221; wygl\u0105da\u0142a normalnie. To nasza rodaczka mia\u0142a pyta\u0107, dlaczego nie ma jego dziewczyny.<\/p>\n<p class=\"contentpart contentpart--default contentpart--text\" data-position=\"5\">&#8211; Powiem wam, co si\u0119 sta\u0142o (&#8230;)\u00a0Gdybym mia\u0142 sobie co\u015b wymarzy\u0107 w zwi\u0105zku z tym incydentem, to chcia\u0142bym mie\u0107 kamer\u0119, \u017cebym nie musia\u0142 nic m\u00f3wi\u0107. M\u00f3g\u0142bym po prostu nacisn\u0105\u0107 play, a ludzie by zobaczyli, jakie kompletne szale\u0144stwo rozp\u0119ta\u0142a ta pani &#8211; m\u00f3wi 34-latek.<\/p>\n<p class=\"contentpart contentpart--default contentpart--text\" data-position=\"6\">Hill mia\u0142 dopytywa\u0107, dlaczego J\u0119drzejczyk jest zdenerwowana. Wtedy Polka rzekomo zacz\u0119\u0142a mu grozi\u0107.<\/p>\n<p> <img role=\"presentation\" src=\"https:\/\/std.wpcdn.pl\/images\/adv\/placeholder_wp.svg\" loading=\"lazy\" alt=\"\" decoding=\"async\"\/>  <\/p>\n<p class=\"contentpart contentpart--default contentpart--text\" data-position=\"7\">&#8211; Nagle m\u00f3wi: &#8222;Powinnam by\u0142a rozwali\u0107 \u0142eb twojej dziewczynie&#8221;. Wtedy sobie pomy\u015bla\u0142em, \u017ce grozi mi i mojej dziewczynie, a ja jej nie grozi\u0142em. Nie podnios\u0142em na ni\u0105 g\u0142osu. Zapyta\u0142em tylko, o co chodzi. W pewnym momencie j\u0105 z\u0142apali i zacz\u0119li odci\u0105ga\u0107, a wtedy na g\u0142os m\u00f3wi\u0142a: &#8222;Poczekaj. Rozwal\u0119 ciebie i rozwal\u0119 twoj\u0105 dziewczyn\u0119&#8221;. Wtedy ja na to: &#8222;Hej, gdyby\u015b dotkn\u0119\u0142a mojej dziewczyny, to bym ci\u0119 znokautowa\u0142&#8221; &#8211; doda\u0142.<\/p>\n<p class=\"contentpart contentpart--default contentpart--text\" data-position=\"8\">By\u0142y mistrz UFC nast\u0119pnie zdradzi\u0142, co mog\u0142o by\u0107 g\u0142\u00f3wn\u0105 przyczyn\u0105 afery. Podobno kilka lat temu j\u0105 podrywa\u0142, ale nic z tego nie wysz\u0142o. Potem na ten temat wygada\u0142 si\u0119 mened\u017cer &#8222;JJ&#8221; w obecno\u015bci aktualnej partnerki wojownika. Ona jednak mia\u0142a ju\u017c o tym wiedzie\u0107.<\/p>\n<p class=\"contentpart contentpart--default contentpart--text\" data-position=\"9\">&#8211; Od tamtej pory nie by\u0142o ju\u017c \u017cadnych nieporozumie\u0144 &#8211; o\u015bwiadczy\u0142.<\/p>\n<p class=\"contentpart contentpart--default contentpart--text\" data-position=\"10\">Na reakcj\u0119 Joanny J\u0119drzejczyk nie trzeba by\u0142o d\u0142ugo czeka\u0107. W portalu X zamie\u015bci\u0142a kr\u00f3tki komentarz w odpowiedzi na film Hilla. Wcze\u015bniej te\u017c wyda\u0142a o\u015bwiadczenie, kt\u00f3re mo\u017cecie znale\u017a\u0107 <a href=\"https:\/\/sportowefakty.wp.pl\/mma\/1224063\/zagrozil-jedrzejczyk-ze-ja-uderzy-blyskawiczna-reakcja-polki\" rel=\"nofollow noopener\" target=\"_blank\">TUTAJ<\/a>.<\/p>\n<p> <img role=\"presentation\" src=\"https:\/\/std.wpcdn.pl\/images\/adv\/placeholder_wp.svg\" loading=\"lazy\" alt=\"\" decoding=\"async\"\/>  <\/p>\n<p class=\"contentpart contentpart--default contentpart--text\" data-position=\"11\">&#8222;K\u0142amstwa na pot\u0119g\u0119, Jamal. Znam prawd\u0119. I tak, szkoda, \u017ce \u200b\u200bnie mia\u0142e\u015b w\u0142\u0105czonej kamery&#8221; &#8211; napisa\u0142a.<\/p>\n<p class=\"contentpart contentpart--default contentpart--text\" data-position=\"12\">Co ciekawe, pocz\u0105tkowo wydawa\u0142o si\u0119, \u017ce dziewczyna Hilla towarzyszy\u0142a mu na gali. Najpierw jednak sama zainteresowana, a potem tak\u017ce Jamahalpotwierdzili, \u017ce wtedy siedzia\u0142a w domu.<\/p>\n","protected":false},"excerpt":{"rendered":"Po gali UFC 323 W Las Vegas wybuch\u0142a du\u017ca afera z udzia\u0142em Joanny J\u0119drzejczyk. Wszystko przez nagranie, kt\u00f3re&hellip;\n","protected":false},"author":2,"featured_media":142722,"comment_status":"","ping_status":"","sticky":false,"template":"","format":"standard","meta":{"footnotes":""},"categories":[24],"tags":[28778,28779,1255,42,38,40,39,41,127,268,126,1256,4848],"class_list":{"0":"post-142721","1":"post","2":"type-post","3":"status-publish","4":"format-standard","5":"has-post-thumbnail","7":"category-sport","8":"tag-jamahal-hill","9":"tag-joanna-jedrzejczyk","10":"tag-mma","11":"tag-pl","12":"tag-poland","13":"tag-polish","14":"tag-polska","15":"tag-polski","16":"tag-sport","17":"tag-sportowybar","18":"tag-sports","19":"tag-sporty-walki","20":"tag-ufc"},"share_on_mastodon":{"url":"https:\/\/pubeurope.com\/@pl\/115694843489779755","error":""},"_links":{"self":[{"href":"https:\/\/www.europesays.com\/pl\/wp-json\/wp\/v2\/posts\/142721","targetHints":{"allow":["GET"]}}],"collection":[{"href":"https:\/\/www.europesays.com\/pl\/wp-json\/wp\/v2\/posts"}],"about":[{"href":"https:\/\/www.europesays.com\/pl\/wp-json\/wp\/v2\/types\/post"}],"author":[{"embeddable":true,"href":"https:\/\/www.europesays.com\/pl\/wp-json\/wp\/v2\/users\/2"}],"replies":[{"embeddable":true,"href":"https:\/\/www.europesays.com\/pl\/wp-json\/wp\/v2\/comments?post=142721"}],"version-history":[{"count":0,"href":"https:\/\/www.europesays.com\/pl\/wp-json\/wp\/v2\/posts\/142721\/revisions"}],"wp:featuredmedia":[{"embeddable":true,"href":"https:\/\/www.europesays.com\/pl\/wp-json\/wp\/v2\/media\/142722"}],"wp:attachment":[{"href":"https:\/\/www.europesays.com\/pl\/wp-json\/wp\/v2\/media?parent=142721"}],"wp:term":[{"taxonomy":"category","embeddable":true,"href":"https:\/\/www.europesays.com\/pl\/wp-json\/wp\/v2\/categories?post=142721"},{"taxonomy":"post_tag","embeddable":true,"href":"https:\/\/www.europesays.com\/pl\/wp-json\/wp\/v2\/tags?post=142721"}],"curies":[{"name":"wp","href":"https:\/\/api.w.org\/{rel}","templated":true}]}}