{"id":142731,"date":"2025-12-10T10:44:09","date_gmt":"2025-12-10T10:44:09","guid":{"rendered":"https:\/\/www.europesays.com\/pl\/142731\/"},"modified":"2025-12-10T10:44:09","modified_gmt":"2025-12-10T10:44:09","slug":"kult-z-ogloszeniem-w-sprawie-koncertow-musimy-przekazac-trudna-decyzje","status":"publish","type":"post","link":"https:\/\/www.europesays.com\/pl\/142731\/","title":{"rendered":"Kult z og\u0142oszeniem w sprawie koncert\u00f3w. &#8222;Musimy przekaza\u0107 trudn\u0105 decyzj\u0119&#8221;"},"content":{"rendered":"<p class=\"ods-c-paragraph \">&#8222;Drodzy, przechodzimy teraz wyj\u0105tkowo trudny, ale te\u017c wa\u017cny moment. Taki, kt\u00f3ry przypomina nam wszystkim, co jest naprawd\u0119 najwa\u017cniejsze. A bez cienia w\u0105tpliwo\u015bci jest to zdrowie Kazika i wierzymy, \u017ce wszyscy jeste\u015bmy tu w tym absolutnie zgodni. W zwi\u0105zku z tym musimy przekaza\u0107 wam trudn\u0105, ale konieczn\u0105 decyzj\u0119 dotycz\u0105c\u0105 naszego kalendarza koncertowego. Ot\u00f3\u017c odwo\u0142ane zostaj\u0105 wszystkie koncerty z udzia\u0142em Kazika w okresie od stycznia do kwietnia&#8221; \u2014 czytamy na facebookowym profilu Kultu.<\/p>\n<p> Dlaczego odwo\u0142ano koncerty Kultu? <\/p>\n<p> Jakie koncerty zosta\u0142y odwo\u0142ane? <\/p>\n<p> Co m\u00f3wi\u0105 fani o decyzji zespo\u0142u? <\/p>\n<p> Jaka jest obecna sytuacja zdrowotna Kazika? <\/p>\n<p class=\"ods-c-paragraph \">&#8222;Dotyczy to r\u00f3wnie\u017c zaplanowanej tegorocznej trasy 'Kult Akustik&#8217;. Wierzymy, \u017ce najbli\u017csze miesi\u0105ce przynios\u0105 Kaziowi spok\u00f3j, regeneracj\u0119 i powr\u00f3t do pe\u0142ni si\u0142. Z ca\u0142ego serca \u017cyczymy mu, aby wr\u00f3ci\u0142 zdrowy, silny i pe\u0142en energii \u2014 czekamy na ten moment z nadziej\u0105 i optymizmem&#8221; \u2014 dodaje grupa.<\/p>\n<p class=\"ods-c-paragraph \">Fani pod wpisem przyznaj\u0105, \u017ce grupa podj\u0119\u0142a s\u0142uszn\u0105 decyzj\u0119. &#8222;Co prawda uda\u0142o nam si\u0119 kupi\u0107 bilety na Wroc\u0142aw Akustyczny w pierwszym rz\u0119dzie, ale zdrowie najwa\u017cniejsze. Odrobimy!&#8221;, &#8222;S\u0142uszna decyzja. Zdrowiej nam Panie Kazimierzu&#8221;, &#8222;Kazik przede wszystkim ma i\u015b\u0107 na leczenie. Fani i fanki poczekaj\u0105. Cia\u0142o i psych\u0119 najwa\u017cniejsze teraz&#8221;, &#8222;Zdrowie Kazika teraz najwa\u017cniejsze dla wszystkich&#8221; \u2014 pisz\u0105.<\/p>\n<p class=\"ods-c-paragraph \">Przypomnijmy, \u017ce Kult mia\u0142 wyst\u0105pi\u0107 5 grudnia na Teneryfie. Jednak w czwartek, za po\u015brednictwem medi\u00f3w spo\u0142eczno\u015bciowych, poinformowa\u0142, \u017ce znalaz\u0142 si\u0119 na OIOM-ie w zwi\u0105zku z komplikacjami po zabiegu usuni\u0119cia wyrostka robaczkowego. Grupa ostatecznie zagra\u0142a koncert bez niego. Na scenie pojawi\u0142 si\u0119 syn Kazika, Jan Staszewski, znany pod pseudonimem Janusz.<\/p>\n<p class=\"ods-c-paragraph \">Sytuacja zdrowotna Kazika jest obecnie coraz lepsza. Muzyk zosta\u0142 przeniesiony z oddzia\u0142u intensywnej terapii na zwyk\u0142\u0105 sal\u0119. &#8222;Od wczoraj mo\u017ce ju\u017c samodzielnie pi\u0107 wod\u0119, a tak\u017ce zaczyna wstawa\u0107 z \u0142\u00f3\u017cka. Od jutra zaplanowane s\u0105 pierwsze lekkie posi\u0142ki. Te drobne, ale jak\u017ce wa\u017cne post\u0119py nape\u0142niaj\u0105 nas ogromn\u0105 nadziej\u0105 na jego powr\u00f3t do pe\u0142ni si\u0142&#8221; \u2014 informowa\u0142 Kult.<\/p>\n<p class=\"ods-c-paragraph \">Jak sam muzyk przyzna\u0142 w mediach spo\u0142eczno\u015bciowych, jego dolegliwo\u015bci &#8222;wynikaj\u0105 z zaniedbania, jakie poczyni\u0142, a nie z powodu nieprawid\u0142owo wykonanego usuni\u0119cia wyrostka&#8221;.<\/p>\n<p class=\"ods-c-paragraph \">&#8222;Par\u0119 dni temu moje flaki by\u0142y tak nieczytelne i dalekie od przejrzysto\u015bci, \u017ce na skutek s\u0142abo\u015bci hiszpa\u0144skiego dosz\u0142o do nieporozumienia. Zabieg, powtarzam, zosta\u0142 wykonany prawid\u0142owo, co dotar\u0142o do mnie, jak zacz\u0105\u0142em to i owo kojarzy\u0107, o co na OIOM-ie nie\u0142atwo&#8221; \u2014 napisa\u0142.<\/p>\n","protected":false},"excerpt":{"rendered":"&#8222;Drodzy, przechodzimy teraz wyj\u0105tkowo trudny, ale te\u017c wa\u017cny moment. Taki, kt\u00f3ry przypomina nam wszystkim, co jest naprawd\u0119 najwa\u017cniejsze.&hellip;\n","protected":false},"author":2,"featured_media":142732,"comment_status":"","ping_status":"","sticky":false,"template":"","format":"standard","meta":{"footnotes":""},"categories":[5],"tags":[32,33,36,37,27,23212,23211,34,35,1252,28,919,31,48,25,46,42,38,40,39,41,47,29,30,26],"class_list":{"0":"post-142731","1":"post","2":"type-post","3":"status-publish","4":"format-standard","5":"has-post-thumbnail","7":"category-naglowki","8":"tag-breaking-news","9":"tag-breakingnews","10":"tag-featured-news","11":"tag-featurednews","12":"tag-headlines","13":"tag-kazik_staszewski","14":"tag-kult","15":"tag-latest-news","16":"tag-latestnews","17":"tag-muzyka","18":"tag-naglowki","19":"tag-najnowsze_wiadomosci_kultura","20":"tag-najwazniejsze-artykuly","21":"tag-nat_styl","22":"tag-news","23":"tag-omp","24":"tag-pl","25":"tag-poland","26":"tag-polish","27":"tag-polska","28":"tag-polski","29":"tag-screening_general","30":"tag-top-stories","31":"tag-topstories","32":"tag-wiadomosci"},"share_on_mastodon":{"url":"https:\/\/pubeurope.com\/@pl\/115694866771402329","error":""},"_links":{"self":[{"href":"https:\/\/www.europesays.com\/pl\/wp-json\/wp\/v2\/posts\/142731","targetHints":{"allow":["GET"]}}],"collection":[{"href":"https:\/\/www.europesays.com\/pl\/wp-json\/wp\/v2\/posts"}],"about":[{"href":"https:\/\/www.europesays.com\/pl\/wp-json\/wp\/v2\/types\/post"}],"author":[{"embeddable":true,"href":"https:\/\/www.europesays.com\/pl\/wp-json\/wp\/v2\/users\/2"}],"replies":[{"embeddable":true,"href":"https:\/\/www.europesays.com\/pl\/wp-json\/wp\/v2\/comments?post=142731"}],"version-history":[{"count":0,"href":"https:\/\/www.europesays.com\/pl\/wp-json\/wp\/v2\/posts\/142731\/revisions"}],"wp:featuredmedia":[{"embeddable":true,"href":"https:\/\/www.europesays.com\/pl\/wp-json\/wp\/v2\/media\/142732"}],"wp:attachment":[{"href":"https:\/\/www.europesays.com\/pl\/wp-json\/wp\/v2\/media?parent=142731"}],"wp:term":[{"taxonomy":"category","embeddable":true,"href":"https:\/\/www.europesays.com\/pl\/wp-json\/wp\/v2\/categories?post=142731"},{"taxonomy":"post_tag","embeddable":true,"href":"https:\/\/www.europesays.com\/pl\/wp-json\/wp\/v2\/tags?post=142731"}],"curies":[{"name":"wp","href":"https:\/\/api.w.org\/{rel}","templated":true}]}}