{"id":142753,"date":"2025-12-10T10:57:09","date_gmt":"2025-12-10T10:57:09","guid":{"rendered":"https:\/\/www.europesays.com\/pl\/142753\/"},"modified":"2025-12-10T10:57:09","modified_gmt":"2025-12-10T10:57:09","slug":"pis-chce-debatowac-ze-studentami-jak-charlie-kirk-studenci-tej-uczelni-odmowili-spotkania","status":"publish","type":"post","link":"https:\/\/www.europesays.com\/pl\/142753\/","title":{"rendered":"PiS chce debatowa\u0107 ze studentami jak Charlie Kirk. Studenci tej uczelni odm\u00f3wili spotkania"},"content":{"rendered":"<ul class=\"UnorderedList_container__nmfSl\">\n<li class=\"UnorderedList_listElement__Py7xi\" data-id=\"ai-summary-link\">Du\u017co czytania, a ma\u0142o czasu? Sprawd\u017a\u00a0skr\u00f3t\u00a0artyku\u0142u<\/li>\n<\/ul>\n<p class=\"Paragraph_desktopParagraph__U31Gm\">&#8222;Zmie\u0144 nasze zdanie&#8221; \u2014 <a href=\"https:\/\/wiadomosci.onet.pl\/kraj\/jaroslaw-kaczynski-oglasza-nowa-akcje-pis-nawiazal-do-amerykanskiego-aktywisty\/jr3svxe\" id=\"f89d6e98-fe3c-4520-8bf6-0f98eea55c6c\" rel=\"nofollow noopener\" target=\"_blank\">akcj\u0119 o takiej nazwie og\u0142osi\u0142 w poniedzia\u0142ek Jaros\u0142aw Kaczy\u0144ski<\/a>, prezes PiS. Jej nazwa zaczerpni\u0119ta jest z dzia\u0142a\u0144 Charliego Kirka, czyli jednego z lider\u00f3w protrumpowskiego ruchu &#8222;Make America Great Again&#8221;. Kirk organizowa\u0142 debaty na kampusach uczelni w Stanach Zjednoczonych \u2014 przez jego \u015brodowisko uznawane za lewicowe \u2014 aby przekonywa\u0107 student\u00f3w do swoich racji. Kirk nale\u017ca\u0142 do krytyk\u00f3w m.in. polityki pandemicznej i konsensusu naukowego w sprawie zmian klimatycznych. <a href=\"https:\/\/wiadomosci.onet.pl\/swiat\/charlie-kirk-nie-zyje-byl-jednym-z-liderow-protrumpowskiego-ruchu-maga\/gnb0060\" id=\"02db3e55-c194-4f00-8fb3-d778b478dd9c\" rel=\"nofollow noopener\" target=\"_blank\">Aktywista zgin\u0105\u0142 zastrzelony podczas jednego z wiec\u00f3w na uczelni.<\/a><\/p>\n<p class=\"Paragraph_desktopParagraph__U31Gm\">\u2014 Chcemy zwr\u00f3ci\u0107 si\u0119 do m\u0142odzie\u017cy akademickiej i w zwi\u0105zku z tym rozpoczynamy akcj\u0119 serii dyskusji na uniwersytetach \u2014 m\u00f3wi w poniedzia\u0142ek Kaczy\u0144ski. \u2014 Uniwersytet powinien by\u0107 sfer\u0105 wolno\u015bci. Wystosowali\u015bmy listy i w niejednym wypadku otrzymali\u015bmy zgody.<\/p>\n<p>Rektor: ko\u0142o naukowe zdecydowa\u0142o, \u017ce si\u0119 nie podejmuje <\/p>\n<p class=\"Paragraph_desktopParagraph__U31Gm\">Jak precyzowa\u0142 Patryk Jaki, wiceprezes PiS, listy, o kt\u00f3rych wspomina\u0142 Kaczy\u0144ski, &#8222;zosta\u0142y wystosowane do wszystkich najwa\u017cniejszych k\u00f3\u0142 naukowych przy uniwersytetach w Polsce&#8221;. Od wtorku pr\u00f3bowali\u015bmy znale\u017a\u0107 takie ko\u0142a, aby zapyta\u0107 o reakcj\u0119 student\u00f3w i uczelni. Onetowi adresat\u00f3w list\u00f3w nie wskaza\u0142 Tobiasz Boche\u0144ski, czyli kolejny z wiceprezes\u00f3w PiS obecny przy Kaczy\u0144skim przy og\u0142aszaniu akcji. Boche\u0144ski zapowiedzia\u0142 nam, \u017ce nowe informacje na temat akcji b\u0119d\u0105 przekazane na nast\u0119pnej konferencji prasowej.<\/p>\n<p class=\"VideoPlayerText_videoPlayerText__iDwyz\">Dalszy ci\u0105g materia\u0142u pod wideo<\/p>\n<p class=\"Paragraph_desktopParagraph__U31Gm\">Szukaj\u0105c student\u00f3w, kt\u00f3rzy zgodzili si\u0119 na debat\u0119 w stylu Charliego Kirka, znale\u017ali\u015bmy pierwsz\u0105 odmow\u0119.<\/p>\n<ul class=\"OchatFollowUps_wrapper__1ry7X\">\n<li class=\"OchatFollowUps_item__Dhyly OchatFollowUps_itemDesktop__R6aBv\">Jakie uniwersytety wyrazi\u0142y zgod\u0119 na akcj\u0119 PiS?<\/li>\n<li class=\"OchatFollowUps_item__Dhyly OchatFollowUps_itemDesktop__R6aBv\">Czy studenci Uniwersytetu w Bia\u0142ymstoku zgodzili si\u0119 na debat\u0119?<\/li>\n<li class=\"OchatFollowUps_item__Dhyly OchatFollowUps_itemDesktop__R6aBv\">Co to jest akcja 'Zmie\u0144 nasze zdanie&#8217;?<\/li>\n<li class=\"OchatFollowUps_item__Dhyly OchatFollowUps_itemDesktop__R6aBv\">Kto og\u0142osi\u0142 akcj\u0119 debat PiS?<\/li>\n<\/ul>\n<p class=\"Paragraph_desktopParagraph__U31Gm\">\u2014 Pismo dotycz\u0105ce ewentualnej debaty zosta\u0142o skierowane bezpo\u015brednio do jednego z k\u00f3\u0142 naukowych, dzia\u0142aj\u0105cych w ramach samorz\u0105dno\u015bci studenckiej \u2014 poinformowa\u0142 Onet prof. Mariusz Pop\u0142awski, rektor Uniwersytetu w Bia\u0142ymstoku. \u2014 Ko\u0142o, po zapoznaniu si\u0119 z propozycj\u0105, zdecydowa\u0142o, \u017ce nie podejmie si\u0119 organizacji tego wydarzenia. Jest to autonomiczna decyzja organizacji studenckiej, podejmowana zgodnie z przys\u0142uguj\u0105c\u0105 jej swobod\u0105 planowania i realizacji w\u0142asnych inicjatyw.<\/p>\n<p>Ko\u0142a chc\u0105 uprzedzi\u0107 zarzuty o &#8222;upolitycznienie&#8221; <\/p>\n<p class=\"Paragraph_desktopParagraph__U31Gm\">Prof. Pop\u0142awski zaznaczy\u0142 w swojej odpowiedzi, \u017ce &#8222;Uniwersytet w Bia\u0142ymstoku nie otrzyma\u0142 zapytania skierowanego do w\u0142adz uczelni&#8221;. Og\u00f3\u0142em we wtorek Onet wys\u0142a\u0142 pytania o listy od PiS do 24 uczelni notowanych w kategorii &#8222;Uniwersytety&#8221; w <a href=\"https:\/\/www.onet.pl\/styl-zycia\/perspektywy\/ranking-szkol-wyzszych-perspektywy-2025\/21ktp09,0666d3f1\" id=\"99a24e50-6dff-4ae6-9d29-615679f6648f\" rel=\"nofollow noopener\" target=\"_blank\">&#8222;Rankingu Szk\u00f3\u0142 Wy\u017cszych Perspektywy 2025&#8221;<\/a>. Jak dot\u0105d otrzymali\u015bmy odpowiedzi od po\u0142owy z nich (w tym od wi\u0119kszo\u015bci z czo\u0142\u00f3wki polskich uniwersytet\u00f3w). Z uzyskanych informacji wynika, \u017ce tylko w\u0142adze uczelni w Bia\u0142ymstoku maj\u0105 wiedz\u0119 o podj\u0119tej przez PiS pr\u00f3bie organizacji debaty ze studentami.<\/p>\n<p class=\"Paragraph_desktopParagraph__U31Gm\">Jednak, jak nieoficjalnie przyznaje cz\u0119\u015b\u0107 z rektorat\u00f3w, mo\u017cliwe s\u0105 sytuacje, w kt\u00f3rych partia wys\u0142a\u0142a ju\u017c oferty do k\u00f3\u0142 naukowych, ale nie dotar\u0142y one jeszcze do uczelnianej &#8222;centrali&#8221;.<\/p>\n<p class=\"Paragraph_desktopParagraph__U31Gm\">Onet kontaktowa\u0142 si\u0119 tak\u017ce bezpo\u015brednio z przedstawicielami r\u00f3\u017cnych k\u00f3\u0142 naukowych na uniwersytetach \u2014 w tym w Warszawie i we Wroc\u0142awiu. W\u015br\u00f3d tych, z kt\u00f3rymi rozmawiali\u015bmy, nie by\u0142o adresat\u00f3w list\u00f3w od PiS. Zwykle reprezentanci k\u00f3\u0142 zaznaczali, \u017ce w przypadku otrzymania oferty od partii przed podj\u0119ciem decyzji skontaktowaliby si\u0119 z w\u0142adzami uniwersytetu \u2014 a przynajmniej wydzia\u0142u \u2014 aby unikn\u0105\u0107 ewentualnych zarzut\u00f3w o &#8222;upolitycznienie&#8221; przestrzeni uczelni.<\/p>\n","protected":false},"excerpt":{"rendered":"Du\u017co czytania, a ma\u0142o czasu? Sprawd\u017a\u00a0skr\u00f3t\u00a0artyku\u0142u &#8222;Zmie\u0144 nasze zdanie&#8221; \u2014 akcj\u0119 o takiej nazwie og\u0142osi\u0142 w poniedzia\u0142ek Jaros\u0142aw&hellip;\n","protected":false},"author":2,"featured_media":142754,"comment_status":"","ping_status":"","sticky":false,"template":"","format":"standard","meta":{"footnotes":""},"categories":[12],"tags":[32,33,2517,36,37,27,67,422,34,35,28,31,53,25,52,68,51,26831,55,42,38,40,39,41,47,3988,29,30,29070,50,26],"class_list":{"0":"post-142753","1":"post","2":"type-post","3":"status-publish","4":"format-standard","5":"has-post-thumbnail","7":"category-polska","8":"tag-breaking-news","9":"tag-breakingnews","10":"tag-charlie_kirk","11":"tag-featured-news","12":"tag-featurednews","13":"tag-headlines","14":"tag-intextvideo_splayer","15":"tag-jaroslaw_kaczynski","16":"tag-latest-news","17":"tag-latestnews","18":"tag-naglowki","19":"tag-najwazniejsze-artykuly","20":"tag-new_header","21":"tag-news","22":"tag-onet3","23":"tag-onet3d","24":"tag-onet3d_2i","25":"tag-patryk_jaki","26":"tag-phx","27":"tag-pl","28":"tag-poland","29":"tag-polish","30":"tag-polska","31":"tag-polski","32":"tag-screening_general","33":"tag-tobiasz_bochenski","34":"tag-top-stories","35":"tag-topstories","36":"tag-uniwersytet_w_bialymstoku","37":"tag-v2021","38":"tag-wiadomosci"},"share_on_mastodon":{"url":"https:\/\/pubeurope.com\/@pl\/115694917814037913","error":""},"_links":{"self":[{"href":"https:\/\/www.europesays.com\/pl\/wp-json\/wp\/v2\/posts\/142753","targetHints":{"allow":["GET"]}}],"collection":[{"href":"https:\/\/www.europesays.com\/pl\/wp-json\/wp\/v2\/posts"}],"about":[{"href":"https:\/\/www.europesays.com\/pl\/wp-json\/wp\/v2\/types\/post"}],"author":[{"embeddable":true,"href":"https:\/\/www.europesays.com\/pl\/wp-json\/wp\/v2\/users\/2"}],"replies":[{"embeddable":true,"href":"https:\/\/www.europesays.com\/pl\/wp-json\/wp\/v2\/comments?post=142753"}],"version-history":[{"count":0,"href":"https:\/\/www.europesays.com\/pl\/wp-json\/wp\/v2\/posts\/142753\/revisions"}],"wp:featuredmedia":[{"embeddable":true,"href":"https:\/\/www.europesays.com\/pl\/wp-json\/wp\/v2\/media\/142754"}],"wp:attachment":[{"href":"https:\/\/www.europesays.com\/pl\/wp-json\/wp\/v2\/media?parent=142753"}],"wp:term":[{"taxonomy":"category","embeddable":true,"href":"https:\/\/www.europesays.com\/pl\/wp-json\/wp\/v2\/categories?post=142753"},{"taxonomy":"post_tag","embeddable":true,"href":"https:\/\/www.europesays.com\/pl\/wp-json\/wp\/v2\/tags?post=142753"}],"curies":[{"name":"wp","href":"https:\/\/api.w.org\/{rel}","templated":true}]}}