{"id":142786,"date":"2025-12-10T11:15:07","date_gmt":"2025-12-10T11:15:07","guid":{"rendered":"https:\/\/www.europesays.com\/pl\/142786\/"},"modified":"2025-12-10T11:15:07","modified_gmt":"2025-12-10T11:15:07","slug":"wlozyla-naked-dress-heidi-klum-na-zdjeciach-paparazzi","status":"publish","type":"post","link":"https:\/\/www.europesays.com\/pl\/142786\/","title":{"rendered":"W\u0142o\u017cy\u0142a &#8222;naked dress&#8221;. Heidi Klum na zdj\u0119ciach paparazzi"},"content":{"rendered":"<p><a href=\"https:\/\/kobieta.wp.pl\/heidi-klum-temat-5846881669505409\" rel=\"noopener noreferrer nofollow\" target=\"_blank\">Heidi Klum<\/a> uwielbia modowe ekstrawagancje. Na ryzykownych posuni\u0119ciach nie zawsze zyskuje, gdy\u017c zdarza jej si\u0119 ociera\u0107 o\u00a0kicz czy przesad\u0119. Ale nie da si\u0119 zaprzeczy\u0107 temu, \u017ce skupia na sobie sporo uwagi. <\/p>\n<p>Ostatnio paparazzi zrobili jej zdj\u0119cia na planie programu &#8222;Germany&#8217;s Next Top Model&#8221;, kt\u00f3ry prezenterka prowadzi od lat. Sama wywodzi si\u0119 bowiem z\u00a0modelingu. Nagrania do nowego odcinka odby\u0142y si\u0119 na s\u0142ynnej pla\u017cy Venice Beach, gdzie aktualnie panuje i\u015bcie wakacyjna pogoda. Heidi Klum skusi\u0142a si\u0119 na &#8222;naked dress&#8221; z\u00a0b\u0142yszcz\u0105cej siateczki. <\/p>\n<p>Sara James o\u00a0relacji z\u00a0Heidi Klum. Jaka modelka jest prywatnie?<\/p>\n<p>&#8222;Nagie&#8221; sukienki, cho\u0107 kr\u00f3luj\u0105 na czerwonych dywanach od kilku sezon\u00f3w i\u00a0s\u0105 uznawane za kontrowersyjne, to znane by\u0142y jeszcze w\u00a0czasach przedwojennych. Nosi\u0142y je ikony Hollywood, potem Cher, by zas\u0142yn\u0105\u0107 jeszcze w\u00a0latach 90. dzi\u0119ki Kate Moss. Eksponowanie cia\u0142a w\u00a0prze\u015bwituj\u0105cych, mieni\u0105cych si\u0119 w\u00a0\u015bwietle b\u0105d\u017a delikatnych niczym mgie\u0142ka tkaninach nie jest zatem niczym nowym. <\/p>\n<p>&#8222;Naked dress&#8221; w\u00a0wydaniu Heidi Klum wyr\u00f3\u017cnia si\u0119 b\u0142yskiem i\u00a0g\u0142\u0119bokim dekoltem. Modelka dobra\u0142a do stylizacji p\u0142aszczyk pokryty jasnymi pi\u00f3rami, kt\u00f3ry doda\u0142 ca\u0142o\u015bci lekko\u015bci i\u00a0figlarno\u015bci. Warto te\u017c zwr\u00f3ci\u0107 uwag\u0119 na &#8222;niewidzialne buty&#8221;, czyli szpilki z\u00a0przezroczystymi paseczkami. Dope\u0142nieniem looku by\u0142y oczywi\u015bcie okulary przeciws\u0142oneczne. <\/p>\n<p>Zapraszamy na grup\u0119 na Facebooku &#8211;\u00a0<a href=\"https:\/\/www.facebook.com\/groups\/540919303734252\" rel=\"noopener noreferrer nofollow\" target=\"_blank\">#Samodba\u0142o\u015b\u0107<\/a>. To tu b\u0119dziemy informowa\u0107 na bie\u017c\u0105co o\u00a0wywiadach, nowych historiach. Do\u0142\u0105czcie do nas i\u00a0zapro\u015bcie wszystkie znajome. Czekamy na was!<\/p>\n","protected":false},"excerpt":{"rendered":"Heidi Klum uwielbia modowe ekstrawagancje. Na ryzykownych posuni\u0119ciach nie zawsze zyskuje, gdy\u017c zdarza jej si\u0119 ociera\u0107 o\u00a0kicz czy&hellip;\n","protected":false},"author":2,"featured_media":142787,"comment_status":"","ping_status":"","sticky":false,"template":"","format":"standard","meta":{"footnotes":""},"categories":[20],"tags":[120,118,119,42,38,40,39,41,116,114,115,121,117],"class_list":{"0":"post-142786","1":"post","2":"type-post","3":"status-publish","4":"format-standard","5":"has-post-thumbnail","7":"category-nauka-i-technika","8":"tag-nauka","9":"tag-nauka-i-technika","10":"tag-naukatechnika","11":"tag-pl","12":"tag-poland","13":"tag-polish","14":"tag-polska","15":"tag-polski","16":"tag-science","17":"tag-science-and-technology","18":"tag-sciencetechnology","19":"tag-technika","20":"tag-technology"},"share_on_mastodon":{"url":"https:\/\/pubeurope.com\/@pl\/115694988583337381","error":""},"_links":{"self":[{"href":"https:\/\/www.europesays.com\/pl\/wp-json\/wp\/v2\/posts\/142786","targetHints":{"allow":["GET"]}}],"collection":[{"href":"https:\/\/www.europesays.com\/pl\/wp-json\/wp\/v2\/posts"}],"about":[{"href":"https:\/\/www.europesays.com\/pl\/wp-json\/wp\/v2\/types\/post"}],"author":[{"embeddable":true,"href":"https:\/\/www.europesays.com\/pl\/wp-json\/wp\/v2\/users\/2"}],"replies":[{"embeddable":true,"href":"https:\/\/www.europesays.com\/pl\/wp-json\/wp\/v2\/comments?post=142786"}],"version-history":[{"count":0,"href":"https:\/\/www.europesays.com\/pl\/wp-json\/wp\/v2\/posts\/142786\/revisions"}],"wp:featuredmedia":[{"embeddable":true,"href":"https:\/\/www.europesays.com\/pl\/wp-json\/wp\/v2\/media\/142787"}],"wp:attachment":[{"href":"https:\/\/www.europesays.com\/pl\/wp-json\/wp\/v2\/media?parent=142786"}],"wp:term":[{"taxonomy":"category","embeddable":true,"href":"https:\/\/www.europesays.com\/pl\/wp-json\/wp\/v2\/categories?post=142786"},{"taxonomy":"post_tag","embeddable":true,"href":"https:\/\/www.europesays.com\/pl\/wp-json\/wp\/v2\/tags?post=142786"}],"curies":[{"name":"wp","href":"https:\/\/api.w.org\/{rel}","templated":true}]}}