{"id":142821,"date":"2025-12-10T11:34:12","date_gmt":"2025-12-10T11:34:12","guid":{"rendered":"https:\/\/www.europesays.com\/pl\/142821\/"},"modified":"2025-12-10T11:34:12","modified_gmt":"2025-12-10T11:34:12","slug":"bedzie-sensacja-w-polfinale-pucharu-polski-co-za-losowanie-przeglad-sportowy-onet","status":"publish","type":"post","link":"https:\/\/www.europesays.com\/pl\/142821\/","title":{"rendered":"B\u0119dzie sensacja w p\u00f3\u0142finale Pucharu Polski! Co za losowanie! &#8211; Przegl\u0105d Sportowy Onet"},"content":{"rendered":"<ol>\n<li><a href=\"https:\/\/news.google.com\/rss\/articles\/CBMiwwFBVV95cUxORWZZQTVYV2dTSHFhY1NOUE9JbDVqVnNVb1JYMndvUjZxLTdpcnZodnFaaU40U3FUT2lOTl9WRU1lU1Z1N29fOGpBY3FnVWxrMERZRkJlcFl3blU0bmlXeXVrZGhpQkxmRldReHdpR1oyZlA4V1VEdTZXckxqMF82QjlJclJUeTNYS1RHUVAyb3o4T2g1eUVOdEdwc0pwN0ZBNklkSnZhdl9YZGVrbk9SNXBHakI4ekxnaVRwa3ktVGF5Zjg?oc=5\" target=\"_blank\" rel=\"nofollow noopener\">B\u0119dzie sensacja w p\u00f3\u0142finale Pucharu Polski! Co za losowanie!<\/a>&nbsp;&nbsp;Przegl\u0105d Sportowy Onet<\/li>\n<li><a href=\"https:\/\/news.google.com\/rss\/articles\/CBMi2AFBVV95cUxNRHA2STNfR0pGZE1PbGt5ZWhTZ1ZlSjNRSzFlUFhvNGJPaXRhREVNdkVpZkFrVnAzQm15TjBaR0h1Wkk4Uk02dTF4U2gxeHc1VTN6WEdSTGdjM2EtMjdOTDhvU3hOYVpjVGRUR2ZDT1lWUnJzeGdSaTB5Rk9SSXZESDNlY1JGY3FWZUotSzdSU0F6V2g4SXhLRGlzTDhvb29yOFV1eVlYN0pVeXBHREhmUjIxR21XRlNBM1RLTDR5dGR3ZDV4NWJUSjhNRWF1N2NsVWtnVHF1d3k?oc=5\" target=\"_blank\" rel=\"nofollow noopener\">Losowanie \u0107wier\u0107fina\u0142\u00f3w Pucharu Polski: relacja na \u017cywo. B\u0119d\u0105 hity w PP? LIVE<\/a>&nbsp;&nbsp;Przegl\u0105d Sportowy Onet<\/li>\n<li><a href=\"https:\/\/news.google.com\/rss\/articles\/CBMivAFBVV95cUxNQXY2cHhLdVR1ZVZHR2tTcElieWxNUmd2ODBwN3hoUXQ5T2NhQWM3dzBVTVBtanVVVHgxZXJnOHBBZk9xbXh4SlFZcHZhWlBIamxRWlI0eWI0aUhEdHpzSzR3T0FCYnpoRTV1MExmeVFNMUExRHZCempmS04xVEp0MmxYYUVTbzJWR2prVTAzRC1RR1lTd250SlZNR1RyTGlRTE9jZFZGa3k4QXZIeXVfYTVTYXhDZ3NhT3poXw?oc=5\" target=\"_blank\" rel=\"nofollow noopener\">Losowanie par 1\/4 fina\u0142u STS Pucharu Polski. Transmisja w TVP!<\/a>&nbsp;&nbsp;sport.tvp.pl<\/li>\n<li><a href=\"https:\/\/news.google.com\/rss\/articles\/CBMiyAFBVV95cUxPT0ZmT1cyY0lZcmpFdk85Zm1xbmRyUk1xcklOcW01dUFNSTlvNHdGWjR1LXVKcFlhLVF0cEVldjlKcWc5emg5VGJMV2M4WGRkbmMzM2lsOWVEbWNQTlJLUXRxX1Q0T2ZVUVYxVFphRjZleWExeEJvLXNPd3BaUHl3ejBIa0ZHaHdrX1cxSnpTZnZ4RWFHdlY3bjZmSXZKa2NDN2hFNDFPNmJSZ0dJYUs5cXQ1NUhWM2NTUVZqUnhCcGxMZWVtRE5wQw?oc=5\" target=\"_blank\" rel=\"nofollow noopener\">Oto wyniki losowania Pucharu Polski, du\u017cy hit. Wicelider zagra z mistrzem Polski<\/a>&nbsp;&nbsp;Sport w INTERIA.PL<\/li>\n<li><a href=\"https:\/\/news.google.com\/rss\/articles\/CBMiogFBVV95cUxNVzE2ay1naE9zU0VrZlVRYW1nc0Y0djFzVW00dFA2OXM1dUpob25ldHljQ3ZZZ1MyTW82a3A0Vk15amFMWklsb2MtbUVpbzRCYlFTeVFGNEhaZE5MelhtMHB0SWhaY3dYRlFhLVRwV2RRbmlqUGgyZ2w2X3RwMmE2LTVMWk9FWHMwRGM2VTVuU29ZNzhoQlBxcVk4SHkzTjR6V0E?oc=5\" target=\"_blank\" rel=\"nofollow noopener\">Oto \u0107wier\u0107fina\u0142y Pucharu Polski! Hit z udzia\u0142em Lecha<\/a>&nbsp;&nbsp;Meczyki.pl<\/li>\n<\/ol>\n","protected":false},"excerpt":{"rendered":"B\u0119dzie sensacja w p\u00f3\u0142finale Pucharu Polski! Co za losowanie!&nbsp;&nbsp;Przegl\u0105d Sportowy Onet Losowanie \u0107wier\u0107fina\u0142\u00f3w Pucharu Polski: relacja na \u017cywo.&hellip;\n","protected":false},"author":2,"featured_media":142822,"comment_status":"","ping_status":"","sticky":false,"template":"","format":"standard","meta":{"footnotes":""},"categories":[24],"tags":[274,67,42,38,40,39,41,136,28861,128,4773,47,127,135,126,130],"class_list":{"0":"post-142821","1":"post","2":"type-post","3":"status-publish","4":"format-standard","5":"has-post-thumbnail","7":"category-sport","8":"tag-ekstraklasa","9":"tag-intextvideo_splayer","10":"tag-pl","11":"tag-poland","12":"tag-polish","13":"tag-polska","14":"tag-polski","15":"tag-ps_detal_new","16":"tag-ps_omp_tst0","17":"tag-psv2","18":"tag-puchar_polski","19":"tag-screening_general","20":"tag-sport","21":"tag-sport_sport","22":"tag-sports","23":"tag-wiadomosci_sportowe"},"share_on_mastodon":{"url":"https:\/\/pubeurope.com\/@pl\/115695063244656659","error":""},"_links":{"self":[{"href":"https:\/\/www.europesays.com\/pl\/wp-json\/wp\/v2\/posts\/142821","targetHints":{"allow":["GET"]}}],"collection":[{"href":"https:\/\/www.europesays.com\/pl\/wp-json\/wp\/v2\/posts"}],"about":[{"href":"https:\/\/www.europesays.com\/pl\/wp-json\/wp\/v2\/types\/post"}],"author":[{"embeddable":true,"href":"https:\/\/www.europesays.com\/pl\/wp-json\/wp\/v2\/users\/2"}],"replies":[{"embeddable":true,"href":"https:\/\/www.europesays.com\/pl\/wp-json\/wp\/v2\/comments?post=142821"}],"version-history":[{"count":0,"href":"https:\/\/www.europesays.com\/pl\/wp-json\/wp\/v2\/posts\/142821\/revisions"}],"wp:featuredmedia":[{"embeddable":true,"href":"https:\/\/www.europesays.com\/pl\/wp-json\/wp\/v2\/media\/142822"}],"wp:attachment":[{"href":"https:\/\/www.europesays.com\/pl\/wp-json\/wp\/v2\/media?parent=142821"}],"wp:term":[{"taxonomy":"category","embeddable":true,"href":"https:\/\/www.europesays.com\/pl\/wp-json\/wp\/v2\/categories?post=142821"},{"taxonomy":"post_tag","embeddable":true,"href":"https:\/\/www.europesays.com\/pl\/wp-json\/wp\/v2\/tags?post=142821"}],"curies":[{"name":"wp","href":"https:\/\/api.w.org\/{rel}","templated":true}]}}