{"id":142851,"date":"2025-12-10T11:52:08","date_gmt":"2025-12-10T11:52:08","guid":{"rendered":"https:\/\/www.europesays.com\/pl\/142851\/"},"modified":"2025-12-10T11:52:08","modified_gmt":"2025-12-10T11:52:08","slug":"eileen-higgins-nowa-burmistrz-miami-demokraci-maja-powod-do-radosci","status":"publish","type":"post","link":"https:\/\/www.europesays.com\/pl\/142851\/","title":{"rendered":"Eileen Higgins now\u0105 burmistrz Miami. Demokraci maj\u0105 pow\u00f3d do rado\u015bci"},"content":{"rendered":"<p class=\"ods-c-paragraph \">Higgins wcze\u015bniej pe\u0142ni\u0142a funkcj\u0119 komisarza hrabstwa Miami-Dade. W tym roku wystartowa\u0142a w wyborach na burmistrza Miami. Polityczka w I turze, kt\u00f3ra odby\u0142a si\u0119 4 listopada, otrzyma\u0142a 35 proc. g\u0142os\u00f3w, pokonuj\u0105c tym samym wspieranego przez Donalda Trumpa Emilio Gonzaleza, kt\u00f3rego popar\u0142o 19 proc. g\u0142osuj\u0105cych. Jak podaje CNN, Higgins pokona\u0142a swojego kontrkandydata tak\u017ce we wtorkowej II turze.<\/p>\n<p>Dalszy ci\u0105g artyku\u0142u pod materia\u0142em wideo<\/p>\n<p> Kim jest nowa burmistrz Miami? <\/p>\n<p> Jakie pogl\u0105dy na imigracj\u0119 ma Eileen Higgins? <\/p>\n<p> Kiedy odby\u0142y si\u0119 wybory na burmistrza Miami? <\/p>\n<p> Kto by\u0142 kontrkandydatem Eileen Higgins? <\/p>\n<p class=\"ods-c-paragraph \">Higgins b\u0119dzie pierwsz\u0105 kobiet\u0105 na stanowisku burmistrza Miami. Jednocze\u015bnie pierwszy raz od 28 lat reprezentantk\u0105 tego miasta zostanie przedstawicielka Demokrat\u00f3w.<\/p>\n<p>   Kandydatka Demokrat\u00f3w burmistrzem Miami. W tle sp\u00f3r o imigrant\u00f3w<\/p>\n<p class=\"ods-c-paragraph \">Stacja podkre\u015bla, \u017ce burmistrz nie ma formalnie wielkiej w\u0142adzy, jednak znacz\u0105ca okaza\u0107 si\u0119 mo\u017ce funkcja ambasadora miasta, kt\u00f3re ma liczn\u0105 populacj\u0119 latynosk\u0105. Miami znajduje si\u0119 w centrum debat wok\u00f3\u0142 zatrzyma\u0144 i deportacji imigrant\u00f3w \u2014 podaje CNN.<\/p>\n<p class=\"ods-c-paragraph \">Temat imigracji pojawia\u0142 si\u0119 wielokrotnie podczas debat przedwyborczych. Kandydaci reprezentowali skrajne pogl\u0105dy. Podczas gdy Gonzalez m\u00f3wi\u0142, \u017ce popiera &#8222;federalne \u0142apanki os\u00f3b pope\u0142niaj\u0105cych przest\u0119pstwa&#8221;, Higgins pot\u0119pia\u0142a dzia\u0142ania S\u0142u\u017cb Imigracyjnych. \u2014 Stajemy w obliczu retoryki ze strony wybranych urz\u0119dnik\u00f3w, kt\u00f3ra jest tak nieludzka i okrutna, zw\u0142aszcza wobec imigrant\u00f3w \u2014 m\u00f3wi\u0142a polityczka w rozmowie z agencj\u0105 Associated Press.<\/p>\n","protected":false},"excerpt":{"rendered":"Higgins wcze\u015bniej pe\u0142ni\u0142a funkcj\u0119 komisarza hrabstwa Miami-Dade. W tym roku wystartowa\u0142a w wyborach na burmistrza Miami. Polityczka w&hellip;\n","protected":false},"author":2,"featured_media":142852,"comment_status":"","ping_status":"","sticky":false,"template":"","format":"standard","meta":{"footnotes":""},"categories":[14],"tags":[32,33,44,27,2742,34,35,11372,28,31,48,25,46,40,41,47,80,29,30,71,26,82,83,84,3654],"class_list":{"0":"post-142851","1":"post","2":"type-post","3":"status-publish","4":"format-standard","5":"has-post-thumbnail","7":"category-swiat","8":"tag-breaking-news","9":"tag-breakingnews","10":"tag-donald_trump","11":"tag-headlines","12":"tag-imigracja","13":"tag-latest-news","14":"tag-latestnews","15":"tag-miami","16":"tag-naglowki","17":"tag-najwazniejsze-artykuly","18":"tag-nat_styl","19":"tag-news","20":"tag-omp","21":"tag-polish","22":"tag-polski","23":"tag-screening_general","24":"tag-swiat","25":"tag-top-stories","26":"tag-topstories","27":"tag-usa","28":"tag-wiadomosci","29":"tag-world","30":"tag-world-news","31":"tag-worldnews","32":"tag-wybory"},"share_on_mastodon":{"url":"https:\/\/pubeurope.com\/@pl\/115695134032601010","error":""},"_links":{"self":[{"href":"https:\/\/www.europesays.com\/pl\/wp-json\/wp\/v2\/posts\/142851","targetHints":{"allow":["GET"]}}],"collection":[{"href":"https:\/\/www.europesays.com\/pl\/wp-json\/wp\/v2\/posts"}],"about":[{"href":"https:\/\/www.europesays.com\/pl\/wp-json\/wp\/v2\/types\/post"}],"author":[{"embeddable":true,"href":"https:\/\/www.europesays.com\/pl\/wp-json\/wp\/v2\/users\/2"}],"replies":[{"embeddable":true,"href":"https:\/\/www.europesays.com\/pl\/wp-json\/wp\/v2\/comments?post=142851"}],"version-history":[{"count":0,"href":"https:\/\/www.europesays.com\/pl\/wp-json\/wp\/v2\/posts\/142851\/revisions"}],"wp:featuredmedia":[{"embeddable":true,"href":"https:\/\/www.europesays.com\/pl\/wp-json\/wp\/v2\/media\/142852"}],"wp:attachment":[{"href":"https:\/\/www.europesays.com\/pl\/wp-json\/wp\/v2\/media?parent=142851"}],"wp:term":[{"taxonomy":"category","embeddable":true,"href":"https:\/\/www.europesays.com\/pl\/wp-json\/wp\/v2\/categories?post=142851"},{"taxonomy":"post_tag","embeddable":true,"href":"https:\/\/www.europesays.com\/pl\/wp-json\/wp\/v2\/tags?post=142851"}],"curies":[{"name":"wp","href":"https:\/\/api.w.org\/{rel}","templated":true}]}}