{"id":142905,"date":"2025-12-10T12:24:08","date_gmt":"2025-12-10T12:24:08","guid":{"rendered":"https:\/\/www.europesays.com\/pl\/142905\/"},"modified":"2025-12-10T12:24:08","modified_gmt":"2025-12-10T12:24:08","slug":"chajzer-to-nie-wyjatek-u-dentysty-gwiazd-lecza-sie-najwieksze-nazwiska","status":"publish","type":"post","link":"https:\/\/www.europesays.com\/pl\/142905\/","title":{"rendered":"Chajzer to nie wyj\u0105tek. U &#8222;dentysty gwiazd&#8221; lecz\u0105 si\u0119 najwi\u0119ksze nazwiska"},"content":{"rendered":"<p class=\"ods-c-paragraph \">W sierpniu 2024 r. <a href=\"https:\/\/plejada.pl\/temat\/filip-chajzer\/4xx96fv\" id=\"630b52b2-e7d7-4d0b-9ed6-a81f9eb8b3b1\" rel=\"nofollow noopener\" target=\"_blank\">Filip Chajzer<\/a> przeszed\u0142 jeden z najpopularniejszych ostatnio zabieg\u00f3w stomatologicznych \u2014 bonding, czyli nieinwazyjn\u0105 metod\u0119 odbudowy z\u0119b\u00f3w polegaj\u0105c\u0105 na pokrywaniu ich cienk\u0105 warstw\u0105 kompozytu. Tu\u017c po metamorfozie dziennikarz nie kry\u0142 zachwytu. Podkre\u015bla\u0142, \u017ce efekt przeszed\u0142 jego naj\u015bmielsze oczekiwania, a nowe uz\u0119bienie znacz\u0105co wp\u0142yn\u0119\u0142o na jego samopoczucie i pewno\u015b\u0107 siebie.<\/p>\n<p class=\"ods-c-paragraph \">&#8222;Nigdy nie s\u0105dzi\u0142em, \u017ce to, jak czujesz si\u0119 ze swoim u\u015bmiechem, ma tak kolosalne znaczenie dla samooceny. Uwielbiam si\u0119 \u015bmia\u0107, to moje w sumie hobby&#8221; \u2014 pisa\u0142 w mediach spo\u0142eczno\u015bciowych, pokazuj\u0105c zdj\u0119cia &#8222;przed i po&#8221;. Dzi\u0119kowa\u0142 przy tym tak\u017ce lekarzowi odpowiedzialnemu za przeprowadzenie zabiegu. &#8222;Piotrze, niech los Ci zawsze sprzyja&#8221; \u2014 przekonywa\u0142.<\/p>\n<p class=\"ods-c-paragraph \">Z czasem jednak ton wypowiedzi prezentera uleg\u0142 diametralnej zmianie. W ostatnich tygodniach Chajzer zacz\u0105\u0142 otwarcie krytykowa\u0107 bonding, twierdz\u0105c, \u017ce w jego przypadku procedura doprowadzi\u0142a do powa\u017cnych dolegliwo\u015bci b\u00f3lowych oraz rozwoju bakterii w jamie ustnej. W jednej z relacji na Instagramie przyzna\u0142, \u017ce codzienne mycie z\u0119b\u00f3w ko\u0144czy si\u0119 u niego krwawieniem.<\/p>\n<blockquote class=\"ods-o-quota\">\n<p class=\"ods-o-quota__paragraph\">[&#8230;] niemal w ka\u017cdym z\u0119bie, w kt\u00f3rym mam bonding, jest dziura. Te z\u0119by s\u0105 popsute. Uda\u0142o mi si\u0119 dowiedzie\u0107, \u017ce dzieje si\u0119 to tak dlatego, \u017ce pomi\u0119dzy bonding a z\u0119ba wchodz\u0105 bakterie beztlenowe, kt\u00f3rych nie da si\u0119 wyszczotkowa\u0107. One powoduj\u0105 destrukcj\u0119 z\u0119b\u00f3w oraz dzi\u0105se\u0142, co mo\u017ce doprowadzi\u0107 do utraty w\u0142asnych z\u0119b\u00f3w, kt\u00f3re macie pod tym bondingiem<\/p>\n<\/blockquote>\n<p class=\"ods-c-paragraph \">\u2014 ujawni\u0142 w relacji na Instagramie.<\/p>\n<p class=\"ods-c-paragraph \">Do sprawy odni\u00f3s\u0142 si\u0119 stomatolog Piotr Trafid\u0142o. Lekarz ujawni\u0142 kulisy kontaktu z prezenterem, informuj\u0105c, \u017ce Chajzer wykona\u0142 bonding wsp\u00f3lnie ze swoj\u0105 partnerk\u0105, a dodatkowo przyprowadzi\u0142 znajomego, kt\u00f3remu r\u00f3wnie\u017c mia\u0142 zosta\u0107 przeprowadzony kompleksowy zabieg. \u017badna z tych os\u00f3b nie ponios\u0142a koszt\u00f3w wykonanych procedur.<\/p>\n<p class=\"ods-c-paragraph \">Te s\u0142owa wywo\u0142a\u0142y gwa\u0142town\u0105 reakcj\u0119 prezentera. Chajzer zarzuci\u0142 stomatologowi z\u0142amanie tajemnicy lekarskiej. &#8222;Panie Piotrze, nie wykonano mi tego zabiegu za darmo, na zasadzie umowy. Wykonano go poprzez wykorzystanie moich zasi\u0119g\u00f3w celem reklamy do uzyskania wi\u0119kszej liczby klient\u00f3w&#8221; \u2014 wyja\u015bni\u0142 na Instagramie.<\/p>\n<p class=\"ods-c-paragraph \">Dr n. med. Piotr Trafid\u0142o to ceniony implantolog i implantoprotetyk znany ze wsp\u00f3\u0142pracy z wieloma osobami publicznymi.<\/p>\n<p>Dalszy ci\u0105g artyku\u0142u pod materia\u0142em wideo<\/p>\n<p> Jaki zabieg przeszed\u0142 Filip Chajzer? <\/p>\n<p> Jakie problemy wyst\u0105pi\u0142y u Chajzera po zabiegu? <\/p>\n<p> Kto jest dentyst\u0105, u kt\u00f3rego leczy\u0142 si\u0119 Chajzer? <\/p>\n<p> Czy Chajzer poni\u00f3s\u0142 koszty zwi\u0105zane z zabiegiem? <\/p>\n<p>  Nie tylko Chajzer by\u0142 jego pacjentem. U &#8222;dentysty gwiazd&#8221; lecz\u0105 si\u0119 najwi\u0119ksze nazwiska    Galeria zdj\u0119\u0107    Jakub Rze\u017aniczak     <\/p>\n<p class=\"ods-c-gallery__item__description\">W lutym tego roku na \u015bnie\u017cnobia\u0142y u\u015bmiech u dr. Trafid\u0142o zdecydowa\u0142 si\u0119 Jakub Rze\u017aniczak. &#8222;Na boisku moje z\u0119by nie raz oberwa\u0142y \u2014 zderzenia, upadki, twarda gra\u2026 Przez lata by\u0142y kruszone, \u015bcierane i wystawiane na pr\u00f3b\u0119. Dodatkowo stres te\u017c zrobi\u0142 swoje. Ale teraz? Teraz mog\u0119 zn\u00f3w cieszy\u0107 si\u0119 u\u015bmiechem, jak nigdy wcze\u015bniej!&#8221; \u2014 przekonywa\u0142 pi\u0142karz, u kt\u00f3rego wykonano zabieg bondingu. <\/p>\n<p>    Micha\u0142 Wi\u015bniewski     <\/p>\n<p class=\"ods-c-gallery__item__description\">Z gabinetu lekarza z nowym u\u015bmiechem w marcu br. wyszed\u0142 tak\u017ce Micha\u0142 Wi\u015bniewski. <\/p>\n<p>       Lara Gessler     <\/p>\n<p class=\"ods-c-gallery__item__description\">Tak\u017ce Lara Gessler zdecydowa\u0142a si\u0119 na bonding w wykonaniu dr. Trafid\u0142o. <\/p>\n<p>    Krzysztof Ho\u0142owczyc     <\/p>\n<p class=\"ods-c-gallery__item__description\">&#8222;Kiedy przychodzi do ciebie cz\u0142owiek, kt\u00f3ry ma bardzo podobny flow jak Ty, to takie spotkanie jest skazane na sukces. Oto nowy u\u015bmiech Krzysztofa Ho\u0142owczyca. Jest petarda?&#8221; \u2014 dopytywa\u0142 w pa\u017adziernikowym wpisie stomatolog, prezentuj\u0105c przy tym nowe z\u0119by rajdowca. <\/p>\n<p>       Micha\u0142 Milowicz     <\/p>\n<p class=\"ods-c-gallery__item__description\">W ubieg\u0142ym roku na bonding w klinice lekarza zdecydowa\u0142 si\u0119 r\u00f3wnie\u017c Micha\u0142 Milowicz. &#8222;Ch\u0142opaki nie p\u0142acz\u0105\u2026 na fotelu u dentysty r\u00f3wnie\u017c!&#8221; \u2014 mogli\u015bmy przeczyta\u0107 na Instagramie. <\/p>\n<p>    Lil Masti i Tomasz Wo\u017aniakowski     <\/p>\n<p class=\"ods-c-gallery__item__description\">Na wsp\u00f3\u0142prac\u0119 z dentyst\u0105 w 2024 r. zdecydowali si\u0119 r\u00f3wnie\u017c Aniela Wo\u017aniakowska, szerzej znana jako Lil Masti, oraz jej m\u0105\u017c. &#8222;Metamorfoza u\u015bmiech\u00f3w u dr. Piotra Trafid\u0142o. Bo przez \u017cycie idziemy z u\u015bmiechami na twarzach\u2026 teraz jeszcze szerszymi!&#8221; \u2014 pisa\u0142a w\u00f3wczas na Instagramie. <\/p>\n<p>       Maluba     <\/p>\n<p class=\"ods-c-gallery__item__description\">Po wykonanym w 2022 r. bondingu Magdalena Lubacz, znana jako Maluba, zwyci\u0119\u017cczyni trzeciej edycji &#8222;Projektu Lady&#8221;, postanowi\u0142a wr\u00f3ci\u0107 na fotel lekarza i w czerwcu 2024 r. zdecydowa\u0142a si\u0119 na wstawienie koron. Jak w\u00f3wczas wyja\u015bni\u0142a, nie ma zawi\u0105zk\u00f3w sta\u0142ych dw\u00f3jek. To oznacza, \u017ce gdy wypad\u0142y jej mleczne z\u0119by, na ich miejsce nie wyros\u0142y nowe. <\/p>\n<p>    Maja Rutkowski     <\/p>\n<p class=\"ods-c-gallery__item__description\">Z wymarzonym hollywoodzkim u\u015bmiechem z gabinetu specjalisty w sierpniu 2022 r. wysz\u0142a Maja Rutkowski. Dwa lata p\u00f3\u017aniej \u017cona Krzysztofa Rutkowskiego wzbogaci\u0142a sw\u00f3j \u015bnie\u017cnobia\u0142y u\u015bmiech o bi\u017cuteri\u0119 naz\u0119bn\u0105. <\/p>\n<p>       Krzysztof Rutkowski     <\/p>\n<p class=\"ods-c-gallery__item__description\">Tak\u017ce sam Krzysztof Rutkowski zdecydowa\u0142 si\u0119 na bonding i od\u015bwie\u017cenie swojego u\u015bmiechu. <\/p>\n<p>    Stifler     <\/p>\n<p class=\"ods-c-gallery__item__description\">Damian Zdu\u0144czyk, szerzej znany jako Stifler, odwiedzi\u0142 gabinet specjalisty w 2021 r. &#8222;Stifler zdecydowa\u0142 si\u0119 na bonding. Hollywood Smile idealnie dope\u0142ni ca\u0142o\u015b\u0107 jego barwnego i kreatywnego wizerunku&#8221; \u2014 przekonywa\u0142 w\u00f3wczas lekarz. <\/p>\n<p>       Tomasz Komenda     <\/p>\n<p class=\"ods-c-gallery__item__description\">Piotr Trafid\u0142o by\u0142 tak\u017ce odpowiedzialny za metamorfoz\u0119 z\u0119b\u00f3w Tomasza Komendy. &#8222;Bracia Collins zwr\u00f3cili si\u0119 do mnie z pro\u015bb\u0105 o pomoc i zainicjowali spotkanie. Nie jestem w stanie przywr\u00f3ci\u0107 Tomkowi straconych lat, ale postaram si\u0119 przywr\u00f3ci\u0107 mu pi\u0119kny i zdrowy u\u015bmiech! Przed Tomkiem nowe wyzwania, kt\u00f3rym b\u0119dzie musia\u0142 stawi\u0107 czo\u0142a, wierze, \u017ce nowy u\u015bmiech doda mu pewno\u015bci siebie i na pewno im podo\u0142a!&#8221; \u2014 mogli\u015bmy przeczyta\u0107 na Instagramie w pa\u017adzierniku 2020 r. <\/p>\n<p>    Andrzej Duda i Agata Kornhauser-Duda     <\/p>\n<p class=\"ods-c-gallery__item__description\">Co ciekawe Piotr Trafid\u0142o jest tak\u017ce zwi\u0105zany z dzia\u0142alno\u015bci\u0105 4-gwiazdkowego Prestige Hotel, kt\u00f3ry powsta\u0142 bezpo\u015brednio przy nale\u017c\u0105cej do niego klinice stomatologicznej Multident Bonding Center w Stalowej Woli.\n<\/p>\n<p>W hotelu tym go\u015bcili m.in. Micha\u0142 Wi\u015bniewski, Krzysztof Ho\u0142owczyc, Anna Seniuk, pose\u0142 Tobiasz Boche\u0144ski, a tak\u017ce sam Andrzej Duda z ma\u0142\u017conk\u0105.\n<\/p>\n<p>Dzi\u0119kujemy, \u017ce przeczyta\u0142a\u015b\/e\u015b nasz artyku\u0142 do ko\u0144ca. W serwisie Plejada.pl ka\u017cdego dnia piszemy o najwa\u017cniejszych wydarzeniach show-biznesowych. B\u0105d\u017a na bie\u017c\u0105co i obserwuj Plejad\u0119 w <a href=\"http:\/\/news.google.com\/publications\/CAAiEF0PeAlb7W1llpV_mwV2rL4qFAgKIhBdD3gJW-1tZZaVf5sFdqy-?hl=pl&amp;gl=PL&amp;ceid=PL%3Apl\" rel=\"nofollow noopener\" target=\"_blank\">Wiadomo\u015bciach Google<\/a>. Odwied\u017a nas tak\u017ce na <a href=\"http:\/\/facebook.com\/plejadapl\" rel=\"nofollow noopener\" target=\"_blank\">Facebooku<\/a> , <a href=\"http:\/\/instagram.com\/plejadapl\/\" rel=\"nofollow noopener\" target=\"_blank\">Instagramie<\/a>, <a href=\"http:\/\/youtube.com\/c\/plejada\" rel=\"nofollow noopener\" target=\"_blank\">YouTubie<\/a> i <a href=\"http:\/\/tiktok.com\/@plejada_pl\" rel=\"nofollow noopener\" target=\"_blank\">TikToku<\/a>. <\/p>\n<p>Chcesz podzieli\u0107 si\u0119 ciekawym newsem lub zaproponowa\u0107 temat? Skontaktuj si\u0119 z nami, pisz\u0105c maila na adres: plejada@redakcjaonet.pl. <\/p>\n<p>  <script async src=\"\/\/www.instagram.com\/embed.js\"><\/script><script async src=\"\/\/www.tiktok.com\/embed.js\"><\/script><\/p>\n","protected":false},"excerpt":{"rendered":"W sierpniu 2024 r. Filip Chajzer przeszed\u0142 jeden z najpopularniejszych ostatnio zabieg\u00f3w stomatologicznych \u2014 bonding, czyli nieinwazyjn\u0105 metod\u0119&hellip;\n","protected":false},"author":2,"featured_media":142906,"comment_status":"","ping_status":"","sticky":false,"template":"","format":"standard","meta":{"footnotes":""},"categories":[22],"tags":[2861,2159,122,24714,16416,29083,5611,9861,5866,6691,48,125,46,42,38,40,39,41,25199,123,47,29084],"class_list":{"0":"post-142905","1":"post","2":"type-post","3":"status-publish","4":"format-standard","5":"has-post-thumbnail","7":"category-rozrywka","8":"tag-agata_duda","9":"tag-andrzej_duda","10":"tag-entertainment","11":"tag-filip_chajzer","12":"tag-jakub_rzezniczak","13":"tag-krzysztof_holowczyc","14":"tag-krzysztof_rutkowski_detektyw","15":"tag-lara_gessler","16":"tag-maja_rutkowski","17":"tag-michal_wisniewski","18":"tag-nat_styl","19":"tag-newsy","20":"tag-omp","21":"tag-pl","22":"tag-poland","23":"tag-polish","24":"tag-polska","25":"tag-polski","26":"tag-rebrand_ai_tst1","27":"tag-rozrywka","28":"tag-screening_general","29":"tag-tomasz_komenda"},"share_on_mastodon":{"url":"https:\/\/pubeurope.com\/@pl\/115695259965369644","error":""},"_links":{"self":[{"href":"https:\/\/www.europesays.com\/pl\/wp-json\/wp\/v2\/posts\/142905","targetHints":{"allow":["GET"]}}],"collection":[{"href":"https:\/\/www.europesays.com\/pl\/wp-json\/wp\/v2\/posts"}],"about":[{"href":"https:\/\/www.europesays.com\/pl\/wp-json\/wp\/v2\/types\/post"}],"author":[{"embeddable":true,"href":"https:\/\/www.europesays.com\/pl\/wp-json\/wp\/v2\/users\/2"}],"replies":[{"embeddable":true,"href":"https:\/\/www.europesays.com\/pl\/wp-json\/wp\/v2\/comments?post=142905"}],"version-history":[{"count":0,"href":"https:\/\/www.europesays.com\/pl\/wp-json\/wp\/v2\/posts\/142905\/revisions"}],"wp:featuredmedia":[{"embeddable":true,"href":"https:\/\/www.europesays.com\/pl\/wp-json\/wp\/v2\/media\/142906"}],"wp:attachment":[{"href":"https:\/\/www.europesays.com\/pl\/wp-json\/wp\/v2\/media?parent=142905"}],"wp:term":[{"taxonomy":"category","embeddable":true,"href":"https:\/\/www.europesays.com\/pl\/wp-json\/wp\/v2\/categories?post=142905"},{"taxonomy":"post_tag","embeddable":true,"href":"https:\/\/www.europesays.com\/pl\/wp-json\/wp\/v2\/tags?post=142905"}],"curies":[{"name":"wp","href":"https:\/\/api.w.org\/{rel}","templated":true}]}}