{"id":142938,"date":"2025-12-10T12:41:14","date_gmt":"2025-12-10T12:41:14","guid":{"rendered":"https:\/\/www.europesays.com\/pl\/142938\/"},"modified":"2025-12-10T12:41:14","modified_gmt":"2025-12-10T12:41:14","slug":"lot-uruchomi-3-nowe-trasy-z-gdanska-i-zbazuje-tam-samolot","status":"publish","type":"post","link":"https:\/\/www.europesays.com\/pl\/142938\/","title":{"rendered":"LOT uruchomi 3 nowe trasy z Gda\u0144ska i zbazuje tam samolot"},"content":{"rendered":"<p>Podczas dzisiejszej (10.12) konferencji prasowej PLL LOT zapowiedzia\u0142 uruchomienie trzech nowych po\u0142\u0105cze\u0144 z Gda\u0144ska do Belgii i Norwegii.<\/p>\n<p>Polski narodowy przewo\u017anik zainauguruje z Pomorza trzy nowe trasy. Nowe po\u0142\u0105czenia wystartuj\u0105 w 2026 roku i b\u0119d\u0105 obs\u0142ugiwane boeingiem 737 MAX. Jeste\u015bmy na miejscu w Gda\u0144sku i \u015bledzimy konferencj\u0119.<\/p>\n<p>Micha\u0142 Fijo\u0142, prezes zarz\u0105du Polskich Linii Lotniczych LOT, zapewni\u0142 \u017ce konsekwentny rozw\u00f3j dzia\u0142alno\u015bci na lotniskach regionalnych stanowi jeden z filar\u00f3w strategii zarz\u0105dzanej przez niego firmy. <\/p>\n<blockquote>\n<p>&#8211; Uruchomienie nowych po\u0142\u0105cze\u0144 z Gda\u0144ska do Brukseli, Oslo i Bergen jest wyrazem naszego zaanga\u017cowania w zapewnianie mieszka\u0144com Pomorza dost\u0119pu do kluczowych dla tego regionu miast w Europie. P\u00f3\u0142nocna Polska jest dla nas wa\u017cnym regionem \u2013 dynamicznym, pe\u0142nym potencja\u0142u i coraz mocniej zwi\u0105zanym zar\u00f3wno z biznesem, jak i turystyk\u0105. Jestem te\u017c przekonany, \u017ce dzi\u0119ki tym po\u0142\u0105czeniom zintensyfikujemy jeszcze bardziej turystyk\u0119 przyjazdow\u0105 \u2013 ju\u017c dzi\u015b Gda\u0144sk i region jest ch\u0119tnie wybieranym celem podr\u00f3\u017cy.<\/p>\n<\/blockquote>\n<p>&#8211; przekonuje Fijo\u0142.<\/p>\n<p><img decoding=\"async\" src=\"https:\/\/www.europesays.com\/pl\/wp-content\/uploads\/2025\/12\/lot-gdansk-nowe.jpg\" width=\"1200\" height=\"823\" loading=\"lazy\" style=\"aspect-ratio: 1200 \/ 823; width: 100%; height: auto;\"\/> <\/p>\n<p>Z Pomorza b\u0119dzie mo\u017cna b\u0119dzie polecie\u0107 LOT-em na nast\u0119puj\u0105cych nowych trasach:<\/p>\n<p>Trasa do Brukseli wystartuje 29 kwietnia 2026 r., a loty b\u0119d\u0105 obs\u0142ugiwane cztery razy w tygodniu; w poniedzia\u0142ki, \u015brody, czwartki i pi\u0105tki. Loty do Oslo wystartuje r\u00f3wnie\u017c 29 kwietnia i odbywa\u0107 si\u0119 b\u0119d\u0105 pi\u0119\u0107 razy w tygodniu; w poniedzia\u0142ki, wtorki, \u015brody, pi\u0105tki i soboty. Po\u0142\u0105czenie do Bergen realizowane b\u0119dzie trzy razy w tygodniu; we wtorki, czwartki i niedziele od 30 kwietnia. <\/p>\n<p>   <img decoding=\"async\" src=\"https:\/\/www.europesays.com\/pl\/wp-content\/uploads\/2025\/12\/gdansk.jpeg\" width=\"1200\" height=\"904\" loading=\"lazy\" style=\"aspect-ratio: 1200 \/ 904; width: 100%; height: auto;\"\/>   <\/p>\n<p>Na trasach do Bergen i Oslo LOT wejdzie w bezpo\u015bredni\u0105 walk\u0119 o pasa\u017cera z przewo\u017anikami niskokosztowymi, gdzie kluczowe b\u0119d\u0105 godziny rejs\u00f3w, siatka przesiadek i produkt. Wizz Air (a na Oslo tak\u017ce Ryanair) kusz\u0105 przede wszystkim cen\u0105, natomiast LOT mo\u017ce budowa\u0107 przewag\u0119 dogodnymi porami lot\u00f3w czy ofert\u0105 dla biznesu. W przypadku Oslo istotny b\u0119dzie te\u017c \u201edetal lotniskowy\u201d \u2013 Ryanair lata na Torp, wi\u0119c LOT mo\u017ce celowa\u0107 w pasa\u017cer\u00f3w, dla kt\u00f3rych liczy si\u0119 wygodniejsze lotnisko i kr\u00f3tszy dojazd. Bruksela to dla LOT-u kierunek bez konkurencji ze strony niskokosztowc\u00f3w. <\/p>\n<p>Tomasz Kloskowski, prezes Portu Lotniczego Gda\u0144sk podkre\u015bli\u0142, \u017ce rozbudowa siatki LOT-u to wa\u017cny krok dla lotniska i ca\u0142ego Pomorza. Najistotniejsze jest uruchomienie Brukseli \u2013 kierunku od dawna oczekiwanego przez pasa\u017cer\u00f3w z Tr\u00f3jmiasta i regionu. Doceni\u0142 te\u017c nowe po\u0142\u0105czenia do Bergen i Oslo (obok zapowiedzianego wcze\u015bniej Stambu\u0142u od stycznia 2026), wskazuj\u0105c, \u017ce zyska na tym mieszkaniec, turysta i lokalny biznes, a region wzmocni konkurencyjno\u015b\u0107 i mi\u0119dzynarodowe powi\u0105zania.<\/p>\n<p>fot. Mateusz Janicki<\/p>\n","protected":false},"excerpt":{"rendered":"Podczas dzisiejszej (10.12) konferencji prasowej PLL LOT zapowiedzia\u0142 uruchomienie trzech nowych po\u0142\u0105cze\u0144 z Gda\u0144ska do Belgii i Norwegii.&hellip;\n","protected":false},"author":2,"featured_media":142939,"comment_status":"","ping_status":"","sticky":false,"template":"","format":"standard","meta":{"footnotes":""},"categories":[14],"tags":[32,33,27,34,35,28,31,25,40,41,80,29,30,26,82,83,84],"class_list":{"0":"post-142938","1":"post","2":"type-post","3":"status-publish","4":"format-standard","5":"has-post-thumbnail","7":"category-swiat","8":"tag-breaking-news","9":"tag-breakingnews","10":"tag-headlines","11":"tag-latest-news","12":"tag-latestnews","13":"tag-naglowki","14":"tag-najwazniejsze-artykuly","15":"tag-news","16":"tag-polish","17":"tag-polski","18":"tag-swiat","19":"tag-top-stories","20":"tag-topstories","21":"tag-wiadomosci","22":"tag-world","23":"tag-world-news","24":"tag-worldnews"},"share_on_mastodon":{"url":"https:\/\/pubeurope.com\/@pl\/115695326740344285","error":""},"_links":{"self":[{"href":"https:\/\/www.europesays.com\/pl\/wp-json\/wp\/v2\/posts\/142938","targetHints":{"allow":["GET"]}}],"collection":[{"href":"https:\/\/www.europesays.com\/pl\/wp-json\/wp\/v2\/posts"}],"about":[{"href":"https:\/\/www.europesays.com\/pl\/wp-json\/wp\/v2\/types\/post"}],"author":[{"embeddable":true,"href":"https:\/\/www.europesays.com\/pl\/wp-json\/wp\/v2\/users\/2"}],"replies":[{"embeddable":true,"href":"https:\/\/www.europesays.com\/pl\/wp-json\/wp\/v2\/comments?post=142938"}],"version-history":[{"count":0,"href":"https:\/\/www.europesays.com\/pl\/wp-json\/wp\/v2\/posts\/142938\/revisions"}],"wp:featuredmedia":[{"embeddable":true,"href":"https:\/\/www.europesays.com\/pl\/wp-json\/wp\/v2\/media\/142939"}],"wp:attachment":[{"href":"https:\/\/www.europesays.com\/pl\/wp-json\/wp\/v2\/media?parent=142938"}],"wp:term":[{"taxonomy":"category","embeddable":true,"href":"https:\/\/www.europesays.com\/pl\/wp-json\/wp\/v2\/categories?post=142938"},{"taxonomy":"post_tag","embeddable":true,"href":"https:\/\/www.europesays.com\/pl\/wp-json\/wp\/v2\/tags?post=142938"}],"curies":[{"name":"wp","href":"https:\/\/api.w.org\/{rel}","templated":true}]}}