{"id":142951,"date":"2025-12-10T12:48:07","date_gmt":"2025-12-10T12:48:07","guid":{"rendered":"https:\/\/www.europesays.com\/pl\/142951\/"},"modified":"2025-12-10T12:48:07","modified_gmt":"2025-12-10T12:48:07","slug":"kleska-republikanow-w-kluczowym-stanie-pierwsza-taka-sytuacja-od-lat-90-onet","status":"publish","type":"post","link":"https:\/\/www.europesays.com\/pl\/142951\/","title":{"rendered":"Kl\u0119ska Republikan\u00f3w w kluczowym stanie. Pierwsza taka sytuacja od lat 90. &#8211; Onet"},"content":{"rendered":"<ol>\n<li><a href=\"https:\/\/news.google.com\/rss\/articles\/CBMiygFBVV95cUxPWW8zSXFFSVBvX1J1c0FmelV3R1lDMU92RUczd0ppMS1xcDZlMER6dXlaNmNCcDRjQjU2ZDJIX1VZT3JNcGZLazB3d0pkOG1mTWZuMFlFY3BpVm1tcUU4UWJoN1plX203Y0NKem5SaFpJeE5RT0E4UHhIMWxwT0lUV3ZBT1AxUUxmQ0lPbHBTcEhBQllMU2cyWXozVnVONlNHUUZ0TW1MZTZiNy1POVAtOVZmM0JEdHVxamxkQktHdkZQWjB3M0p6MF93?oc=5\" target=\"_blank\" rel=\"nofollow noopener\">Kl\u0119ska Republikan\u00f3w w kluczowym stanie. Pierwsza taka sytuacja od lat 90.<\/a>&nbsp;&nbsp;Onet<\/li>\n<li><a href=\"https:\/\/news.google.com\/rss\/articles\/CBMiwwFBVV95cUxQV1BzOU56dV9JMGJ2S2N0d2tOSEN4R3lWLVFzNmVaWm1tQmczdXl5TzdJaTVDa253QUZOVDdYU0sxcUFlbWxqUDlaeUhDWUd1RkhOcEQ2b1JfeVp2d0RjdFRSS2ZsVXBkSDFMNEg2TnU3Q0wyMFp2LVE3TkxlOFRiQ3M1ZnpGOGlLUV9JdGdKOGplbWlFT1JINWJ3anJkbVB2Rmd2T1VQNEpjOVhPVk54ZFYwdUJvYlIydUxuWWpXTXp4RWM?oc=5\" target=\"_blank\" rel=\"nofollow noopener\">&#8222;Wahad\u0142o si\u0119 przechyla&#8221;. Donald Trump musi prze\u0142kn\u0105\u0107 bolesn\u0105 pora\u017ck\u0119 w wa\u017cnym stanie. Republikanie trac\u0105 grunt pod nogami<\/a>&nbsp;&nbsp;Onet Wiadomo\u015bci<\/li>\n<li><a href=\"https:\/\/news.google.com\/rss\/articles\/CBMirAFBVV95cUxOUkdrRHQzMmw5SDVvSktKUnlsNzVJMVAxUGhUek1OVGRwZjBpYVFwM0I3LTUwZmxRSDY3cXp4Q0lkblZMYU9lbGpFZnBtZzJaUUlzX1E1NElwY0N2cTFfQ1QxdUZncnVsU3prdEw3MHRrWV9kQjVuaWxxM2VIa3cwa1EwWjFmN0tqd0R0WnVnN1lxdTBvOHg4T2ZBMWkyN2ZBb2ZqelI4STg4T0Qz?oc=5\" target=\"_blank\" rel=\"nofollow noopener\">Pora\u017cka republikan\u00f3w w Miami. Kandydatka Demokrat\u00f3w rozbi\u0142a szklany sufit<\/a>&nbsp;&nbsp;Onet Wiadomo\u015bci<\/li>\n<li><a href=\"https:\/\/news.google.com\/rss\/articles\/CBMiqwFBVV95cUxQa1EzOHBIcmdFM0pTcUhqcFcwcklTbEV3YkowcWJEM3dGS0pPNXVLZmlGRlh1ak0wQVpHSTZtbWROMDdDaEdnRVg1WHRoM0lvZ0c1aVAtdHJQakxTSUxRUWRiWk5EU3pLZWR1S29uUUc3b1EwYzdURmFMRkQ0NTJ2SlpYRWRramkyNkFaM2hjOEJENm1WQVNiWEgyTEd1QkVsNWI4b0tlZ0xPQkk?oc=5\" target=\"_blank\" rel=\"nofollow noopener\">Eileen Higgins wybrano na burmistrza Miami. Historyczne zwyci\u0119stwo Demokratki<\/a>&nbsp;&nbsp;Deon24<\/li>\n<\/ol>\n","protected":false},"excerpt":{"rendered":"Kl\u0119ska Republikan\u00f3w w kluczowym stanie. Pierwsza taka sytuacja od lat 90.&nbsp;&nbsp;Onet &#8222;Wahad\u0142o si\u0119 przechyla&#8221;. Donald Trump musi prze\u0142kn\u0105\u0107&hellip;\n","protected":false},"author":2,"featured_media":142952,"comment_status":"","ping_status":"","sticky":false,"template":"","format":"standard","meta":{"footnotes":""},"categories":[14],"tags":[32,33,58,27,3296,67,34,35,22616,28,31,53,25,52,68,51,55,40,41,47,59,80,29,30,65,50,26,82,83,84,3654],"class_list":{"0":"post-142951","1":"post","2":"type-post","3":"status-publish","4":"format-standard","5":"has-post-thumbnail","7":"category-swiat","8":"tag-breaking-news","9":"tag-breakingnews","10":"tag-donald_trump_prezydent_usa","11":"tag-headlines","12":"tag-imigracja_imigrant_imigrantka_imigranci","13":"tag-intextvideo_splayer","14":"tag-latest-news","15":"tag-latestnews","16":"tag-miami_miasto","17":"tag-naglowki","18":"tag-najwazniejsze-artykuly","19":"tag-new_header","20":"tag-news","21":"tag-onet3","22":"tag-onet3d","23":"tag-onet3d_2i","24":"tag-phx","25":"tag-polish","26":"tag-polski","27":"tag-screening_general","28":"tag-stany_zjednoczone_usa","29":"tag-swiat","30":"tag-top-stories","31":"tag-topstories","32":"tag-update_me","33":"tag-v2021","34":"tag-wiadomosci","35":"tag-world","36":"tag-world-news","37":"tag-worldnews","38":"tag-wybory"},"share_on_mastodon":{"url":"","error":"Validation failed: Text character limit of 500 exceeded"},"_links":{"self":[{"href":"https:\/\/www.europesays.com\/pl\/wp-json\/wp\/v2\/posts\/142951","targetHints":{"allow":["GET"]}}],"collection":[{"href":"https:\/\/www.europesays.com\/pl\/wp-json\/wp\/v2\/posts"}],"about":[{"href":"https:\/\/www.europesays.com\/pl\/wp-json\/wp\/v2\/types\/post"}],"author":[{"embeddable":true,"href":"https:\/\/www.europesays.com\/pl\/wp-json\/wp\/v2\/users\/2"}],"replies":[{"embeddable":true,"href":"https:\/\/www.europesays.com\/pl\/wp-json\/wp\/v2\/comments?post=142951"}],"version-history":[{"count":0,"href":"https:\/\/www.europesays.com\/pl\/wp-json\/wp\/v2\/posts\/142951\/revisions"}],"wp:featuredmedia":[{"embeddable":true,"href":"https:\/\/www.europesays.com\/pl\/wp-json\/wp\/v2\/media\/142952"}],"wp:attachment":[{"href":"https:\/\/www.europesays.com\/pl\/wp-json\/wp\/v2\/media?parent=142951"}],"wp:term":[{"taxonomy":"category","embeddable":true,"href":"https:\/\/www.europesays.com\/pl\/wp-json\/wp\/v2\/categories?post=142951"},{"taxonomy":"post_tag","embeddable":true,"href":"https:\/\/www.europesays.com\/pl\/wp-json\/wp\/v2\/tags?post=142951"}],"curies":[{"name":"wp","href":"https:\/\/api.w.org\/{rel}","templated":true}]}}