{"id":143007,"date":"2025-12-10T13:17:11","date_gmt":"2025-12-10T13:17:11","guid":{"rendered":"https:\/\/www.europesays.com\/pl\/143007\/"},"modified":"2025-12-10T13:17:11","modified_gmt":"2025-12-10T13:17:11","slug":"runal-pomnik-upamietniajacy-armie-czerwona-w-maszewie-ruski-mir-nie-ma-prawa-tutaj-siegac","status":"publish","type":"post","link":"https:\/\/www.europesays.com\/pl\/143007\/","title":{"rendered":"Run\u0105\u0142 pomnik upami\u0119tniaj\u0105cy Armi\u0119 Czerwon\u0105 w Maszewie. &#8222;Ruski mir nie ma prawa tutaj si\u0119ga\u0107&#8221;"},"content":{"rendered":"<p class=\"Paragraph_desktopParagraph__U31Gm\">Betonowy s\u0142up, kt\u00f3ry od 1947 r. do prze\u0142omu 1989 r. wie\u0144czy\u0142a czerwona gwiazda, a w ostatnich dziesi\u0119cioleciach betonowa kula, zosta\u0142 obalony ju\u017c po pierwszym dotkni\u0119ciu \u0142y\u017ck\u0105 koparki. Usuni\u0119cie sowieckiego obiektu propagandowego w Maszewie zorganizowa\u0142 Instytut Pami\u0119ci Narodowej na wniosek burmistrza miasta Paw\u0142a Piesia.<\/p>\n<p class=\"VideoPlayerText_videoPlayerText__iDwyz\">Dalszy ci\u0105g materia\u0142u pod wideo<\/p>\n<p class=\"Paragraph_desktopParagraph__U31Gm\">\u2014 35 lat po upadku systemu komunistycznego warto chyba, aby w wolnej niepodleg\u0142ej Polsce tego typu obiekty przesta\u0142y w og\u00f3le funkcjonowa\u0107 \u2014 powiedzia\u0142 zast\u0119pca prezesa IPN dr hab. Karol Polejowski. \u2014 Ten pomnik zosta\u0142 postawiony ku czci wyzwolicieli, armii sowieckiej, ale musimy sobie jasno powiedzie\u0107, \u017ce to nie byli \u017cadni wyzwoliciele. Oni nie przynie\u015bli Polsce wolno\u015bci, a ten obiekt mia\u0142 sankcjonowa\u0107 ich panowanie na tym obszarze \u2014 podkre\u015bli\u0142 Polejowski.<\/p>\n<ul class=\"OchatFollowUps_wrapper__1ry7X\">\n<li class=\"OchatFollowUps_item__Dhyly OchatFollowUps_itemDesktop__R6aBv\">Kiedy zburzono pomnik w Maszewie?<\/li>\n<li class=\"OchatFollowUps_item__Dhyly OchatFollowUps_itemDesktop__R6aBv\">Kto by\u0142 obecny przy burzeniu obelisku?<\/li>\n<li class=\"OchatFollowUps_item__Dhyly OchatFollowUps_itemDesktop__R6aBv\">Ile obiekt\u00f3w propagandowych usuni\u0119to w Polsce?<\/li>\n<li class=\"OchatFollowUps_item__Dhyly OchatFollowUps_itemDesktop__R6aBv\">Co ma zamiar zrobi\u0107 burmistrz Maszewa po usuni\u0119ciu pomnika?<\/li>\n<\/ul>\n<p class=\"Paragraph_desktopParagraph__U31Gm\">Przypomnia\u0142 apel prezesa IPN, obecnego Prezydenta RP Karola Nawrockiego, z marca 2022 r., \u017ceby doko\u0144czy\u0107 proces dekomunizacji przestrzeni publicznej. Polejowski poinformowa\u0142, \u017ce w ostatnich latach w Polsce usuni\u0119to 44 obiekty propagandowe.<\/p>\n<p>&#8222;Apel do samorz\u0105dowc\u00f3w: odwagi!&#8221; <\/p>\n<p class=\"Paragraph_desktopParagraph__U31Gm\">\u2014 W wojew\u00f3dztwie zachodniopomorskim zosta\u0142o jeszcze kilka, st\u0105d m\u00f3j apel do samorz\u0105dowc\u00f3w: Odwagi! \u2014 powiedzia\u0142 Polejowski. \u2014 Nie ma miejsca dla tego typu obiekt\u00f3w w wolnej Polsce. Ruski mir nie ma prawa tutaj si\u0119ga\u0107! \u2014 podkre\u015bli\u0142.<\/p>\n<p class=\"Paragraph_desktopParagraph__U31Gm\">Dyrektor szczeci\u0144skiego oddzia\u0142u IPN Krzysztof M\u0119ci\u0144ski wyja\u015bni\u0142, \u017ce obelisk z Maszewa to dziewi\u0105ty w regionie zdemontowany pomnik od 2022 r.<\/p>\n<p class=\"Paragraph_desktopParagraph__U31Gm\">\u2014 Mamy jeszcze takie obiekty w Pyrzycach, Mi\u0119dzyzdrojach, \u0141obzie. Du\u017co uda\u0142o si\u0119 ju\u017c usun\u0105\u0107, intensyfikacja nast\u0105pi\u0142a po agresji rosyjskiej na Ukrain\u0119 \u2014 zaznaczy\u0142 M\u0119ci\u0144ski. Doda\u0142, \u017ce samorz\u0105dowcy i mieszka\u0144cy &#8222;zrozumieli, \u017ce to nie s\u0105 pomniki&#8221;, a w\u0142a\u015bnie obiekty propagandowe, kt\u00f3rymi Rosja sowiecka &#8222;mapowa\u0142a, oznacza\u0142a teren swojej dominacji&#8221;.<\/p>\n<p>Kula zast\u0105pi\u0142a gwiazd\u0119 <\/p>\n<p class=\"Paragraph_desktopParagraph__U31Gm\">Dwumetrowy obelisk zwie\u0144czony czerwon\u0105 gwiazd\u0105 zosta\u0142 ods\u0142oni\u0119ty w Maszewie 9 maja 1947 r., na placu przed urz\u0119dem miasta. Znajdowa\u0142a si\u0119 przy nim tablica z inskrypcj\u0105: &#8222;Chwa\u0142a wyzwolicielom 7 III 1945&#8221;.<\/p>\n<p class=\"Paragraph_desktopParagraph__U31Gm\">\u2014 Pami\u0119tam, \u017ce w po\u0142owie lat 80., jeden z mieszka\u0144c\u00f3w Maszewa, nie\u017cyj\u0105cy ju\u017c, stolarz, wszed\u0142 na ten pomnik z pi\u0142k\u0105 do metalu i pr\u00f3bowa\u0142 odci\u0105\u0107 czerwon\u0105 gwiazd\u0119. \u015aci\u0105gali go milicjanci \u2014 wspomina\u0142 w rozmowie z PAP burmistrz Maszewa Pawe\u0142 Piesio.<\/p>\n<p class=\"Paragraph_desktopParagraph__U31Gm\">Wyja\u015bni\u0142, \u017ce prawdopodobnie pod koniec lat. 80. XX w. gwiazda na obelisku zosta\u0142a zast\u0105piona or\u0142em. \u2014 Ale bez korony \u2014 zaznaczy\u0142 Piesio.<\/p>\n<p class=\"Paragraph_desktopParagraph__U31Gm\">\u00d3wczesne w\u0142adze samorz\u0105dowe zdecydowa\u0142y te\u017c o przeniesieniu obelisku z pl. Wolno\u015bci przed ratuszem na skwer przy miejskim przedszkolu, przy ul. Jedno\u015bci Narodowej. Na szczycie betonowego s\u0142upa umieszczono kul\u0119.<\/p>\n<p class=\"Paragraph_desktopParagraph__U31Gm\">\u2014 Nie wiem, co ona ma oznacza\u0107. Mo\u017ce to, \u017ce ten pomnik sta\u0142 si\u0119 kul\u0105 u nogi. Przestawiono go, \u017ceby nie rzuca\u0142 si\u0119 w oczy \u2014 stwierdzi\u0142 burmistrz.<\/p>\n<p class=\"Paragraph_desktopParagraph__U31Gm\">Piesio podkre\u015bli\u0142, \u017ce od mieszka\u0144c\u00f3w otrzymywa\u0142 &#8222;wiele sygna\u0142\u00f3w&#8221;, \u017ceby &#8222;co\u015b zrobi\u0107 z tym betonem&#8221;. Powiedzia\u0142, \u017ce o usuni\u0119ciu obelisku poinformowa\u0142 rad\u0119 miejsk\u0105. Nie by\u0142o sprzeciwu.<\/p>\n<p>W\u0142adze chc\u0105 upami\u0119tni\u0107 mieszka\u0144c\u00f3w Maszewa <\/p>\n<p class=\"Paragraph_desktopParagraph__U31Gm\">Burmistrz zapowiedzia\u0142, \u017ce na skwerze przy przedszkolu miasto, we wsp\u00f3\u0142pracy z IPN, chce upami\u0119tni\u0107 mieszka\u0144c\u00f3w Maszewa i okolic, kt\u00f3rzy po II W\u015a przyjechali na te tereny.<\/p>\n<p class=\"Paragraph_desktopParagraph__U31Gm\">\u2014 Zostali tu przesiedleni, przyjechali za chlebem, szuka\u0107 pracy czy z jakich\u015b innych wzgl\u0119d\u00f3w osobistych. M\u00f3j dziadek przyjecha\u0142 z rejon\u00f3w Torunia \u2014 zaznaczy\u0142 Piesio w rozmowie z PAP. \u2014 Tworzyli tutaj polsko\u015b\u0107, ju\u017c przez ponad 80 lat.<\/p>\n<p class=\"Paragraph_desktopParagraph__U31Gm\">Jak przypomnia\u0142 szczeci\u0144ski oddzia\u0142 IPN, Maszewo oraz pozosta\u0142e tereny wchodz\u0105ce dzi\u015b w sk\u0142ad pow. goleniowskiego zosta\u0142y zaj\u0119te przez Armi\u0119 Czerwon\u0105 i I Armi\u0119 Wojska Polskiego w dniach 5\u20137 marca 1945 r. Pierwsi osadnicy dotarli na ziemi\u0119 nowogardzk\u0105 w lipcu 1945 r. i zastali tam puste, rozgrabione domy, bez zwierz\u0105t, bez maszyn rolniczych, bez zapas\u00f3w \u017cywno\u015bci. Byli to przesiedle\u0144cy z wojew\u00f3dztw centralnych i po\u0142udniowych oraz repatrianci z by\u0142ych wschodnich wojew\u00f3dztw II Rzeczypospolitej.<\/p>\n<p class=\"Paragraph_desktopParagraph__U31Gm\">Ewakuowana na pocz\u0105tku marca 1945 r. ludno\u015b\u0107 niemiecka w du\u017cej licznie wr\u00f3ci\u0142a do miasteczka. Jak opowiadali mieszka\u0144c\u00f3w obserwuj\u0105cy burzenie obelisku, od 1945 r. do 1949 r. w Maszewie, obok Polak\u00f3w, \u017cy\u0142o jeszcze ponad tysi\u0105c Niemc\u00f3w.<\/p>\n<p class=\"Paragraph_desktopParagraph__U31Gm\">W komunikatach na temat demonta\u017cu sowieckich pomnik\u00f3w (m.in. w sierpniu br. zburzono monument w P\u0142otach, w ubieg\u0142ym roku w Nowogardzie) szczeci\u0144ski oddzia\u0142 IPN podkre\u015bla, \u017ce jest to &#8222;praktyczna realizacja ustawy&#8221; z 1 kwietnia 2016 r. o zakazie propagowania komunizmu lub innego ustroju totalitarnego.<\/p>\n","protected":false},"excerpt":{"rendered":"Betonowy s\u0142up, kt\u00f3ry od 1947 r. do prze\u0142omu 1989 r. wie\u0144czy\u0142a czerwona gwiazda, a w ostatnich dziesi\u0119cioleciach betonowa&hellip;\n","protected":false},"author":2,"featured_media":143008,"comment_status":"","ping_status":"","sticky":false,"template":"","format":"standard","meta":{"footnotes":""},"categories":[12],"tags":[32,33,36,37,27,67,261,34,35,28,31,53,25475,25,52,68,51,55,42,38,40,39,41,47,29,30,65,50,26],"class_list":{"0":"post-143007","1":"post","2":"type-post","3":"status-publish","4":"format-standard","5":"has-post-thumbnail","7":"category-polska","8":"tag-breaking-news","9":"tag-breakingnews","10":"tag-featured-news","11":"tag-featurednews","12":"tag-headlines","13":"tag-intextvideo_splayer","14":"tag-kultura","15":"tag-latest-news","16":"tag-latestnews","17":"tag-naglowki","18":"tag-najwazniejsze-artykuly","19":"tag-new_header","20":"tag-new_layout_tst1","21":"tag-news","22":"tag-onet3","23":"tag-onet3d","24":"tag-onet3d_2i","25":"tag-phx","26":"tag-pl","27":"tag-poland","28":"tag-polish","29":"tag-polska","30":"tag-polski","31":"tag-screening_general","32":"tag-top-stories","33":"tag-topstories","34":"tag-update_me","35":"tag-v2021","36":"tag-wiadomosci"},"share_on_mastodon":{"url":"https:\/\/pubeurope.com\/@pl\/115695468353803730","error":""},"_links":{"self":[{"href":"https:\/\/www.europesays.com\/pl\/wp-json\/wp\/v2\/posts\/143007","targetHints":{"allow":["GET"]}}],"collection":[{"href":"https:\/\/www.europesays.com\/pl\/wp-json\/wp\/v2\/posts"}],"about":[{"href":"https:\/\/www.europesays.com\/pl\/wp-json\/wp\/v2\/types\/post"}],"author":[{"embeddable":true,"href":"https:\/\/www.europesays.com\/pl\/wp-json\/wp\/v2\/users\/2"}],"replies":[{"embeddable":true,"href":"https:\/\/www.europesays.com\/pl\/wp-json\/wp\/v2\/comments?post=143007"}],"version-history":[{"count":0,"href":"https:\/\/www.europesays.com\/pl\/wp-json\/wp\/v2\/posts\/143007\/revisions"}],"wp:featuredmedia":[{"embeddable":true,"href":"https:\/\/www.europesays.com\/pl\/wp-json\/wp\/v2\/media\/143008"}],"wp:attachment":[{"href":"https:\/\/www.europesays.com\/pl\/wp-json\/wp\/v2\/media?parent=143007"}],"wp:term":[{"taxonomy":"category","embeddable":true,"href":"https:\/\/www.europesays.com\/pl\/wp-json\/wp\/v2\/categories?post=143007"},{"taxonomy":"post_tag","embeddable":true,"href":"https:\/\/www.europesays.com\/pl\/wp-json\/wp\/v2\/tags?post=143007"}],"curies":[{"name":"wp","href":"https:\/\/api.w.org\/{rel}","templated":true}]}}