{"id":143009,"date":"2025-12-10T13:18:14","date_gmt":"2025-12-10T13:18:14","guid":{"rendered":"https:\/\/www.europesays.com\/pl\/143009\/"},"modified":"2025-12-10T13:18:14","modified_gmt":"2025-12-10T13:18:14","slug":"co-polska-dostanie-od-ukrainy-za-migi","status":"publish","type":"post","link":"https:\/\/www.europesays.com\/pl\/143009\/","title":{"rendered":"Co Polska dostanie od Ukrainy za MiGi?"},"content":{"rendered":"<p>   <a href=\"https:\/\/defence24.pl\/strona-autora\/mateusz-multarzynski\" target=\"_self\" class=\"article-author__wrap\" rel=\"nofollow noopener\"><img loading=\"lazy\" decoding=\"async\" src=\"https:\/\/www.europesays.com\/pl\/wp-content\/uploads\/2025\/12\/ninD70RXUx1xE0oxa7ugAhZebEJibKjgs6x23TtP.gv6o.jpg\" alt=\"\"  width=\"100\" height=\"100\" author=\"Defence24\/Robert Suchy\" caption=\"\" fullscreen=\"https:\/\/cdn.defence24.pl\/2025\/11\/24\/1920xpx\/ninD70RXUx1xE0oxa7ugAhZebEJibKjgs6x23TtP.sprt.jpg\" class=\"img article-author__avatar img-avatar\"\/><br \/>\n          Mateusz Multarzy\u0144ski<br \/>\n        <\/a>  <\/p>\n<p>Rozmowom dotycz\u0105cym przekazania polskich MiG-\u00f3w Ukrainie maj\u0105 towarzyszy\u0107 r\u00f3wnie\u017c negocjacje w sprawie udost\u0119pnienia Polsce wybranych technologii dronowych i rakietowych. Ta informacja oznacza zmian\u0119 podej\u015bcia polskiej strony do pomocy dla walcz\u0105cej Ukrainy. Co istotne celem tych rozm\u00f3w ma by\u0107 przede wszystkim pozyskanie i wsp\u00f3lne rozwijanie nowych kompetencji obronnych i przemys\u0142owych.<\/p>\n<p>  <img decoding=\"async\" src=\"https:\/\/www.europesays.com\/pl\/wp-content\/uploads\/2025\/10\/3EjG1X6Us3aaoRaSVLL4ii3wy27kmkmGXJqqcKwh.ltxk.jpg\" alt=\"Ukrai\u0144ski pocisk manewruj\u0105cy D\u0142ugi Neptun o zasi\u0119gu do 1000 km.\"  width=\"800\" height=\"450\" author=\"Zbroya\" fetchpriority=\"high\" class=\"img image-with-caption__image\"\/><br \/>\n        Ukrai\u0144ski pocisk manewruj\u0105cy D\u0142ugi Neptun o zasi\u0119gu do 1000 km.<br \/>\n       <br \/>Autor. Zbroya<\/p>\n<p class=\"paragraph-module\">Wczoraj <a href=\"https:\/\/defence24.pl\/wojna-na-ukrainie-raport-specjalny-defence24\/migi-29-dla-ukrainy-trwaja-rozmowy\" rel=\"nofollow noopener\" target=\"_blank\">informowali\u015bmy o trwaj\u0105cych rozmowach ze stron\u0105 ukrai\u0144sk\u0105<\/a>, kt\u00f3rych tematem jest przekazanie samolot\u00f3w MiG-29. Jak ju\u017c to zosta\u0142o wspomniane we wst\u0119pie, maj\u0105 im towarzyszy\u0107 \u201erozmowy ze stron\u0105 ukrai\u0144sk\u0105 w zakresie udost\u0119pnienia Polsce wybranych technologii dronowych i rakietowych. Celem jest nie tylko rekompensata sprz\u0119towa, ale przede wszystkim pozyskanie i wsp\u00f3lne rozwijanie nowych kompetencji obronnych i przemys\u0142owych\u201d.<\/p>\n<p class=\"paragraph-module\">W wywiadzie dla Programu Trzeciego Polskiego Radia minister obrony W\u0142adys\u0142aw Kosinak-Kamysz powiedzia\u0142, \u017ce ze wzgl\u0119du na ko\u0144cz\u0105ce si\u0119 resursy samolot\u00f3w MiG-29 i zwi\u0105zane z tym ich wycofanie ze s\u0142u\u017cby w Si\u0142ach Powietrznych RP, podj\u0119to rozmowy z Ukrai\u0144cami. Jak podkre\u015bli\u0142 minister rozmowy te dotycz\u0105 tak\u017ce \u201etransferu technologii dronowych i rakietowych z Ukrainy do Polski, wiec jest to troszk\u0119 inny spos\u00f3b podej\u015bcia ni\u017c do tej pory.\u201d<\/p>\n<p class=\"paragraph-module\">\u201eNa pewno relacja solidarno\u015bci to musi by\u0107 relacja dwukierunkowa\u201d &#8211; jako przyk\u0142ad minister Kosinak-Kamysz poda\u0142 szkolenie \u017co\u0142nierzy ukrai\u0144skich (30 tys. przeszkolonych przez Polsk\u0119), a teraz <a href=\"https:\/\/defence24.pl\/wojna-na-ukrainie-raport-specjalny-defence24\/to-juz-tak-nie-dziala-ukraincy-krytykuja-szkolenia-nato\" rel=\"nofollow noopener\" target=\"_blank\">szkolenie polskich wojskowych w technologiach dronowych<\/a>. \u201eUkrai\u0144cy s\u0105 najlepsi w dronach ze wszystkich pa\u0144stw, z kt\u00f3rymi mamy pozytywne relacje. Jeste\u015bmy ukierunkowani sfinalizowa\u0107 to, jak najszybciej\u201d.<\/p>\n<p class=\"paragraph-module\">Jest to istotna zmiana w dotychczasowej polityce przekazywania sprz\u0119tu z zasob\u00f3w Wojska Polskiego stronie ukrai\u0144skiej. Co istotne chodzi nie tylko o rekompensat\u0119 sprz\u0119tow\u0105, a wi\u0119c pozyskanie w zamian za MiGi jaki\u015b produkt\u00f3w ukrai\u0144skiego przemys\u0142u obronnego, ale przede wszystkim celem jest pozyskanie i wsp\u00f3lne rozwijanie z Ukrai\u0144cami nowych kompetencji w zakresie system\u00f3w uzbrojenia, wyposa\u017cenia oraz przemys\u0142owych. To dzia\u0142anie nie tylko na zaspokojenie potrzeb \u201etu i teraz\u201d, ale daj\u0105ce perspektywy d\u0142ugoterminowej polsko-ukrai\u0144skiej wsp\u00f3\u0142pracy technologicznej i przemys\u0142owej.<\/p>\n<p class=\"paragraph-module\">Cho\u0107 na razie brak konkretnych informacji dotycz\u0105cych technologii, rozwi\u0105za\u0144, kt\u00f3re interesuj\u0105 polsk\u0105 stron\u0119, to poni\u017cej wskazujemy kilka w naszej ocenie najbardziej istotnych obszar\u00f3w, czy te\u017c gotowych rozwi\u0105za\u0144, kt\u00f3re warto by\u0142oby pozyska\u0107.<\/p>\n<p class=\"paragraph-module\">Technologie bezza\u0142ogowe:<\/p>\n<p class=\"paragraph-module\">Technologie rakietowe<\/p>\n<p class=\"paragraph-module\">Oczywi\u015bcie powy\u017csza lista nie zamyka potencjalnych obszar\u00f3w wsp\u00f3\u0142pracy i r\u00f3wnie\u017c polskie technologie, cho\u0107by opotelektronika, mog\u0105 by\u0107 przedmiotem kooperacji. Tak na prawd\u0119 wszystko obecnie jest w r\u0119kach polskich negocjator\u00f3w.<\/p>\n","protected":false},"excerpt":{"rendered":"Mateusz Multarzy\u0144ski Rozmowom dotycz\u0105cym przekazania polskich MiG-\u00f3w Ukrainie maj\u0105 towarzyszy\u0107 r\u00f3wnie\u017c negocjacje w sprawie udost\u0119pnienia Polsce wybranych technologii&hellip;\n","protected":false},"author":2,"featured_media":36762,"comment_status":"","ping_status":"","sticky":false,"template":"","format":"standard","meta":{"footnotes":""},"categories":[5],"tags":[32,33,29094,29095,36,37,27,29093,1238,34,35,28,31,25,42,16740,16741,38,40,39,41,28982,13852,29092,29,30,29090,415,26,29091],"class_list":{"0":"post-143009","1":"post","2":"type-post","3":"status-publish","4":"format-standard","5":"has-post-thumbnail","7":"category-naglowki","8":"tag-breaking-news","9":"tag-breakingnews","10":"tag-drony-morskie","11":"tag-drony-mysliwskie","12":"tag-featured-news","13":"tag-featurednews","14":"tag-headlines","15":"tag-kooperacja","16":"tag-kosiniak-kamysz","17":"tag-latest-news","18":"tag-latestnews","19":"tag-naglowki","20":"tag-najwazniejsze-artykuly","21":"tag-news","22":"tag-pl","23":"tag-pociski-balistyczne","24":"tag-pociski-manewrujace","25":"tag-poland","26":"tag-polish","27":"tag-polska","28":"tag-polski","29":"tag-polskie-mig-29","30":"tag-przemysl-obronny","31":"tag-rakieta-neptun","32":"tag-top-stories","33":"tag-topstories","34":"tag-transfer-technologii","35":"tag-ukraina","36":"tag-wiadomosci","37":"tag-wspolpraca-obrona"},"share_on_mastodon":{"url":"https:\/\/pubeurope.com\/@pl\/115695472510082257","error":""},"_links":{"self":[{"href":"https:\/\/www.europesays.com\/pl\/wp-json\/wp\/v2\/posts\/143009","targetHints":{"allow":["GET"]}}],"collection":[{"href":"https:\/\/www.europesays.com\/pl\/wp-json\/wp\/v2\/posts"}],"about":[{"href":"https:\/\/www.europesays.com\/pl\/wp-json\/wp\/v2\/types\/post"}],"author":[{"embeddable":true,"href":"https:\/\/www.europesays.com\/pl\/wp-json\/wp\/v2\/users\/2"}],"replies":[{"embeddable":true,"href":"https:\/\/www.europesays.com\/pl\/wp-json\/wp\/v2\/comments?post=143009"}],"version-history":[{"count":0,"href":"https:\/\/www.europesays.com\/pl\/wp-json\/wp\/v2\/posts\/143009\/revisions"}],"wp:featuredmedia":[{"embeddable":true,"href":"https:\/\/www.europesays.com\/pl\/wp-json\/wp\/v2\/media\/36762"}],"wp:attachment":[{"href":"https:\/\/www.europesays.com\/pl\/wp-json\/wp\/v2\/media?parent=143009"}],"wp:term":[{"taxonomy":"category","embeddable":true,"href":"https:\/\/www.europesays.com\/pl\/wp-json\/wp\/v2\/categories?post=143009"},{"taxonomy":"post_tag","embeddable":true,"href":"https:\/\/www.europesays.com\/pl\/wp-json\/wp\/v2\/tags?post=143009"}],"curies":[{"name":"wp","href":"https:\/\/api.w.org\/{rel}","templated":true}]}}