{"id":143021,"date":"2025-12-10T13:25:09","date_gmt":"2025-12-10T13:25:09","guid":{"rendered":"https:\/\/www.europesays.com\/pl\/143021\/"},"modified":"2025-12-10T13:25:09","modified_gmt":"2025-12-10T13:25:09","slug":"prokuratura-reaguje-po-decyzji-sadu-w-sprawie-zbigniewa-ziobry-naprawili-bledy-2","status":"publish","type":"post","link":"https:\/\/www.europesays.com\/pl\/143021\/","title":{"rendered":"Prokuratura reaguje po decyzji s\u0105du w sprawie Zbigniewa Ziobry. Naprawili b\u0142\u0119dy"},"content":{"rendered":"<p class=\"Paragraph_desktopParagraph__U31Gm\"><a href=\"https:\/\/www.onet.pl\/informacje\/onetwiadomosci\/sad-odrzucil-wniosek-prokuratury-w-sprawie-zbigniewa-ziobry-liczne-bledy\/cv09rs7,79cfc278#google_vignette\" id=\"edc6c79a-1a22-4f71-b006-8c3f88a92e89\" rel=\"nofollow noopener\" target=\"_blank\">Pierwsze doniesienia w sprawie Ziobry stacja poda\u0142a dzi\u015b rano<\/a>. Prokuratura Krajowa wnioskowa\u0142a o wpisanie tzw. hipoteki przymusowej (do 143 mln z\u0142) do ksi\u0119gi wieczystej domu Ziobry w Jeruzalu ju\u017c w po\u0142owie listopada. Odrzucony przez s\u0105d wniosek mia\u0142 zabezpieczy\u0107 \u015brodki na wypadek na\u0142o\u017cenia na by\u0142ego ministra sprawiedliwo\u015bci kar maj\u0105tkowych.<\/p>\n<p class=\"VideoPlayerText_videoPlayerText__iDwyz\">Dalszy ci\u0105g materia\u0142u pod wideo<\/p>\n<p class=\"Paragraph_desktopParagraph__U31Gm\">Postanowienie w sprawie wyda\u0142 referendarz w Wydziale Ksi\u0105g Wieczystych S\u0105du Rejonowego w Rawie Mazowieckiej, wskazuj\u0105c, \u017ce wniosek prokuratury zawiera liczne b\u0142\u0119dy. W\u015br\u00f3d nich wymieniono m.in. brak wierzytelno\u015bci, na podstawie kt\u00f3rej hipoteka ma by\u0107 wpisana. Nie wskazano r\u00f3wnie\u017c wierzyciela, a na t\u0119 sam\u0105 sum\u0119 zabezpieczono ju\u017c inn\u0105 nieruchomo\u015b\u0107 Ziobry.<\/p>\n<ul class=\"OchatFollowUps_wrapper__1ry7X\">\n<li class=\"OchatFollowUps_item__Dhyly OchatFollowUps_itemDesktop__R6aBv\">Jakie b\u0142\u0119dy zawiera\u0142 wniosek prokuratury?<\/li>\n<li class=\"OchatFollowUps_item__Dhyly OchatFollowUps_itemDesktop__R6aBv\">Jaka suma zosta\u0142a wnioskowana do hipoteki przymusowej?<\/li>\n<li class=\"OchatFollowUps_item__Dhyly OchatFollowUps_itemDesktop__R6aBv\">Kiedy nast\u0105pi\u0142o uchwa\u0142a Sejmu w sprawie immunitetu Ziobry?<\/li>\n<li class=\"OchatFollowUps_item__Dhyly OchatFollowUps_itemDesktop__R6aBv\">Co mia\u0142a zabezpieczy\u0107 hipoteka przymusowa na maj\u0105tku Ziobry?<\/li>\n<\/ul>\n<p>Prokuratura reaguje po decyzji s\u0105du w sprawie Zbigniewa Ziobry. Naprawili b\u0142\u0119dy <\/p>\n<p class=\"Paragraph_desktopParagraph__U31Gm\">Teraz RMF FM donosi, \u017ce prokuratura poprawi\u0142a swoje b\u0142\u0119dy, a nowy wniosek zosta\u0142 skierowany do s\u0105du ponownie. Wcze\u015bniejsze postanowienie referendarza prokurator uzna\u0142 za niezasadne. Nie zdecydowa\u0142 si\u0119 jednak, aby je zaskar\u017cy\u0107.<\/p>\n<p class=\"Paragraph_desktopParagraph__U31Gm\">W nowym wniosku \u015bledczy wskazali, \u017ce zabezpieczenie maj\u0105tku Ziobry nast\u0119puje na rzecz Skarbu Pa\u0144stwa. Teraz wniosek czeka na ponowne rozpatrzenie.<\/p>\n<p class=\"Paragraph_desktopParagraph__U31Gm\">Spraw\u0119 na briefingu prasowym skomentowa\u0142 minister sprawiedliwo\u015bci i prokurator generalny Waldemar \u017burek. \u2014 Takie rzeczy si\u0119 zdarzaj\u0105. Nawet najlepszym prawnikom zdarza si\u0119 to, \u017ce s\u0105d zwr\u00f3ci im pozew. Jestem w kontakcie z prokuratorem krajowym i ju\u017c od niego wiem, \u017ce jest z\u0142o\u017cony wniosek, kt\u00f3ry spe\u0142nia oczekiwania tej osoby, kt\u00f3ra odm\u00f3wi\u0142a dokonania tego wpisu \u2014 powiedzia\u0142.<\/p>\n<p>Uchylony immunitet i uniewa\u017cniony paszport dyplomatyczny. Sprawa Zbigniewa Ziobry trwa <\/p>\n<p class=\"Paragraph_desktopParagraph__U31Gm\">Sejm uchyli\u0142 immunitet Ziobrze i wyrazi\u0142 zgod\u0119 na jego zatrzymanie oraz ewentualne aresztowanie 7 listopada br., w zwi\u0105zku z zarzucanymi nadu\u017cyciami w Funduszu Sprawiedliwo\u015bci za rz\u0105d\u00f3w PiS. Tego samego dnia, kilka godzin p\u00f3\u017aniej, prokurator wyda\u0142 postanowienie o przedstawieniu Ziobrze 26 zarzut\u00f3w oraz o zatrzymaniu go i przymusowym doprowadzeniu przez ABW. Do tej pory Ziobro przebywa\u0142 w Budapeszcie, a ostatnio w Brukseli. Nie zadeklarowa\u0142 jednoznacznie ani \u017ce wyst\u0105pi o azyl polityczny na W\u0119grzech, ani \u017ce wr\u00f3ci do Polski.<\/p>\n<p class=\"Paragraph_desktopParagraph__U31Gm\">W po\u0142owie listopada do S\u0105du Rejonowego dla Warszawy-Mokotowa skierowano wniosek prokuratury o aresztowanie Ziobry na trzy miesi\u0105ce. Posiedzenie s\u0105du w tej sprawie ma si\u0119 odby\u0107 22 grudnia. &#8222;W wyniku Systemu Losowego Przydzia\u0142u Spraw sprawa zosta\u0142a skierowana do referatu s\u0119dzi Agnieszki Prokopowicz&#8221; \u2014 informowa\u0142 PAP ten s\u0105d w po\u0142owie listopada.<\/p>\n<p class=\"Paragraph_desktopParagraph__U31Gm\">17 listopada prokuratura wyst\u0105pi\u0142a o uniewa\u017cnienia paszportu oraz paszportu dyplomatycznego Ziobry. Nied\u0142ugo p\u00f3\u017aniej rzecznik prasowy Prokuratury Krajowej, prok. Przemys\u0142aw Nowak przekaza\u0142, \u017ce procedura uniewa\u017cnienia paszportu Ziobry trwa. Z kolei szef MSZ Rados\u0142aw Sikorski przekaza\u0142, \u017ce uniewa\u017cni\u0142 jego paszport dyplomatyczny.<\/p>\n","protected":false},"excerpt":{"rendered":"Pierwsze doniesienia w sprawie Ziobry stacja poda\u0142a dzi\u015b rano. Prokuratura Krajowa wnioskowa\u0142a o wpisanie tzw. hipoteki przymusowej (do&hellip;\n","protected":false},"author":2,"featured_media":143022,"comment_status":"","ping_status":"","sticky":false,"template":"","format":"standard","meta":{"footnotes":""},"categories":[5],"tags":[32,33,36,37,27,29050,67,29085,34,35,28,31,53,25,52,68,51,55,42,38,40,39,41,984,349,47,29,30,65,50,26,4070],"class_list":{"0":"post-143021","1":"post","2":"type-post","3":"status-publish","4":"format-standard","5":"has-post-thumbnail","7":"category-naglowki","8":"tag-breaking-news","9":"tag-breakingnews","10":"tag-featured-news","11":"tag-featurednews","12":"tag-headlines","13":"tag-hipoteka","14":"tag-intextvideo_splayer","15":"tag-jeruzal","16":"tag-latest-news","17":"tag-latestnews","18":"tag-naglowki","19":"tag-najwazniejsze-artykuly","20":"tag-new_header","21":"tag-news","22":"tag-onet3","23":"tag-onet3d","24":"tag-onet3d_2i","25":"tag-phx","26":"tag-pl","27":"tag-poland","28":"tag-polish","29":"tag-polska","30":"tag-polski","31":"tag-prawo_sady_sedziowie_sedzia_sad_sadownictwo_prawnik_prawnicy_prawniczka","32":"tag-prokuratura_prokurator_prokuratorzy","33":"tag-screening_general","34":"tag-top-stories","35":"tag-topstories","36":"tag-update_me","37":"tag-v2021","38":"tag-wiadomosci","39":"tag-zbigniew_ziobro_polityk"},"share_on_mastodon":{"url":"","error":"Validation failed: Text character limit of 500 exceeded"},"_links":{"self":[{"href":"https:\/\/www.europesays.com\/pl\/wp-json\/wp\/v2\/posts\/143021","targetHints":{"allow":["GET"]}}],"collection":[{"href":"https:\/\/www.europesays.com\/pl\/wp-json\/wp\/v2\/posts"}],"about":[{"href":"https:\/\/www.europesays.com\/pl\/wp-json\/wp\/v2\/types\/post"}],"author":[{"embeddable":true,"href":"https:\/\/www.europesays.com\/pl\/wp-json\/wp\/v2\/users\/2"}],"replies":[{"embeddable":true,"href":"https:\/\/www.europesays.com\/pl\/wp-json\/wp\/v2\/comments?post=143021"}],"version-history":[{"count":0,"href":"https:\/\/www.europesays.com\/pl\/wp-json\/wp\/v2\/posts\/143021\/revisions"}],"wp:featuredmedia":[{"embeddable":true,"href":"https:\/\/www.europesays.com\/pl\/wp-json\/wp\/v2\/media\/143022"}],"wp:attachment":[{"href":"https:\/\/www.europesays.com\/pl\/wp-json\/wp\/v2\/media?parent=143021"}],"wp:term":[{"taxonomy":"category","embeddable":true,"href":"https:\/\/www.europesays.com\/pl\/wp-json\/wp\/v2\/categories?post=143021"},{"taxonomy":"post_tag","embeddable":true,"href":"https:\/\/www.europesays.com\/pl\/wp-json\/wp\/v2\/tags?post=143021"}],"curies":[{"name":"wp","href":"https:\/\/api.w.org\/{rel}","templated":true}]}}