{"id":143023,"date":"2025-12-10T13:26:14","date_gmt":"2025-12-10T13:26:14","guid":{"rendered":"https:\/\/www.europesays.com\/pl\/143023\/"},"modified":"2025-12-10T13:26:14","modified_gmt":"2025-12-10T13:26:14","slug":"liga-mistrzow-robert-lewandowski-wsrod-najgorszych-pilkarzy-meczu-barcelona-eintracht-otrzymal-note-0-sport-tvp-pl","status":"publish","type":"post","link":"https:\/\/www.europesays.com\/pl\/143023\/","title":{"rendered":"Liga Mistrz\u00f3w. Robert Lewandowski w\u015br\u00f3d najgorszych pi\u0142karzy meczu Barcelona \u2013 Eintracht. Otrzyma\u0142 not\u0119&#8230; &quot;0&quot; &#8211; sport.tvp.pl"},"content":{"rendered":"<ol>\n<li><a href=\"https:\/\/news.google.com\/rss\/articles\/CBMiywFBVV95cUxNZUE5blVndDNXcXpXdTdjY2lwTlFCYkpnZjRwR1EtRUdLb3RsOGNOTEUyeGFfc2VsYzYxNjhHRndLUmExX0VTYm1ZU09ZU0hJRVN0amI4RU9rTUJjWkhPbXRnOC11THdXZTBPMmxFZlVNcG51ZnFmemdUNlVyODdMT09uYTJmRUlLU3ZYMmREalB4Uk1qZzZYY09CM3k1TzR4LU5ybmpkYzM1aWJ6akZJeGx3bnRPZFV5dFVkMmVoa3NNVVBMTEREc0dMb9IB0AFBVV95cUxOVHg0TlhKV1ZnSkNESm9WTVZHQ2lJZkd4dm15NktjM0U1RVl1SFZlMTlsZy1rLXg1a3MxUUJlNzF0bHBtUmx3VjJKeEdZMjFiZDY1R01mRkJRMFcyNmZOR2ZwSko5MDJKd3oyTEx4X09RRmxKVm5oM0J1VjRRZ2RNQzVXUkxOZDdjdF90aC05RzQwaktmc1F3ajlfb052MVJwZXNxaXdIa3BmX1Z4LXJRa0lnZGRaRE1Pam5uVDRjWFk3NzVzcS1oMmIzMDh4a0xX?oc=5\" target=\"_blank\" rel=\"nofollow noopener\">Liga Mistrz\u00f3w. Robert Lewandowski w\u015br\u00f3d najgorszych pi\u0142karzy meczu Barcelona \u2013 Eintracht. Otrzyma\u0142 not\u0119&#8230; &#8222;0&#8221;<\/a>&nbsp;&nbsp;sport.tvp.pl<\/li>\n<li><a href=\"https:\/\/news.google.com\/rss\/articles\/CBMi0wFBVV95cUxOS0hQWUptZ01fVU1NdzgwNjhLYU9YUzBjYTNCd3hZMHVtZVBIQnduYTB5SHpVWG4yVVJvQU5WZktJZmU5NkFhVjl0NjczSk1ZU3o0Q29ocTFnVXFVT092bFZ4bjByRkJNUFR1czFHS0lQU3lNRW9vR2NWR0xTRWNzMkZfX19OTWJUd0VjR3FLX3cxajVyMHNOWk5URnN6dFZOdGw2dmxJY1IzUW9zbFE4cF91amVfdjZnTzd5Y0NXOGptdGQ3bm5SNENDQmwyVU1nWmNB?oc=5\" target=\"_blank\" rel=\"nofollow noopener\">Tak Lewandowski zachowa\u0142 si\u0119 po meczu LM. Znowu. Wszystko si\u0119 posypa\u0142o<\/a>&nbsp;&nbsp;Przegl\u0105d Sportowy Onet<\/li>\n<li><a href=\"https:\/\/news.google.com\/rss\/articles\/CBMingFBVV95cUxQWEVnV1FvZlBtMUh5X3BqaWc2Vll3X3FFZkxuRVhxNjNMcFc5NW1nMkF1VU4xZ2VpYnk3VEpTalhFRGgzRjVtcTBNZXRIdmg2aXU0MHlOeXVZVTVhRTR2dWdQVkhRaGZvc0N3RzhqYmlqZERCVG9iODJMbmo4UmJGVlY2LXJiYXVvV3FjMG9ic3NCRkVfMDI0NHdqY00wQQ?oc=5\" target=\"_blank\" rel=\"nofollow noopener\">&#8222;\u017ba\u0142o\u015bni&#8221;. Katalo\u0144czycy oburzeni zachowaniem Niemc\u00f3w<\/a>&nbsp;&nbsp;SportoweFakty<\/li>\n<li><a href=\"https:\/\/news.google.com\/rss\/articles\/CBMivgFBVV95cUxPNHdFaDQwSmRtd3lBYnFkS0lSUkl6MWFadFRUaTVybk1TZGxGckZmTk1rMFVDMWxDbEEydDlkWFJSXzJuSXVldHBpVHduZ1A0QWpMT1lUUHRfbkplVVlZaTVTRV96bVpZOHpUazc3SnYwdXB5Qng3TjItN1dYcnAzVkFwRWcxUmFGNG9SQ1hGNlhnZERlYXNKRnRTeW1Sd1pETlp5NnNPaTUzMC1mME0tbG9oNUxpVmo2VTV1aERn?oc=5\" target=\"_blank\" rel=\"nofollow noopener\">Lewandowski na ustach Hiszpan\u00f3w. Wszystko po tym, co zrobi\u0142 w hicie LM<\/a>&nbsp;&nbsp;Sport w INTERIA.PL<\/li>\n<li><a href=\"https:\/\/news.google.com\/rss\/articles\/CBMivgFBVV95cUxNd2ptUGtKM1NKY3hmZTBoR29mNnMzVW5ZUk1haFA1akNTMFpQZno2QmVzLWpaVkZZWlhNMmtqSGFtb2pIOE80MXFfYm9Kd0Q3WEtQd1p0OEpFcHdUbWdnVG1OZVVKdEloMlBlTWhoMHFOdF9xWjBxaXgxSi1PRnJmbzY0R19aU01JcEVxTkVobTBnTHZ3VWVwQWl4X2NkeDNPcVh4cy1oMk01NEluZ2trN0pheWlkSlEzOEwyc1l3?oc=5\" target=\"_blank\" rel=\"nofollow noopener\">Bolesne wnioski ws. Lewandowskiego. &#8222;Wolniejsze ruchy, ograniczone mo\u017cliwo\u015bci&#8221;<\/a>&nbsp;&nbsp;Meczyki.pl<\/li>\n<\/ol>\n","protected":false},"excerpt":{"rendered":"Liga Mistrz\u00f3w. Robert Lewandowski w\u015br\u00f3d najgorszych pi\u0142karzy meczu Barcelona \u2013 Eintracht. Otrzyma\u0142 not\u0119&#8230; &#8222;0&#8221;&nbsp;&nbsp;sport.tvp.pl Tak Lewandowski zachowa\u0142 si\u0119&hellip;\n","protected":false},"author":2,"featured_media":143024,"comment_status":"","ping_status":"","sticky":false,"template":"","format":"standard","meta":{"footnotes":""},"categories":[24],"tags":[1157,7696,998,42,38,40,39,41,273,127,334,126],"class_list":{"0":"post-143023","1":"post","2":"type-post","3":"status-publish","4":"format-standard","5":"has-post-thumbnail","7":"category-sport","8":"tag-barcelona","9":"tag-eintracht-frankfurt","10":"tag-liga-mistrzw","11":"tag-pl","12":"tag-poland","13":"tag-polish","14":"tag-polska","15":"tag-polski","16":"tag-robert-lewandowski","17":"tag-sport","18":"tag-sport-tvp-pl","19":"tag-sports"},"share_on_mastodon":{"url":"https:\/\/pubeurope.com\/@pl\/115695503719142618","error":""},"_links":{"self":[{"href":"https:\/\/www.europesays.com\/pl\/wp-json\/wp\/v2\/posts\/143023","targetHints":{"allow":["GET"]}}],"collection":[{"href":"https:\/\/www.europesays.com\/pl\/wp-json\/wp\/v2\/posts"}],"about":[{"href":"https:\/\/www.europesays.com\/pl\/wp-json\/wp\/v2\/types\/post"}],"author":[{"embeddable":true,"href":"https:\/\/www.europesays.com\/pl\/wp-json\/wp\/v2\/users\/2"}],"replies":[{"embeddable":true,"href":"https:\/\/www.europesays.com\/pl\/wp-json\/wp\/v2\/comments?post=143023"}],"version-history":[{"count":0,"href":"https:\/\/www.europesays.com\/pl\/wp-json\/wp\/v2\/posts\/143023\/revisions"}],"wp:featuredmedia":[{"embeddable":true,"href":"https:\/\/www.europesays.com\/pl\/wp-json\/wp\/v2\/media\/143024"}],"wp:attachment":[{"href":"https:\/\/www.europesays.com\/pl\/wp-json\/wp\/v2\/media?parent=143023"}],"wp:term":[{"taxonomy":"category","embeddable":true,"href":"https:\/\/www.europesays.com\/pl\/wp-json\/wp\/v2\/categories?post=143023"},{"taxonomy":"post_tag","embeddable":true,"href":"https:\/\/www.europesays.com\/pl\/wp-json\/wp\/v2\/tags?post=143023"}],"curies":[{"name":"wp","href":"https:\/\/api.w.org\/{rel}","templated":true}]}}