{"id":143058,"date":"2025-12-10T13:45:10","date_gmt":"2025-12-10T13:45:10","guid":{"rendered":"https:\/\/www.europesays.com\/pl\/143058\/"},"modified":"2025-12-10T13:45:10","modified_gmt":"2025-12-10T13:45:10","slug":"usuneli-obelisk-armii-czerwonej-ruski-mir-nie-ma-tutaj-prawa-siegac","status":"publish","type":"post","link":"https:\/\/www.europesays.com\/pl\/143058\/","title":{"rendered":"Usun\u0119li obelisk Armii Czerwonej. \u201eRuski mir nie ma tutaj prawa si\u0119ga\u0107\u201d"},"content":{"rendered":"<p>Demonta\u017c obelisku przeprowadzono w\u00a0\u015brod\u0119. Betonowy s\u0142up, kt\u00f3ry od 1947 r. sta\u0142 w\u00a0przestrzeni publicznej, przewr\u00f3ci\u0142 si\u0119 po pierwszym dotkni\u0119ciu \u0142y\u017ck\u0105 koparki. IPN zorganizowa\u0142 dzia\u0142ania po wniosku burmistrza Paw\u0142a Piesia. <\/p>\n<p>Rosjanie zawiedzeni: Czy to\u00a0naprawd\u0119 zima? Nagrania z\u00a0Moskwy obieg\u0142y internet <\/p>\n<p>&#8211; Nie ma miejsca dla tego typu obiekt\u00f3w w\u00a0wolnej Polsce. Ruski mir nie ma prawa tutaj si\u0119ga\u0107 &#8211;\u00a0podkre\u015bli\u0142 obecny na miejscu zast\u0119pca prezesa IPN Karol Polejowski.<\/p>\n<p>Polejowski wskaza\u0142, \u017ce w\u00a0ostatnich latach w\u00a0Polsce usuni\u0119to 44 obiekty propagandowe i\u00a0ponowi\u0142 apel do samorz\u0105dowc\u00f3w o\u00a0odwag\u0119. Dyrektor szczeci\u0144skiego IPN Krzysztof M\u0119ci\u0144ski poda\u0142, \u017ce maszewski monument to dziewi\u0105ty w\u00a0regionie zdemontowany od 2022 r. <\/p>\n<p>&#8211; Mamy jeszcze takie obiekty w\u00a0Pyrzycach, Mi\u0119dzyzdrojach, \u0141obzie. Du\u017co uda\u0142o si\u0119 ju\u017c usun\u0105\u0107, intensyfikacja nast\u0105pi\u0142a po agresji rosyjskiej na Ukrain\u0119 &#8211;\u00a0zaznaczy\u0142 M\u0119ci\u0144ski.<\/p>\n<p>Obelisk ods\u0142oni\u0119to 9\u00a0maja 1947 r. przed \u00f3wczesnym urz\u0119dem miasta. W\u00a0PRL wie\u0144czy\u0142a go czerwona gwiazda, p\u00f3\u017aniej zast\u0105pi\u0142a j\u0105 betonowa kula. Na tablicy widnia\u0142 napis: &#8222;Chwa\u0142a wyzwolicielom 7\u00a0III 1945&#8221;. Burmistrz przypomnia\u0142, \u017ce w\u00a0po\u0142owie lat 80. jeden z\u00a0mieszka\u0144c\u00f3w pr\u00f3bowa\u0142 odci\u0105\u0107 gwiazd\u0119 i\u00a0interweniowa\u0142a milicja. Doda\u0142, \u017ce prawdopodobnie pod koniec lat 80. gwiazd\u0119 zast\u0105piono or\u0142em, ale bez korony.<\/p>\n<p>Samorz\u0105d nie zg\u0142osi\u0142 sprzeciwu wobec usuni\u0119cia obelisku. Piesio zapowiedzia\u0142, \u017ce na skwerze przy przedszkolu, gdzie przeniesiono monument w\u00a0latach 90., powstanie nowe upami\u0119tnienie mieszka\u0144c\u00f3w Maszewa i\u00a0okolic, kt\u00f3rzy po wojnie przyjechali na te tereny. <\/p>\n<p>&#8211; Zostali tu przesiedleni, przyjechali za chlebem, szuka\u0107 pracy czy z\u00a0jakich\u015b innych wzgl\u0119d\u00f3w osobistych. Tworzyli tutaj polsko\u015b\u0107 ju\u017c ponad 80 lat &#8211;\u00a0m\u00f3wi\u0142 burmistrz w\u00a0rozmowie z\u00a0Polsk\u0105 Agencj\u0105 Prasow\u0105.<\/p>\n<p>Szczeci\u0144ski oddzia\u0142 IPN przypomnia\u0142, \u017ce Maszewo zaj\u0119\u0142a Armia Czerwona wraz z\u00a0I\u00a0Armi\u0105 Wojska Polskiego w\u00a0dniach 5-7 marca 1945 r. Pierwsi osadnicy dotarli latem 1945 r., zastaj\u0105c puste i\u00a0rozgrabione gospodarstwa. Instytut podkre\u015bla, \u017ce demonta\u017c pomnik\u00f3w to &#8222;praktyczna realizacja ustawy&#8221; z\u00a01\u00a0kwietnia 2016 r. o\u00a0zakazie propagowania komunizmu lub innego ustroju totalitarnego.<\/p>\n","protected":false},"excerpt":{"rendered":"Demonta\u017c obelisku przeprowadzono w\u00a0\u015brod\u0119. Betonowy s\u0142up, kt\u00f3ry od 1947 r. sta\u0142 w\u00a0przestrzeni publicznej, przewr\u00f3ci\u0142 si\u0119 po pierwszym dotkni\u0119ciu&hellip;\n","protected":false},"author":2,"featured_media":143059,"comment_status":"","ping_status":"","sticky":false,"template":"","format":"standard","meta":{"footnotes":""},"categories":[12],"tags":[32,33,36,37,27,34,35,28,31,25,42,38,40,39,41,29,30,26],"class_list":{"0":"post-143058","1":"post","2":"type-post","3":"status-publish","4":"format-standard","5":"has-post-thumbnail","7":"category-polska","8":"tag-breaking-news","9":"tag-breakingnews","10":"tag-featured-news","11":"tag-featurednews","12":"tag-headlines","13":"tag-latest-news","14":"tag-latestnews","15":"tag-naglowki","16":"tag-najwazniejsze-artykuly","17":"tag-news","18":"tag-pl","19":"tag-poland","20":"tag-polish","21":"tag-polska","22":"tag-polski","23":"tag-top-stories","24":"tag-topstories","25":"tag-wiadomosci"},"share_on_mastodon":{"url":"https:\/\/pubeurope.com\/@pl\/115695578110474729","error":""},"_links":{"self":[{"href":"https:\/\/www.europesays.com\/pl\/wp-json\/wp\/v2\/posts\/143058","targetHints":{"allow":["GET"]}}],"collection":[{"href":"https:\/\/www.europesays.com\/pl\/wp-json\/wp\/v2\/posts"}],"about":[{"href":"https:\/\/www.europesays.com\/pl\/wp-json\/wp\/v2\/types\/post"}],"author":[{"embeddable":true,"href":"https:\/\/www.europesays.com\/pl\/wp-json\/wp\/v2\/users\/2"}],"replies":[{"embeddable":true,"href":"https:\/\/www.europesays.com\/pl\/wp-json\/wp\/v2\/comments?post=143058"}],"version-history":[{"count":0,"href":"https:\/\/www.europesays.com\/pl\/wp-json\/wp\/v2\/posts\/143058\/revisions"}],"wp:featuredmedia":[{"embeddable":true,"href":"https:\/\/www.europesays.com\/pl\/wp-json\/wp\/v2\/media\/143059"}],"wp:attachment":[{"href":"https:\/\/www.europesays.com\/pl\/wp-json\/wp\/v2\/media?parent=143058"}],"wp:term":[{"taxonomy":"category","embeddable":true,"href":"https:\/\/www.europesays.com\/pl\/wp-json\/wp\/v2\/categories?post=143058"},{"taxonomy":"post_tag","embeddable":true,"href":"https:\/\/www.europesays.com\/pl\/wp-json\/wp\/v2\/tags?post=143058"}],"curies":[{"name":"wp","href":"https:\/\/api.w.org\/{rel}","templated":true}]}}