{"id":143070,"date":"2025-12-10T13:55:11","date_gmt":"2025-12-10T13:55:11","guid":{"rendered":"https:\/\/www.europesays.com\/pl\/143070\/"},"modified":"2025-12-10T13:55:11","modified_gmt":"2025-12-10T13:55:11","slug":"gruchnely-wiadomosci-o-rozwodzie-sandry-kubickiej-i-barona-gwiazda-zabrala-glos","status":"publish","type":"post","link":"https:\/\/www.europesays.com\/pl\/143070\/","title":{"rendered":"Gruchn\u0119\u0142y wiadomo\u015bci o rozwodzie Sandry Kubickiej i Barona. Gwiazda zabra\u0142a g\u0142os"},"content":{"rendered":"<p class=\"Paragraph_desktopParagraph__U31Gm\"><a href=\"https:\/\/plejada.pl\/temat\/sandra-kubicka\/\" id=\"9898e6ba-d713-4fb3-9e8c-7c5c7f75ab04\" rel=\"nofollow noopener\" target=\"_blank\">Sandra Kubicka<\/a> i Aleksander Milwiw-Baron, kt\u00f3rzy powiedzieli sobie &#8222;tak&#8221; w kwietniu 2024 r., szybko rozpocz\u0119li wsp\u00f3lne \u017cycie rodzinne, witaj\u0105c na \u015bwiecie syna ju\u017c miesi\u0105c po \u015blubie. Pocz\u0105tkowo ich \u017cycie wydawa\u0142o si\u0119 idylliczne, jednak w marcu 2025 r., zaledwie miesi\u0105c przed pierwsz\u0105 rocznic\u0105 \u015blubu, modelka og\u0142osi\u0142a, \u017ce pod koniec poprzedniego roku z\u0142o\u017cy\u0142a pozew rozwodowy w warszawskim s\u0105dzie.<\/p>\n<p class=\"Paragraph_desktopParagraph__U31Gm\">W mi\u0119dzyczasie para zacz\u0119\u0142a publicznie pokazywa\u0107 si\u0119 razem, co wzbudzi\u0142o spekulacje o mo\u017cliwym pojednaniu. Gdy nadszed\u0142 dzie\u0144 pierwszej rozprawy, zaplanowanej na 29 maja, okaza\u0142o si\u0119, \u017ce zosta\u0142a ona odwo\u0142ana. Wed\u0142ug informacji uzyskanych w s\u0105dzie, post\u0119powanie zako\u0144czono dzie\u0144 przed wyznaczonym terminem. Prawniczka wskaza\u0142a, \u017ce najprawdopodobniej dosz\u0142o do wycofania pozwu.<\/p>\n<ul class=\"OchatFollowUps_wrapper__1ry7X\">\n<li class=\"OchatFollowUps_item__Dhyly OchatFollowUps_itemDesktop__R6aBv\">Kiedy zosta\u0142 z\u0142o\u017cony pozew rozwodowy Sandry Kubickiej?<\/li>\n<li class=\"OchatFollowUps_item__Dhyly OchatFollowUps_itemDesktop__R6aBv\">Jak d\u0142ugo trwa\u0142o ma\u0142\u017ce\u0144stwo Sandry Kubickiej i Barona?<\/li>\n<li class=\"OchatFollowUps_item__Dhyly OchatFollowUps_itemDesktop__R6aBv\">Co Sandra Kubicka powiedzia\u0142a o sprawach prywatnych?<\/li>\n<li class=\"OchatFollowUps_item__Dhyly OchatFollowUps_itemDesktop__R6aBv\">Kiedy odby\u0142a si\u0119 pierwsza rozprawa rozwodowa Sandry Kubickiej?<\/li>\n<\/ul>\n<p>Sandra Kubicka i Baron si\u0119 rozwodz\u0105? Gwiazda zabra\u0142a g\u0142os <\/p>\n<p class=\"Paragraph_desktopParagraph__U31Gm\">Wydawa\u0142o si\u0119, \u017ce Sandra Kubicka i <a href=\"https:\/\/plejada.pl\/temat\/aleksander-milwiw-baron\/\" id=\"c5e9262c-77a1-4401-9780-ff8762b1a8f9\" rel=\"nofollow noopener\" target=\"_blank\">Aleksander Milwiw-Baron<\/a> znale\u017ali drog\u0119 do odbudowy relacji. Wsp\u00f3lne wyj\u015bcia i codzienne \u017cycie rodzinne dawa\u0142y nadziej\u0119 na nowy rozdzia\u0142. Jednak pr\u00f3by ratowania ma\u0142\u017ce\u0144stwa nie przynios\u0142y oczekiwanych rezultat\u00f3w. Jak ustali\u0142 serwis Pudelek, w listopadzie 2025 r. do s\u0105du mia\u0142 wp\u0142yn\u0105\u0107 nowy pozew rozwodowy.<\/p>\n<p class=\"Paragraph_desktopParagraph__U31Gm\">&#8222;Pow\u00f3dk\u0105 jest pani Sandra Kubicka. Pozew wp\u0142yn\u0105\u0142 28 listopada 2025 r. i nie ma jeszcze wyznaczonego terminu rozprawy&#8221; \u2014 czytamy.<\/p>\n<p class=\"Paragraph_desktopParagraph__U31Gm\">Do ca\u0142ej sprawy odnios\u0142a si\u0119 sama Kubicka. W relacji na Instagramie i w wiadomo\u015bci wys\u0142anej Plejadzie napisa\u0142a:<\/p>\n<blockquote>\n<p class=\"Paragraph_desktopParagraph__U31Gm\">Rozumiem zainteresowanie medi\u00f3w, jednak sprawy mojego \u017cycia prywatnego i rodzinnego chcia\u0142abym zachowa\u0107 poza przestrzeni\u0105 publiczn\u0105. S\u0105 to kwestie osobiste, kt\u00f3re nie by\u0142y i nie s\u0105 przekazywane mediom z mojej inicjatywy ani za moj\u0105 zgod\u0105<\/p>\n<\/blockquote>\n<p class=\"Paragraph_desktopParagraph__U31Gm\">Gwiazda dodatkowo zapowiedzia\u0142a podj\u0119cie krok\u00f3w prawnych wobec medi\u00f3w, kt\u00f3re opublikowa\u0142y informacj\u0119 jako pierwsze.<\/p>\n<p><img decoding=\"async\" class=\"Image_image__0tuHp Image_autoHeight__f2n87 \" height=\"587\" width=\"322\" src=\"https:\/\/www.europesays.com\/pl\/wp-content\/uploads\/2025\/12\/5APk9kpTURBXy85ZGZiNjhlZjg0ZDQxMjU3OTBjZDQ3ZmY3MGNiOGVlYy5qcGeSlQLNA6wAwsOVAgDNAkvCw94AA6EwAaExAaEzw.jpeg\" alt=\"Sandra Kubicka\" loading=\"lazy\" \/>instagram.com\/sandrakubicka\/<\/p>\n<p>Sandra Kubicka<\/p>\n<p><img decoding=\"async\" class=\"Image_image__0tuHp Image_autoHeight__f2n87 \" height=\"587\" width=\"882\" src=\"https:\/\/www.europesays.com\/pl\/wp-content\/uploads\/2025\/12\/wYJk9kpTURBXy85YjkwMWFjODE5OTgwNWNmOGFjMzQ3NDg2ZjQxNzJhMC5qcGeSlQLNA6wAwsOVAgDNAkvCw94AA6EwAaExAaEzw.jpeg\" alt=\"Aleksander Milwiw-Baron, Sandra Kubicka\" loading=\"lazy\" \/>Piotr Andrzejczak \/ MW Media<\/p>\n<p>Aleksander Milwiw-Baron, Sandra Kubicka<\/p>\n<p class=\"Paragraph_desktopParagraph__U31Gm\">Dzi\u0119kujemy, \u017ce przeczyta\u0142a\u015b\/e\u015b nasz artyku\u0142 do ko\u0144ca. W serwisie Plejada.pl ka\u017cdego dnia piszemy o najwa\u017cniejszych wydarzeniach show-biznesowych. B\u0105d\u017a na bie\u017c\u0105co! <a rel=\"nofollow noopener\" href=\"https:\/\/profile.google.com\/cp\/Cg0vZy8xMWJ6X19wdHBx\" id=\"bf7f19ef-cc02-486e-832f-a237e7dd9f04\" target=\"_blank\">Obserwuj<\/a> Plejad\u0119 w Wiadomo\u015bciach Google. Odwied\u017a nas tak\u017ce na <a rel=\"nofollow noopener\" href=\"https:\/\/www.facebook.com\/plejadapl\" id=\"16c63397-3ce5-4501-9edd-bd5f4ba255c6\" target=\"_blank\">Facebooku<\/a>, <a rel=\"nofollow noopener\" href=\"https:\/\/www.instagram.com\/plejadapl\/\" id=\"89165ef2-82d3-4329-919e-88024f1ae55b\" target=\"_blank\">Instagramie<\/a>, <a rel=\"nofollow noopener\" href=\"https:\/\/www.youtube.com\/c\/plejada\" id=\"fcd60935-65c9-49fa-b43a-430e478f7767\" target=\"_blank\">YouTube<\/a> oraz <a rel=\"nofollow noopener\" href=\"https:\/\/www.tiktok.com\/@plejada_pl\" id=\"6bd4d43b-fd7a-42ac-9061-bddf85e52c0c\" target=\"_blank\">TikToku<\/a>.<\/p>\n<p class=\"Paragraph_desktopParagraph__U31Gm\">Chcesz podzieli\u0107 si\u0119 ciekawym newsem lub zaproponowa\u0107 temat? Skontaktuj si\u0119 z nami, pisz\u0105c e-maila na adres: <a href=\"https:\/\/www.onet.pl\/styl-zycia\/plejada\/gruchnely-wiadomosci-o-rozwodzie-sandry-kubickiej-i-barona-gwiazda-zabrala-glos\/mailto:plejada@redakcjaonet.pl\" id=\"8bf78730-f0e0-492a-9f16-997bb7cb392c\" rel=\"nofollow noopener\" target=\"_blank\">plejada@redakcjaonet.pl<\/a>.<\/p>\n<p><script async src=\"\/\/www.instagram.com\/embed.js\"><\/script><script async src=\"\/\/www.tiktok.com\/embed.js\"><\/script><\/p>\n","protected":false},"excerpt":{"rendered":"Sandra Kubicka i Aleksander Milwiw-Baron, kt\u00f3rzy powiedzieli sobie &#8222;tak&#8221; w kwietniu 2024 r., szybko rozpocz\u0119li wsp\u00f3lne \u017cycie rodzinne,&hellip;\n","protected":false},"author":2,"featured_media":143071,"comment_status":"","ping_status":"","sticky":false,"template":"","format":"standard","meta":{"footnotes":""},"categories":[22],"tags":[2993,122,67,53,52,68,51,55,42,38,40,39,41,123,5550,2992,47,196,65,50],"class_list":{"0":"post-143070","1":"post","2":"type-post","3":"status-publish","4":"format-standard","5":"has-post-thumbnail","7":"category-rozrywka","8":"tag-aleksander_milwiw_baron","9":"tag-entertainment","10":"tag-intextvideo_splayer","11":"tag-new_header","12":"tag-onet3","13":"tag-onet3d","14":"tag-onet3d_2i","15":"tag-phx","16":"tag-pl","17":"tag-poland","18":"tag-polish","19":"tag-polska","20":"tag-polski","21":"tag-rozrywka","22":"tag-rozwod_rozwody","23":"tag-sandra_kubicka","24":"tag-screening_general","25":"tag-styl_zycia","26":"tag-update_me","27":"tag-v2021"},"share_on_mastodon":{"url":"https:\/\/pubeurope.com\/@pl\/115695617774446203","error":""},"_links":{"self":[{"href":"https:\/\/www.europesays.com\/pl\/wp-json\/wp\/v2\/posts\/143070","targetHints":{"allow":["GET"]}}],"collection":[{"href":"https:\/\/www.europesays.com\/pl\/wp-json\/wp\/v2\/posts"}],"about":[{"href":"https:\/\/www.europesays.com\/pl\/wp-json\/wp\/v2\/types\/post"}],"author":[{"embeddable":true,"href":"https:\/\/www.europesays.com\/pl\/wp-json\/wp\/v2\/users\/2"}],"replies":[{"embeddable":true,"href":"https:\/\/www.europesays.com\/pl\/wp-json\/wp\/v2\/comments?post=143070"}],"version-history":[{"count":0,"href":"https:\/\/www.europesays.com\/pl\/wp-json\/wp\/v2\/posts\/143070\/revisions"}],"wp:featuredmedia":[{"embeddable":true,"href":"https:\/\/www.europesays.com\/pl\/wp-json\/wp\/v2\/media\/143071"}],"wp:attachment":[{"href":"https:\/\/www.europesays.com\/pl\/wp-json\/wp\/v2\/media?parent=143070"}],"wp:term":[{"taxonomy":"category","embeddable":true,"href":"https:\/\/www.europesays.com\/pl\/wp-json\/wp\/v2\/categories?post=143070"},{"taxonomy":"post_tag","embeddable":true,"href":"https:\/\/www.europesays.com\/pl\/wp-json\/wp\/v2\/tags?post=143070"}],"curies":[{"name":"wp","href":"https:\/\/api.w.org\/{rel}","templated":true}]}}