{"id":143105,"date":"2025-12-10T14:19:18","date_gmt":"2025-12-10T14:19:18","guid":{"rendered":"https:\/\/www.europesays.com\/pl\/143105\/"},"modified":"2025-12-10T14:19:18","modified_gmt":"2025-12-10T14:19:18","slug":"pilot-probowal-rozbic-samolot-pasazerski-ujawniono-wstrzasajace-nagranie-2","status":"publish","type":"post","link":"https:\/\/www.europesays.com\/pl\/143105\/","title":{"rendered":"Pilot pr\u00f3bowa\u0142 rozbi\u0107 samolot pasa\u017cerski. Ujawniono wstrz\u0105saj\u0105ce nagranie"},"content":{"rendered":"<p class=\"Paragraph_desktopParagraph__U31Gm\">Krok od lotniczej katastrofy by\u0142 lot samolotu linii Horizon 2095, kt\u00f3ry 22 pa\u017adziernika 2023 r. lecia\u0142 z Everett w stanie Waszyngton do San Francisco. Wszystko za spraw\u0105 pilota, Josepha Emersona, kt\u00f3ry po zako\u0144czonej s\u0142u\u017cbie, siedz\u0105c na fotelu ratunkowym, pr\u00f3bowa\u0142 wy\u0142\u0105czy\u0107 silniki maszyny w trakcie lotu. W poniedzia\u0142ek ameryka\u0144skie media opublikowa\u0142y nagranie z kokpitu, kt\u00f3re ujawnia nowe fakty z tamtego dnia.<\/p>\n<ul class=\"OchatFollowUps_wrapper__1ry7X\">\n<li class=\"OchatFollowUps_item__Dhyly OchatFollowUps_itemDesktop__R6aBv\">Co wydarzy\u0142o si\u0119 22 pa\u017adziernika 2023 roku?<\/li>\n<li class=\"OchatFollowUps_item__Dhyly OchatFollowUps_itemDesktop__R6aBv\">Jakie by\u0142y motywy dzia\u0142ania pilota?<\/li>\n<li class=\"OchatFollowUps_item__Dhyly OchatFollowUps_itemDesktop__R6aBv\">Ile os\u00f3b znajdowa\u0142o si\u0119 na pok\u0142adzie samolotu?<\/li>\n<li class=\"OchatFollowUps_item__Dhyly OchatFollowUps_itemDesktop__R6aBv\">Jakie konsekwencje poni\u00f3s\u0142 pilot po incydencie?<\/li>\n<\/ul>\n<p>Pr\u00f3bowa\u0142 wy\u0142\u0105czy\u0107 silniki w trakcie lotu. Oto co dzia\u0142o si\u0119 w kokpicie <\/p>\n<p class=\"Paragraph_desktopParagraph__U31Gm\">Na nagraniu opublikowanym przez ameryka\u0144skie media s\u0142ycha\u0107, jak Emerson m\u00f3wi: &#8222;nie czuj\u0119 si\u0119 dobrze. Musz\u0119 wraca\u0107 do domu&#8221;. Chwil\u0119 p\u00f3\u017aniej dochodzi do szarpaniny, a jeden z pilot\u00f3w natychmiast zg\u0142osi\u0142 sytuacj\u0119 kontrolerom lot\u00f3w. &#8222;Horizon 2095, mamy osob\u0119 podr\u00f3\u017cuj\u0105c\u0105 na jump seat, kt\u00f3ra w\u0142a\u015bnie pr\u00f3bowa\u0142a wy\u0142\u0105czy\u0107 silniki. Musimy lecie\u0107 bezpo\u015brednio do Portland, teraz&#8221; \u2014 zaalarmowa\u0142.<\/p>\n<p class=\"Paragraph_desktopParagraph__U31Gm\">Wed\u0142ug ustale\u0144 ABC News, Emerson si\u0119gn\u0105\u0142 po uchwyty systemu przeciwpo\u017carowego, co mog\u0142o doprowadzi\u0107 do wy\u0142\u0105czenia obu silnik\u00f3w maszyny. Dzi\u0119ki zdecydowanej reakcji za\u0142ogi uda\u0142o si\u0119 obezw\u0142adni\u0107 m\u0119\u017cczyzn\u0119 i zapobiec tragedii. Samolot zosta\u0142 awaryjnie skierowany na lotnisko w Portland, gdzie Emerson zosta\u0142 przekazany s\u0142u\u017cbom.<\/p>\n<p class=\"Paragraph_desktopParagraph__U31Gm\">Nagranie z wn\u0119trza radiowozu pokazuje, \u017ce pilot, pytany przez policj\u0119 o swoje motywy, t\u0142umaczy\u0142, \u017ce prze\u017cywa za\u0142amanie nerwowe. &#8222;Wydawa\u0142o mi si\u0119, \u017ce to jest nieprawdziwe&#8221; \u2014 m\u00f3wi\u0142, pytany, czy pr\u00f3bowa\u0142 pope\u0142ni\u0107 samob\u00f3jstwo. Doda\u0142, \u017ce zorientowa\u0142 si\u0119, i\u017c sytuacja jest prawdziwa, gdy zobaczy\u0142 wyraz twarzy ludzi po wyj\u015bciu z kokpitu.<\/p>\n<p>Nie spa\u0142 od 48 godzin. Krok od katastrofy lotniczej <\/p>\n<p class=\"Paragraph_desktopParagraph__U31Gm\">Jak podaje ABC News, \u015bledczy ustalili, \u017ce Emerson zjad\u0142 grzyby halucynogenne dwa dni przed zdarzeniem i nie spa\u0142 od 48 godzin. Postawiono mu 83 zarzuty usi\u0142owania morderstwa \u2014 po jednym za ka\u017cdego pasa\u017cera i cz\u0142onka za\u0142ogi. W listopadzie s\u0105d w Portland skaza\u0142 go na 46 dni wi\u0119zienia, kt\u00f3re ju\u017c odsiedzia\u0142 po aresztowaniu, co oznacza, \u017ce nie trafi ponownie za kratki. M\u0119\u017cczyzna przyzna\u0142 si\u0119 do winy, t\u0142umacz\u0105c, \u017ce w czasie zdarzenia by\u0142 pogr\u0105\u017cony w \u017ca\u0142obie po \u015bmierci przyjaciela.<\/p>\n<p class=\"Paragraph_desktopParagraph__U31Gm\">Po dramatycznym incydencie Emerson straci\u0142 licencj\u0119 pilota. Zosta\u0142 r\u00f3wnie\u017c zobowi\u0105zany do zap\u0142aty 60 tys. dolar\u00f3w odszkodowania oraz publicznie przeprosi\u0142 za\u0142og\u0119 samolotu, dzi\u0119kuj\u0105c jej za opanowanie sytuacji i ocalenie \u017cycia pasa\u017cer\u00f3w. Obecnie pracuje nad tym, by zosta\u0107 doradc\u0105 ds. uzale\u017cnie\u0144, a wraz z \u017con\u0105 za\u0142o\u017cy\u0142 organizacj\u0119 non-profit wspieraj\u0105c\u0105 pilot\u00f3w zmagaj\u0105cych si\u0119 z problemami zdrowia psychicznego.<\/p>\n","protected":false},"excerpt":{"rendered":"Krok od lotniczej katastrofy by\u0142 lot samolotu linii Horizon 2095, kt\u00f3ry 22 pa\u017adziernika 2023 r. lecia\u0142 z Everett&hellip;\n","protected":false},"author":2,"featured_media":143106,"comment_status":"","ping_status":"","sticky":false,"template":"","format":"standard","meta":{"footnotes":""},"categories":[14],"tags":[32,33,27,34,35,2466,28,31,53,25475,25,52,68,51,55,19589,10421,40,41,47,80,29,30,50,26,82,83,84],"class_list":{"0":"post-143105","1":"post","2":"type-post","3":"status-publish","4":"format-standard","5":"has-post-thumbnail","7":"category-swiat","8":"tag-breaking-news","9":"tag-breakingnews","10":"tag-headlines","11":"tag-latest-news","12":"tag-latestnews","13":"tag-lotnictwo_samoloty_samolot_przemysl_lotniczy_linie_lotnicze_lotnictwo_wojskowe_ruch_lotniczy","14":"tag-naglowki","15":"tag-najwazniejsze-artykuly","16":"tag-new_header","17":"tag-new_layout_tst1","18":"tag-news","19":"tag-onet3","20":"tag-onet3d","21":"tag-onet3d_2i","22":"tag-phx","23":"tag-pilot","24":"tag-podroze_onet","25":"tag-polish","26":"tag-polski","27":"tag-screening_general","28":"tag-swiat","29":"tag-top-stories","30":"tag-topstories","31":"tag-v2021","32":"tag-wiadomosci","33":"tag-world","34":"tag-world-news","35":"tag-worldnews"},"share_on_mastodon":{"url":"https:\/\/pubeurope.com\/@pl\/115695712029003629","error":""},"_links":{"self":[{"href":"https:\/\/www.europesays.com\/pl\/wp-json\/wp\/v2\/posts\/143105","targetHints":{"allow":["GET"]}}],"collection":[{"href":"https:\/\/www.europesays.com\/pl\/wp-json\/wp\/v2\/posts"}],"about":[{"href":"https:\/\/www.europesays.com\/pl\/wp-json\/wp\/v2\/types\/post"}],"author":[{"embeddable":true,"href":"https:\/\/www.europesays.com\/pl\/wp-json\/wp\/v2\/users\/2"}],"replies":[{"embeddable":true,"href":"https:\/\/www.europesays.com\/pl\/wp-json\/wp\/v2\/comments?post=143105"}],"version-history":[{"count":0,"href":"https:\/\/www.europesays.com\/pl\/wp-json\/wp\/v2\/posts\/143105\/revisions"}],"wp:featuredmedia":[{"embeddable":true,"href":"https:\/\/www.europesays.com\/pl\/wp-json\/wp\/v2\/media\/143106"}],"wp:attachment":[{"href":"https:\/\/www.europesays.com\/pl\/wp-json\/wp\/v2\/media?parent=143105"}],"wp:term":[{"taxonomy":"category","embeddable":true,"href":"https:\/\/www.europesays.com\/pl\/wp-json\/wp\/v2\/categories?post=143105"},{"taxonomy":"post_tag","embeddable":true,"href":"https:\/\/www.europesays.com\/pl\/wp-json\/wp\/v2\/tags?post=143105"}],"curies":[{"name":"wp","href":"https:\/\/api.w.org\/{rel}","templated":true}]}}