{"id":143187,"date":"2025-12-10T15:08:09","date_gmt":"2025-12-10T15:08:09","guid":{"rendered":"https:\/\/www.europesays.com\/pl\/143187\/"},"modified":"2025-12-10T15:08:09","modified_gmt":"2025-12-10T15:08:09","slug":"kreml-reaguje-na-wywiad-trumpa-zgodne-z-naszym-rozumieniem-sytuacji","status":"publish","type":"post","link":"https:\/\/www.europesays.com\/pl\/143187\/","title":{"rendered":"Kreml reaguje na wywiad Trumpa. &#8222;Zgodne z naszym rozumieniem sytuacji&#8221;"},"content":{"rendered":"<p>Wiele informacji, kt\u00f3re przekazuj\u0105 rosyjskie media i\u00a0przedstawiciele w\u0142adzy, prawdopodobnie nie jest prawdziwych. Takie doniesienia mog\u0105 by\u0107 elementem wojny informacyjnej ze strony Federacji Rosyjskiej.<\/p>\n<p>Kierowca audi &#8222;szponci\u0142&#8221; na\u00a0drodze. Teraz grozi mu\u00a0wi\u0119zienie <\/p>\n<p>Odni\u00f3s\u0142 si\u0119 te\u017c do wojny w\u00a0Ukrainie i\u00a0jej potencjalnego cz\u0142onkostwa w\u00a0NATO. Kreml twierdzi, \u017ce uwa\u017cnie analizowa\u0142 te wypowiedzi.<\/p>\n<p>Rosyjskie w\u0142adze przeczyta\u0142y bardzo uwa\u017cnie t\u0119 cz\u0119\u015b\u0107, kt\u00f3ra dotyczy\u0142a nas i\u00a0procesu pokojowego w\u00a0Ukrainie &#8211; przekaza\u0142 w\u00a0rozmowie z\u00a0TASS Pieskow. Podkre\u015bli\u0142, \u017ce jego zdaniem by\u0142 to wa\u017cny wywiad i\u00a0wa\u017cne o\u015bwiadczenia, zw\u0142aszcza w\u0105tki dotycz\u0105ce cz\u0142onkostwa Ukrainy w\u00a0NATO oraz kwestii terytorialnych.<\/p>\n<p>&#8211; Pod wieloma wzgl\u0119dami wypowiedzi Trumpa na temat cz\u0142onkostwa Ukrainy w\u00a0NATO, terytori\u00f3w itp., a\u00a0tak\u017ce na temat utraty ziem przez Ukrain\u0119, s\u0105 zgodne z\u00a0naszym rozumieniem sytuacji &#8211;\u00a0stwierdzi\u0142 rzecznik Kremla. To w\u0142a\u015bnie ten aspekt Moskwa uznaje za istotny z\u00a0punktu widzenia swojej polityki.<\/p>\n<p>Pieskow oceni\u0142, \u017ce Trump w\u00a0wywiadzie kilkukrotnie zahaczy\u0142 o\u00a0&#8222;podstawowe przyczyny konfliktu w\u00a0Ukrainie, kt\u00f3re s\u0105 zwi\u0105zane z\u00a0NATO&#8221;.  &#8211;\u00a0Jest to bardzo wa\u017cne z\u00a0punktu widzenia perspektyw pokojowego zako\u0144czenia konfliktu &#8211; doda\u0142.<\/p>\n<p>\u0179r\u00f3d\u0142o: TASS, WP Wiadomo\u015bci<\/p>\n","protected":false},"excerpt":{"rendered":"Wiele informacji, kt\u00f3re przekazuj\u0105 rosyjskie media i\u00a0przedstawiciele w\u0142adzy, prawdopodobnie nie jest prawdziwych. Takie doniesienia mog\u0105 by\u0107 elementem wojny&hellip;\n","protected":false},"author":2,"featured_media":143188,"comment_status":"","ping_status":"","sticky":false,"template":"","format":"standard","meta":{"footnotes":""},"categories":[14],"tags":[32,33,27,34,35,28,31,25,40,41,80,29,30,26,82,83,84],"class_list":{"0":"post-143187","1":"post","2":"type-post","3":"status-publish","4":"format-standard","5":"has-post-thumbnail","7":"category-swiat","8":"tag-breaking-news","9":"tag-breakingnews","10":"tag-headlines","11":"tag-latest-news","12":"tag-latestnews","13":"tag-naglowki","14":"tag-najwazniejsze-artykuly","15":"tag-news","16":"tag-polish","17":"tag-polski","18":"tag-swiat","19":"tag-top-stories","20":"tag-topstories","21":"tag-wiadomosci","22":"tag-world","23":"tag-world-news","24":"tag-worldnews"},"share_on_mastodon":{"url":"https:\/\/pubeurope.com\/@pl\/115695904723035150","error":""},"_links":{"self":[{"href":"https:\/\/www.europesays.com\/pl\/wp-json\/wp\/v2\/posts\/143187","targetHints":{"allow":["GET"]}}],"collection":[{"href":"https:\/\/www.europesays.com\/pl\/wp-json\/wp\/v2\/posts"}],"about":[{"href":"https:\/\/www.europesays.com\/pl\/wp-json\/wp\/v2\/types\/post"}],"author":[{"embeddable":true,"href":"https:\/\/www.europesays.com\/pl\/wp-json\/wp\/v2\/users\/2"}],"replies":[{"embeddable":true,"href":"https:\/\/www.europesays.com\/pl\/wp-json\/wp\/v2\/comments?post=143187"}],"version-history":[{"count":0,"href":"https:\/\/www.europesays.com\/pl\/wp-json\/wp\/v2\/posts\/143187\/revisions"}],"wp:featuredmedia":[{"embeddable":true,"href":"https:\/\/www.europesays.com\/pl\/wp-json\/wp\/v2\/media\/143188"}],"wp:attachment":[{"href":"https:\/\/www.europesays.com\/pl\/wp-json\/wp\/v2\/media?parent=143187"}],"wp:term":[{"taxonomy":"category","embeddable":true,"href":"https:\/\/www.europesays.com\/pl\/wp-json\/wp\/v2\/categories?post=143187"},{"taxonomy":"post_tag","embeddable":true,"href":"https:\/\/www.europesays.com\/pl\/wp-json\/wp\/v2\/tags?post=143187"}],"curies":[{"name":"wp","href":"https:\/\/api.w.org\/{rel}","templated":true}]}}