{"id":143197,"date":"2025-12-10T15:15:10","date_gmt":"2025-12-10T15:15:10","guid":{"rendered":"https:\/\/www.europesays.com\/pl\/143197\/"},"modified":"2025-12-10T15:15:10","modified_gmt":"2025-12-10T15:15:10","slug":"rosja-intensyfikuje-dzialania-w-naddniestrzu-wywiad-celem-poludniowa-flanka-ukrainy","status":"publish","type":"post","link":"https:\/\/www.europesays.com\/pl\/143197\/","title":{"rendered":"Rosja intensyfikuje dzia\u0142ania w Naddniestrzu. Wywiad: Celem po\u0142udniowa flanka Ukrainy"},"content":{"rendered":"<p class=\"typography ids-typeset-body ids-typeset-body--preset-large link paragraph ids-paragraph ids-paragraph--default\">\u0179r\u00f3d\u0142a w G\u0142\u00f3wnym Zarz\u0105dzie Wywiadowczym (HUR) bij\u0105 na alarm: w tzw. Naddniestrza\u0144skiej Republice <a href=\"https:\/\/wydarzenia.interia.pl\/tematy-moldawia,gsbi,4161\" rel=\"nofollow noopener\" target=\"_blank\">Mo\u0142dawii<\/a> (PMR) ruszy\u0142a cicha, ale intensywna machina wojenna.<\/p>\n<p class=\"typography ids-typeset-body ids-typeset-body--preset-large link paragraph ids-paragraph ids-paragraph--default\">Celem operacji jest zmuszenie <a href=\"https:\/\/wydarzenia.interia.pl\/tematy-kijow,gsbi,5436\" rel=\"nofollow noopener\" target=\"_blank\">Kijowa<\/a> do reakcji i przerzucenia cz\u0119\u015bci zasob\u00f3w militarnych na granic\u0119 z Mo\u0142dawi\u0105.<\/p>\n<p class=\"typography ids-typeset-body ids-typeset-body--preset-large link paragraph ids-paragraph ids-paragraph--default\">Z informacji uzyskanych przez dziennikarzy agencji UNIAN wynika, \u017ce w ostatnich tygodniach do rosyjskich baz w <a href=\"https:\/\/wydarzenia.interia.pl\/tematy-naddniestrze,gsbi,4187\" rel=\"nofollow noopener\" target=\"_blank\">Naddniestrzu<\/a> wzywani s\u0105 rezerwi\u015bci, trwa tak\u017ce konserwacja sprz\u0119tu wojskowego. Niepokoj\u0105ce s\u0105 tak\u017ce doniesienia dotycz\u0105ce rozpocz\u0119cia dzia\u0142alno\u015bci nowych centr\u00f3w produkcji dron\u00f3w, gdzie prowadzone s\u0105 m.in. szkolenia potencjalnych operator\u00f3w.<\/p>\n<p>Wojna w Ukrainie. Dywersanci w pobli\u017cu Odessy?<\/p>\n<p class=\"typography ids-typeset-body ids-typeset-body--preset-large link paragraph ids-paragraph ids-paragraph--default\">Wed\u0142ug ukrai\u0144skich agent\u00f3w plan <a href=\"https:\/\/wydarzenia.interia.pl\/tematy-kreml,gsbi,4409\" rel=\"nofollow noopener\" target=\"_blank\">Kremla<\/a> wykracza poza &#8222;pr\u0119\u017cenie musku\u0142\u00f3w&#8221;. Aktywizacja Naddniestrza ma stworzy\u0107 realne zagro\u017cenie dla po\u0142udniowych obwod\u00f3w Ukrainy. Wywiad ostrzega przed ryzykiem przenikania grup dywersyjnych przez granic\u0119.<\/p>\n<p class=\"typography ids-typeset-body ids-typeset-body--preset-large link paragraph ids-paragraph ids-paragraph--default\">&#8211; <a href=\"https:\/\/wydarzenia.interia.pl\/tematy-moskwa,gsbi,4412\" rel=\"nofollow noopener\" target=\"_blank\">Moskwa<\/a> wysy\u0142a do Naddniestrza agent\u00f3w s\u0142u\u017cb specjalnych. Ich zadanie to sianie chaosu, operacje informacyjne, prowokacje i sabota\u017c &#8211; informuj\u0105 \u017ar\u00f3d\u0142a w HUR.<\/p>\n<p class=\"typography ids-typeset-body ids-typeset-body--preset-large link paragraph ids-paragraph ids-paragraph--default\">Jak zauwa\u017caj\u0105 eksperci, scenariusz jest klasyczny dla rosyjskiej wojny hybrydowej: najpierw destabilizacja i strach, potem eskalacja militarna.<\/p>\n<p class=\"typography ids-typeset-body ids-typeset-body--preset-large link paragraph ids-paragraph ids-paragraph--default\">Wszystko to dzieje si\u0119 w kontek\u015bcie przygotowa\u0144 do tzw. wybor\u00f3w prezydenckich w Naddniestrzu zaplanowanych na 2026 rok. <a href=\"https:\/\/wydarzenia.interia.pl\/tematy-rosja,gsbi,3125\" rel=\"nofollow noopener\" target=\"_blank\">Rosja<\/a> chce mie\u0107 pewno\u015b\u0107, \u017ce Tyraspol pozostanie jej pos\u0142usznym wasalem, uzale\u017cnionym od darmowego gazu i militarnego parasola.<\/p>\n<p>\u017burek w &#8222;Go\u015bciu Wydarze\u0144&#8221;: Wielu Polak\u00f3w jest nabieranych na kryptowalutyPolsat NewsPolsat News<\/p>\n<p><a class=\"ids-undecorated-link source ids-page-info--source__link\" href=\"https:\/\/www.interia.pl\" rel=\"nofollow noopener\" target=\"_blank\"><img decoding=\"async\" class=\"ids-image-holder__img\" loading=\"lazy\" alt=\"\" title=\"\" height=\"24px\" src=\"https:\/\/www.europesays.com\/pl\/wp-content\/uploads\/2025\/12\/1765301954_117_0009A60QQ5I2TYF7-C202-F4.webp.webp\"\/><\/a><\/p>\n<p>Masz sugestie, uwagi albo widzisz b\u0142\u0105d? Napisz do nas<\/p>\n","protected":false},"excerpt":{"rendered":"\u0179r\u00f3d\u0142a w G\u0142\u00f3wnym Zarz\u0105dzie Wywiadowczym (HUR) bij\u0105 na alarm: w tzw. Naddniestrza\u0144skiej Republice Mo\u0142dawii (PMR) ruszy\u0142a cicha, ale&hellip;\n","protected":false},"author":2,"featured_media":143198,"comment_status":"","ping_status":"","sticky":false,"template":"","format":"standard","meta":{"footnotes":""},"categories":[14],"tags":[32,33,27,34,35,28,31,25,40,41,80,29,30,26,82,83,84],"class_list":{"0":"post-143197","1":"post","2":"type-post","3":"status-publish","4":"format-standard","5":"has-post-thumbnail","7":"category-swiat","8":"tag-breaking-news","9":"tag-breakingnews","10":"tag-headlines","11":"tag-latest-news","12":"tag-latestnews","13":"tag-naglowki","14":"tag-najwazniejsze-artykuly","15":"tag-news","16":"tag-polish","17":"tag-polski","18":"tag-swiat","19":"tag-top-stories","20":"tag-topstories","21":"tag-wiadomosci","22":"tag-world","23":"tag-world-news","24":"tag-worldnews"},"share_on_mastodon":{"url":"https:\/\/pubeurope.com\/@pl\/115695932210601330","error":""},"_links":{"self":[{"href":"https:\/\/www.europesays.com\/pl\/wp-json\/wp\/v2\/posts\/143197","targetHints":{"allow":["GET"]}}],"collection":[{"href":"https:\/\/www.europesays.com\/pl\/wp-json\/wp\/v2\/posts"}],"about":[{"href":"https:\/\/www.europesays.com\/pl\/wp-json\/wp\/v2\/types\/post"}],"author":[{"embeddable":true,"href":"https:\/\/www.europesays.com\/pl\/wp-json\/wp\/v2\/users\/2"}],"replies":[{"embeddable":true,"href":"https:\/\/www.europesays.com\/pl\/wp-json\/wp\/v2\/comments?post=143197"}],"version-history":[{"count":0,"href":"https:\/\/www.europesays.com\/pl\/wp-json\/wp\/v2\/posts\/143197\/revisions"}],"wp:featuredmedia":[{"embeddable":true,"href":"https:\/\/www.europesays.com\/pl\/wp-json\/wp\/v2\/media\/143198"}],"wp:attachment":[{"href":"https:\/\/www.europesays.com\/pl\/wp-json\/wp\/v2\/media?parent=143197"}],"wp:term":[{"taxonomy":"category","embeddable":true,"href":"https:\/\/www.europesays.com\/pl\/wp-json\/wp\/v2\/categories?post=143197"},{"taxonomy":"post_tag","embeddable":true,"href":"https:\/\/www.europesays.com\/pl\/wp-json\/wp\/v2\/tags?post=143197"}],"curies":[{"name":"wp","href":"https:\/\/api.w.org\/{rel}","templated":true}]}}