{"id":143220,"date":"2025-12-10T15:39:14","date_gmt":"2025-12-10T15:39:14","guid":{"rendered":"https:\/\/www.europesays.com\/pl\/143220\/"},"modified":"2025-12-10T15:39:14","modified_gmt":"2025-12-10T15:39:14","slug":"tajemnica-smierci-pauliny-antczak-ujawniamy-nowa-opinie","status":"publish","type":"post","link":"https:\/\/www.europesays.com\/pl\/143220\/","title":{"rendered":"Tajemnica \u015bmierci Pauliny Antczak. Ujawniamy now\u0105 opini\u0119"},"content":{"rendered":"<p>Amiodaron jako trucizna<\/p>\n<p class=\"ods-c-paragraph \">Zdaniem Rafa\u0142a Skowronka, specjalisty medycyny s\u0105dowej i patomorfologii, kierownika Zak\u0142adu Medycyny S\u0105dowej w Katowicach, przyczyn\u0105 nag\u0142ej \u015bmierci Pauliny Antczak by\u0142o zatrucie amiodaronem.<\/p>\n<p> Jakie by\u0142y przyczyny \u015bmierci Pauliny Antczak? <\/p>\n<p> Kto jest podejrzewany o zab\u00f3jstwo Pauliny? <\/p>\n<p> Jakie opinie wydano na temat amiodaronu? <\/p>\n<p> Jakie dzia\u0142ania podj\u0119li rodzice Pauliny dotycz\u0105ce \u015bledztwa? <\/p>\n<p class=\"ods-c-paragraph \">Z opinii bieg\u0142ego, kt\u00f3ry na wniosek wroc\u0142awskiego s\u0105du analizowa\u0142 materia\u0142y m.in. z sekcji zw\u0142ok i ekshumacji, wynika, \u017ce kto\u015b [jeszcze przed przyjazdem karetki] celowo poda\u0142 25-latce amiodaron w dawce przekraczaj\u0105cej t\u0119, kt\u00f3r\u0105 stosuje si\u0119 w ratownictwie medycznym. Podkre\u015bli\u0142 te\u017c, \u017ce lek ten stosuje si\u0119 nie tylko w celach medycznych, ale te\u017c przest\u0119pczych.<\/p>\n<p class=\"ods-c-paragraph \">Wnioski Skowronka pokrywaj\u0105 si\u0119 z opini\u0105, kt\u00f3r\u0105 po ekshumacji [osiem lat po \u015bmierci Pauliny Antczak] i badaniach toksykologicznych sporz\u0105dzili biegli z Zak\u0142adu Medycyny S\u0105dowej w Szczecinie. <a href=\"https:\/\/wiadomosci.onet.pl\/wroclaw\/matka-pauliny-antczak-cala-w-nerwach-mowi-o-zabojstwie-to-bylo-zaplanowane\/f5bzv1p\" id=\"5a165a72-2a7f-4f17-9507-8e6c1b3873f8\" rel=\"nofollow noopener\" target=\"_blank\">To oni jako pierwsi wskazali, \u017ce kto\u015b za \u017cycia &#8222;w spos\u00f3b intencjonalny&#8221; poda\u0142 Paulinie amiodaron w toksycznej dawce<\/a>. Substancj\u0119 wykryli nie tylko w badanych narz\u0105dach, ale te\u017c w ziemi i trumnie. Jak m\u00f3wili, z takim st\u0119\u017ceniem amiodaronu po \u015bmierci jeszcze si\u0119 nie spotkali.<\/p>\n<p class=\"ods-c-paragraph \">Ich zdaniem to w\u0142a\u015bnie podanie amiodaronu by\u0142o prawdopodobn\u0105 przyczyn\u0105 \u015bmierci 25-latki. \u2014 Na podstawie tego materia\u0142u i tych wynik\u00f3w wniosek nie mo\u017ce by\u0107 inny. Lek podano nie po to, \u017ceby pom\u00f3c, ale \u017ceby zaszkodzi\u0107 \u2014 m\u00f3wi\u0142 przed s\u0105dem na pocz\u0105tku 2024 r. prof. Miros\u0142aw Parafiniuk z Zak\u0142adu Medycyny S\u0105dowej w Szczecinie. Potem doda\u0142: \u2014 Ten lek w takim st\u0119\u017ceniu nale\u017cy traktowa\u0107 jako trucizn\u0119.<\/p>\n<p>   Brak toksykologii<\/p>\n<p class=\"ods-c-paragraph \">W przygotowanej dla s\u0105du opinii Rafa\u0142 Skowronek wprost pisze, \u017ce badania toksykologiczne i to w dodatku poszerzone prokurator powinien zleci\u0107 zaraz po sekcji, kt\u00f3ra w \u017caden spos\u00f3b nie wyja\u015bnia\u0142a przyczyny nag\u0142ej \u015bmierci Pauliny. Tak si\u0119 jednak nie sta\u0142o, bo wroc\u0142awska prokuratura nie widzia\u0142a takiej potrzeby.<\/p>\n<p><img decoding=\"async\" src=\"https:\/\/cdn.wiadomosci.onet.pl\/1\/AVqk9lBaHR0cHM6Ly9vY2RuLmV1L3B1bHNjbXMvTURBXy9lNDA5NDc0MWQyNDg0NDcwZmQzMTM0NTQzOWM1YWIwNi5qcGeSlQMAAM0CWM0BwpUCzQdYAMLD3gACoTAHoTEE\" height=\"450\" width=\"600\" alt=\"Paulina Antczak zmar\u0142a 24 wrze\u015bnia 2014 r.\" loading=\"lazy\" class=\"ods-c-image__img ods-c-image__img--viewport-width\"\/><\/p>\n<p>Paulina Antczak zmar\u0142a 24 wrze\u015bnia 2014 r.Archiwum rodzinne<\/p>\n<p class=\"ods-c-paragraph \">\u015aledczy sami nigdy nie wyja\u015bnili, co by\u0142o przyczyn\u0105 \u015bmierci Pauliny. Nie mieli jednak problemu ze stwierdzeniem, \u017ce do jej \u015bmierci nikt si\u0119 nie przyczyni\u0142 i spraw\u0119 umorzyli. Wcze\u015bniej prokurator ju\u017c podczas ogl\u0119dzin uzna\u0142, \u017ce zgon nast\u0105pi\u0142 we \u015bnie, na skutek upojenia alkoholem. P\u00f3\u017aniej prokuratura si\u0119 z tego wycofa\u0142a, bo jak wykaza\u0142a sekcja, dziewczyna nie mia\u0142a w organizmie nawet odrobiny alkoholu. Innych w\u0105tk\u00f3w prokuratura nie bada\u0142a.<\/p>\n<p>   W\u0105tek kropl\u00f3wki, kt\u00f3rej nikt nie zabezpieczy\u0142<\/p>\n<p class=\"ods-c-paragraph \">W ocenie bieg\u0142ego z Katowic szybkie podanie kropl\u00f3wki sterofundin bez jakichkolwiek wskaza\u0144 tak\u017ce mog\u0142o by\u0107 gro\u017ane, szczeg\u00f3lnie w po\u0142\u0105czeniu z toksyczn\u0105 dawk\u0105 amiodaronu. To jednak rozwa\u017canie czysto teoretyczne, bo cho\u0107 taka kropl\u00f3wka by\u0142a w mieszkaniu Pauliny, sta\u0142a na regale, to zosta\u0142a uwieczniona jedynie na zdj\u0119ciach zrobionych przez technika. \u015aledczy nie zabezpieczyli jej, nie wiadomo wi\u0119c, co dok\u0142adnie zawiera\u0142a, a udowodnienie podania preparatu na podstawie toksykologii po ekshumacji jest niemo\u017cliwe.<\/p>\n<p><img decoding=\"async\" src=\"https:\/\/cdn.wiadomosci.onet.pl\/1\/bv6k9lBaHR0cHM6Ly9vY2RuLmV1L3B1bHNjbXMvTURBXy8xMDQ0NDBjMTFlOTBhNWFmZTc5YTE4OWU0ODA5OTFlZi5qcGeRlQLNB1gAwsPeAAKhMAehMQQ\" height=\"627\" width=\"940\" alt=\"Kropl\u00f3wka, kt\u00f3rej nie zabezpieczyli \u015bledczy, szybko znikn\u0119\u0142a\" loading=\"lazy\" class=\"ods-c-image__img ods-c-image__img--viewport-width\"\/><\/p>\n<p>Kropl\u00f3wka, kt\u00f3rej nie zabezpieczyli \u015bledczy, szybko znikn\u0119\u0142amat. prasowe<\/p>\n<p class=\"ods-c-paragraph \">Rodzice Pauliny na w\u0142asn\u0105 r\u0119k\u0119 ustalili, po widocznym na zdj\u0119ciu symbolu, \u017ce kropl\u00f3wka by\u0142a na wyposa\u017ceniu Uniwersyteckiego Szpitala Klinicznego przy ul. Borowskiej we Wroc\u0142awiu. Chcieli, by s\u0105d sprawdzi\u0142, kto wyni\u00f3s\u0142 j\u0105 ze szpitala, bo jak przekonywali, mog\u0142o to by\u0107 narz\u0119dzie zbrodni, ale ich wniosek zosta\u0142 odrzucony. S\u0119dzia Antonina Surma uzna\u0142a, \u017ce nie ma to znaczenia dla sprawy.<\/p>\n<p>   Sami wykopali c\u00f3rk\u0119 z grobu<\/p>\n<p class=\"ods-c-paragraph \">Rodzice Pauliny Antczak od 11 lat sami pr\u00f3buj\u0105 ustali\u0107, dlaczego ich 25-letnia c\u00f3rka nie \u017cyje. To oni wyszli z subsydiarnym [prywatnym] aktem oskar\u017cenia przeciwko by\u0142emu ch\u0142opakowi Pauliny, Dawidowi Z. I to oni zdobyli zgod\u0119 na ekshumacj\u0119 [s\u0105d kilkukrotnie nie zgadza\u0142 si\u0119 na ni\u0105] i sami zap\u0142acili za ponown\u0105 sekcj\u0119 zw\u0142ok i badania toksykologiczne, kt\u00f3rych wcze\u015bniej nie zleci\u0142a prokuratura.<\/p>\n<p class=\"ods-c-paragraph \">Odk\u0105d Antczakowie otrzymali wyniki bada\u0144 toksykologicznych, nie maj\u0105 w\u0105tpliwo\u015bci, \u017ce ich c\u00f3rka zosta\u0142a zabita. Wskazuj\u0105 na Dawida, kt\u00f3ry by\u0142 z ni\u0105 sam, gdy umiera\u0142a. Przynajmniej tak zezna\u0142. Nie wierz\u0105 mu. Podejrzewaj\u0105, \u017ce kto\u015b mu pomaga\u0142.<\/p>\n<p class=\"ods-c-paragraph \">\u2014 Dawid mia\u0142 koleg\u00f3w w\u015br\u00f3d ratownik\u00f3w. Musia\u0142 mu kto\u015b pomaga\u0107, szczeg\u00f3lnie \u017ce amiodaron to lek \u015bcis\u0142ego zarachowania. Nie jest \u0142atwo go zdoby\u0107 szczeg\u00f3lnie w takich ilo\u015bciach \u2014 us\u0142ysza\u0142em od ojca Pauliny.<\/p>\n<p class=\"ods-c-paragraph \">Dawid w s\u0105dzie prosi\u0142 o &#8222;sprawiedliwy wyrok i \u0142agodny wymiar kary&#8221;. Zosta\u0142 uniewinniony od zarzucanych mu czyn\u00f3w: nieumy\u015blnego spowodowania \u015bmierci i nieudzielenia pomocy. W drugiej instancji s\u0105d przekaza\u0142 spraw\u0119 do ponownego rozpoznania.<\/p>\n<p><img decoding=\"async\" src=\"https:\/\/cdn.wiadomosci.onet.pl\/1\/_Iek9lBaHR0cHM6Ly9vY2RuLmV1L3B1bHNjbXMvTURBXy9jNjc4NzEwNWNjN2M0YTZhZWZhMDI1Mzk2MjY1YzQ5NC5qcGeRlQLNB1gAwsPeAAKhMAehMQQ\" height=\"705\" width=\"940\" alt=\"Od lewej: Iwona Antczak, Kazimierz Antczak, adw. Justyna Flankowska\" loading=\"lazy\" class=\"ods-c-image__img ods-c-image__img--viewport-width\"\/><\/p>\n<p>Od lewej: Iwona Antczak, Kazimierz Antczak, adw. Justyna FlankowskaTomasz Paj\u0105czek \/ Onet<\/p>\n<p class=\"ods-c-paragraph \">Ponowny proces trwa. Sprawa toczy si\u0119 w s\u0105dzie rejonowym, cho\u0107 zdaniem rodzic\u00f3w Pauliny i ich pe\u0142nomocnik\u00f3w ju\u017c dawno powinna by\u0107 przekazana do s\u0105du okr\u0119gowego i badana pod k\u0105tem zab\u00f3jstwa. Dot\u0105d tak si\u0119 nie sta\u0142o. Kolejna rozprawa odb\u0119dzie si\u0119 w styczniu.<\/p>\n<p>Zagadka \u015bmierci Pauliny Antczak<\/p>\n<p class=\"ods-c-paragraph \">Paulina Antczak zmar\u0142a w nocy 24 wrze\u015bnia 2014 r. w swoim mieszkaniu we Wroc\u0142awiu. Gdy umiera\u0142a, nie by\u0142a sama. W mieszkaniu by\u0142 jej ch\u0142opak, Dawid.<\/p>\n<p class=\"ods-c-paragraph \">Dawid przedstawi\u0142 kilka wersji jej \u015bmierci. Nie wiadomo, kt\u00f3ra z nich jest prawdziwa. A mo\u017ce \u017cadna. Kole\u017cance m\u00f3wi\u0142, \u017ce Paulina nagle upad\u0142a, zala\u0142a si\u0119 krwi\u0105 i zmar\u0142a. Co innego przekaza\u0142 \u015bledczym. Raz m\u00f3wi\u0142, \u017ce zbudzi\u0142o go jej charczenie, raz, \u017ce by\u0142y to uderzenia w \u015bcian\u0119, a jeszcze innym razem, \u017ce wsta\u0142, gdy zadzwoni\u0142 budzik.<\/p>\n<p>   <img decoding=\"async\" src=\"https:\/\/cdn.wiadomosci.onet.pl\/1\/2Cgk9lBaHR0cHM6Ly9vY2RuLmV1L3B1bHNjbXMvTURBXy9hMWM2MWY4NzZjNjkzMDkyNGE0MzkwYTZmYzZjMTQ5Yi5wbmeRlQLNB1gAwsPeAAKhMAehMQQ\" height=\"558\" width=\"773\" alt=\"Dawid i Paulina Antczak\" loading=\"lazy\" class=\"ods-c-image__img ods-c-image__img--viewport-width\"\/><\/p>\n<p>Dawid i Paulina AntczakArchiwum rodzinne<\/p>\n<p class=\"ods-c-paragraph \">To on mia\u0142 wezwa\u0107 do niej pogotowie. Jak zezna\u0142, reanimowa\u0142 j\u0105 wed\u0142ug wskaz\u00f3wek dyspozytora numeru 112. Tyle \u017ce przes\u0142uchany po dw\u00f3ch latach operator zapewni\u0142, \u017ce wcale go nie instruowa\u0142.<\/p>\n<p class=\"ods-c-paragraph \">Gdy Dawid wezwa\u0142 pogotowie by\u0142a godz. 5.05, ale ju\u017c o 3.29 wys\u0142a\u0142 do ojca SMS o tre\u015bci: &#8222;Odezwij si\u0119 do mnie, Paulina nie \u017cyje&#8221;. Co robi\u0142 przez p\u00f3\u0142torej godziny? Nie wiadomo. \u015aledczy nigdy tego nie ustalili.<\/p>\n<p>Szczeg\u00f3\u0142, kt\u00f3ry nie daje im spokoju<\/p>\n<p class=\"ods-c-paragraph \">Rodzicom Pauliny wci\u0105\u017c nie daje spokoju to, w jaki spos\u00f3b za\u0142oga karetki pogotowia, kt\u00f3r\u0105 mia\u0142 wezwa\u0107 Dawid Z., dotar\u0142a na miejsce, skoro nie zna\u0142a dok\u0142adnego numeru mieszkania ani nazwiska i telefonu osoby zg\u0142aszaj\u0105cej.<\/p>\n<p class=\"ods-c-paragraph \">Tymczasem z dokument\u00f3w wynika, \u017ce pogotowie przyby\u0142o na interwencj\u0119 w trzy minuty.<\/p>\n<p class=\"ods-c-paragraph \"><a href=\"https:\/\/wiadomosci.onet.pl\/wroclaw\/hipoteza-rodzicow-pauliny-antczak-ten-szczegol-nie-daje-im-spokoju\/qtnqveq\" id=\"0044c392-765e-4980-a3dc-23a6fba6d51b\" rel=\"nofollow noopener\" target=\"_blank\">Nikt nigdy nie wyja\u015bni\u0142, w jaki spos\u00f3b pogotowie trafi\u0142o do Pauliny<\/a>. \u2014 Pani s\u0119dzia by\u0142a tym niewzruszona \u2014 m\u00f3wi\u0142a mi Iwona Antczak. W s\u0105dzie jej m\u0105\u017c, Kazimierz, ironizowa\u0142, \u017ce w dotarciu do celu za\u0142odze karetki pomog\u0142a chyba &#8222;czarodziejska r\u00f3\u017cd\u017cka&#8221;.<\/p>\n<p class=\"ods-c-paragraph \">Kontakt z autorem: tomasz.pajaczek@redakcjaonet.pl<\/p>\n","protected":false},"excerpt":{"rendered":"Amiodaron jako trucizna Zdaniem Rafa\u0142a Skowronka, specjalisty medycyny s\u0105dowej i patomorfologii, kierownika Zak\u0142adu Medycyny S\u0105dowej w Katowicach, przyczyn\u0105&hellip;\n","protected":false},"author":2,"featured_media":143221,"comment_status":"","ping_status":"","sticky":false,"template":"","format":"standard","meta":{"footnotes":""},"categories":[5],"tags":[29129,32,33,36,37,27,49,34,35,28,31,48,25,46,29128,42,38,40,39,41,47,29,30,26],"class_list":{"0":"post-143220","1":"post","2":"type-post","3":"status-publish","4":"format-standard","5":"has-post-thumbnail","7":"category-naglowki","8":"tag-amiodaron","9":"tag-breaking-news","10":"tag-breakingnews","11":"tag-featured-news","12":"tag-featurednews","13":"tag-headlines","14":"tag-kraj","15":"tag-latest-news","16":"tag-latestnews","17":"tag-naglowki","18":"tag-najwazniejsze-artykuly","19":"tag-nat_styl","20":"tag-news","21":"tag-omp","22":"tag-paulina_antczak","23":"tag-pl","24":"tag-poland","25":"tag-polish","26":"tag-polska","27":"tag-polski","28":"tag-screening_general","29":"tag-top-stories","30":"tag-topstories","31":"tag-wiadomosci"},"share_on_mastodon":{"url":"https:\/\/pubeurope.com\/@pl\/115696026693361248","error":""},"_links":{"self":[{"href":"https:\/\/www.europesays.com\/pl\/wp-json\/wp\/v2\/posts\/143220","targetHints":{"allow":["GET"]}}],"collection":[{"href":"https:\/\/www.europesays.com\/pl\/wp-json\/wp\/v2\/posts"}],"about":[{"href":"https:\/\/www.europesays.com\/pl\/wp-json\/wp\/v2\/types\/post"}],"author":[{"embeddable":true,"href":"https:\/\/www.europesays.com\/pl\/wp-json\/wp\/v2\/users\/2"}],"replies":[{"embeddable":true,"href":"https:\/\/www.europesays.com\/pl\/wp-json\/wp\/v2\/comments?post=143220"}],"version-history":[{"count":0,"href":"https:\/\/www.europesays.com\/pl\/wp-json\/wp\/v2\/posts\/143220\/revisions"}],"wp:featuredmedia":[{"embeddable":true,"href":"https:\/\/www.europesays.com\/pl\/wp-json\/wp\/v2\/media\/143221"}],"wp:attachment":[{"href":"https:\/\/www.europesays.com\/pl\/wp-json\/wp\/v2\/media?parent=143220"}],"wp:term":[{"taxonomy":"category","embeddable":true,"href":"https:\/\/www.europesays.com\/pl\/wp-json\/wp\/v2\/categories?post=143220"},{"taxonomy":"post_tag","embeddable":true,"href":"https:\/\/www.europesays.com\/pl\/wp-json\/wp\/v2\/tags?post=143220"}],"curies":[{"name":"wp","href":"https:\/\/api.w.org\/{rel}","templated":true}]}}