{"id":143315,"date":"2025-12-10T16:40:10","date_gmt":"2025-12-10T16:40:10","guid":{"rendered":"https:\/\/www.europesays.com\/pl\/143315\/"},"modified":"2025-12-10T16:40:10","modified_gmt":"2025-12-10T16:40:10","slug":"putin-bedzie-zyl-dlugo-psychopaci-dozywaja-sedziwego-wieku-to-fakt","status":"publish","type":"post","link":"https:\/\/www.europesays.com\/pl\/143315\/","title":{"rendered":"Putin b\u0119dzie \u017cy\u0142 d\u0142ugo. Psychopaci do\u017cywaj\u0105 s\u0119dziwego wieku, to fakt"},"content":{"rendered":"<p>W Europie zaczynaj\u0105 si\u0119 pojawia\u0107 rozwa\u017cania, \u017ce najbli\u017csze lato mo\u017ce by\u0107 ostatnim &#8222;bez wojny&#8221;. Polska przygotowuje si\u0119 na ewentualny konflikt z Rosj\u0105, podobnie jak kraje skandynawskie. Czy to tylko panika, czy realne zagro\u017cenie?<\/p>\n<p>Nie wiem, czy to ostatnie lato bez wojny. Jestem jednak przekonany, \u017ce czeka nas konflikt z Rosj\u0105. Nie jestem prorokiem, ale mog\u0119 wyci\u0105ga\u0107 wnioski na podstawie d\u0142ugoterminowych sygna\u0142\u00f3w, trend\u00f3w i motywacji poszczeg\u00f3lnych graczy.<\/p>\n<p>W wywiadzie dla serwisu Aktuality.sk czeski ukrainista Dawid Swoboda, ekspert w dziedzinie wsp\u00f3\u0142czesnej historii Ukrainy i stosunk\u00f3w rosyjsko-ukrai\u0144skich, wieloletni pracownik Instytutu Studi\u00f3w nad Re\u017cimami Totalitarnymi w Pradze, wyja\u015bnia motywacje Putina. Odpowiada te\u017c na takie pytania, jak to, dlaczego Trump odsuwa si\u0119 od Europy, kto wed\u0142ug niego jest silnym europejskim przyw\u00f3dc\u0105 oraz dlaczego w interesie Polski jest obrona ukrai\u0144skiej przestrzeni powietrznej.<\/p>\n<p>Powiedzia\u0142bym, \u017ce by\u0142 to swego rodzaju krok wyr\u00f3wnuj\u0105cy i uspokajaj\u0105cy. Europa jest zainteresowana zaznaczeniem swojego stanowiska i wykazaniem niezachwianego wsparcia dla Ukrainy, w obliczu inicjatyw ameryka\u0144skiego prezydenta, kt\u00f3re nie tylko nie uwzgl\u0119dniaj\u0105 \u017cywotnych interes\u00f3w Ukrainy, ale w ostatnich dniach potwierdzaj\u0105 obawy ludzi, kt\u00f3rzy postrzegali administracj\u0119 Trumpa jako ideologicznie zmotywowanego gracza wrogo nastawionego do g\u0142\u0119bszych warto\u015bci europejskich. Dla mnie to deja vu, powr\u00f3t do tego, co wydarzy\u0142o si\u0119 w lutym.<\/p>\n<p class=\"ods-c-paragraph \">Nawi\u0105zuj\u0119 do <a href=\"https:\/\/wiadomosci.onet.pl\/politico\/jd-vance-rzucil-sie-na-europe-mamy-do-wyboru-dwie-drogi-ue-musi-tanczyc-do-melodii\/fj2tdl0\" id=\"cc9fbf0f-fc2d-457b-ade5-821c0d8789b3\" rel=\"nofollow noopener\" target=\"_blank\">wyst\u0105pienia J.D. Vance&#8217;a na konferencji bezpiecze\u0144stwa w Monachium<\/a>. To, co tam pad\u0142o, pojawia si\u0119 teraz ponownie w <a href=\"https:\/\/wiadomosci.onet.pl\/swiat\/usa-maja-nowa-strategie-bezpieczenstwa-piec-kluczowych-wnioskow\/559p73b\" id=\"27b358e3-2eea-48d0-a7f4-7ed5d81d4214\" rel=\"nofollow noopener\" target=\"_blank\">nowej ameryka\u0144skiej strategii [bezpiecze\u0144stwa]<\/a>. Ca\u0142y kontekst tych wydarze\u0144 tylko pozornie wygl\u0105da na wysi\u0142ek zmierzaj\u0105cy do osi\u0105gni\u0119cia pokoju. W rzeczywisto\u015bci to raczej puste gesty dyplomatyczne, kt\u00f3rych \u017cadna ze stron nie traktuje powa\u017cnie. A je\u015bli kto\u015b jednak traktuje je chocia\u017c troch\u0119 powa\u017cnie, to jest to administracja ameryka\u0144ska. Nie chodzi jej jednak o sprawiedliwy pok\u00f3j, tylko o szybkie zawieszenie broni, aby Donald Trump m\u00f3g\u0142 je przedstawi\u0107 jako swoje kolejne dyplomatyczne osi\u0105gni\u0119cie.<\/p>\n<p class=\"ods-c-paragraph \">We wtorek <a href=\"https:\/\/wiadomosci.onet.pl\/swiat\/donald-trump-europa-ma-wielu-glupich-przywodcow-za-to-polska-wykonala-bardzo-dobra\/kt04ph4\" id=\"2fc4184b-0463-4546-9b39-431d11c1e459\" rel=\"nofollow noopener\" target=\"_blank\">Trump powiedzia\u0142, \u017ce europejscy przyw\u00f3dcy s\u0105 s\u0142abi<\/a>. Czy ma racj\u0119?<\/p>\n<p class=\"ods-c-paragraph \">W pewnym sensie tak, ale odpowied\u017a na to pytanie ma kilka wymiar\u00f3w.<\/p>\n<p class=\"ods-c-paragraph \">Po pierwsze, tak, s\u0105 s\u0142abi.<\/p>\n<p class=\"ods-c-paragraph \">Po drugie, warto zauwa\u017cy\u0107, \u017ce m\u00f3wi to w\u0142a\u015bnie Donald Trump, kt\u00f3ry nie wykorzystuje si\u0142y Stan\u00f3w Zjednoczonych w s\u0142usznej sprawie, ale raczej w interesie jakiego\u015b wulgarnego interesu, szybko zawartego z W\u0142adimirem Putinem.<\/p>\n<p class=\"ods-c-paragraph \">Po trzecie, europejscy przyw\u00f3dcy s\u0105 s\u0142abi r\u00f3wnie\u017c dlatego, \u017ce poj\u0119cie &#8222;europejski&#8221; oznacza bardzo lu\u017an\u0105 ca\u0142o\u015b\u0107, kt\u00f3ra nie jest przyzwyczajona do jednolitej polityki zagranicznej. Historia jednak obecnie zdecydowanie popycha j\u0105 w tym kierunku.<\/p>\n<p class=\"ods-c-paragraph \">Znalezienie szybkiej i skutecznej jedno\u015bci w czasie, gdy musimy przygotowa\u0107 si\u0119 na realne zagro\u017cenie rosyjskim atakiem, jest niezwykle trudne. Gdyby Europa tego dokona\u0142a, by\u0142by to kolejny cud cywilizacyjny Zachodu.<\/p>\n<p>   <img decoding=\"async\" src=\"https:\/\/www.europesays.com\/pl\/wp-content\/uploads\/2025\/12\/lqFk9lBaHR0cHM6Ly9vY2RuLmV1L3B1bHNjbXMvTURBXy9jYjU5NzA1MTJkNTQ4NjBjNTAxYzQyYjlhNTVlZWExNC5qcGeRlQLNB.jpeg\" height=\"627\" width=\"940\" alt=\"Spotkanie europejskich przyw\u00f3dc\u00f3w z prezydentem USA w Bia\u0142ym Domu. Od lewej: premier Wielkiej Brytanii Keir Starmer, prezydent Francji Emmanuel Macron, Donald Trump, kanclerz Niemiec Friedrich Merz. Z prawej sekretarz generalny Mark Rutte (ty\u0142em) i prezydent Ukrainy Wo\u0142odymyr Ze\u0142enski, Waszyngton, DC, USA, 18 sierpnia 2025 r.\" loading=\"lazy\" class=\"ods-c-image__img ods-c-image__img--viewport-width\"\/><\/p>\n<p>Spotkanie europejskich przyw\u00f3dc\u00f3w z prezydentem USA w Bia\u0142ym Domu. Od lewej: premier Wielkiej Brytanii Keir Starmer, prezydent Francji Emmanuel Macron, Donald Trump, kanclerz Niemiec Friedrich Merz. Z prawej sekretarz generalny Mark Rutte (ty\u0142em) i prezydent Ukrainy Wo\u0142odymyr Ze\u0142enski, Waszyngton, DC, USA, 18 sierpnia 2025 r.AARON SCHWARTZ \/ POOL \/ PAP<\/p>\n<p class=\"ods-c-paragraph \">Czy jest dzi\u015b w Europie kto\u015b, kogo mo\u017cna nazwa\u0107 silnym przyw\u00f3dc\u0105?<\/p>\n<p class=\"ods-c-paragraph \">Oceni\u0142bym to indywidualnie i zawsze w kontek\u015bcie tego, jak silne i kulturowo predysponowane jest spo\u0142ecze\u0144stwo danego przyw\u00f3dcy. Niemcy przesz\u0142y w ostatnich miesi\u0105cach znacz\u0105c\u0105 zmian\u0119, kt\u00f3ra dostosowuje je do ducha czasu znacznie bardziej ni\u017c na przyk\u0142ad Czechy. Mo\u017cna powiedzie\u0107, \u017ce europejscy przyw\u00f3dcy przechodz\u0105 obecnie swego rodzaju casting na silniejsze osobowo\u015bci.<\/p>\n<p class=\"ods-c-paragraph \">Tradycyjnie silne s\u0105 Niemcy, Wielka Brytania i Francja. Mniejsze kraje mog\u0105 zaskakiwa\u0107, czasem pozytywnie, ale ich zdolno\u015b\u0107 do wp\u0142ywania na kierunek rozwoju Europy jest naturalnie ograniczona wielko\u015bci\u0105 ich gospodarki lub przemys\u0142u obronnego.<\/p>\n<p>Dalszy ci\u0105g artyku\u0142u pod materia\u0142em wideo<\/p>\n<p class=\"ods-c-paragraph \">Trump w swojej nowej strategii m\u00f3wi r\u00f3wnie\u017c o odej\u015bciu od Europy. Wspomina te\u017c, \u017ce <a href=\"https:\/\/wiadomosci.onet.pl\/swiat\/nieoficjalnie-amerykanie-stawiaja-duze-zadanie-przed-europa-wyznaczyli-date\/vsr0nw4\" id=\"603c817a-e69c-4cb4-bd61-a97ab524ad5c\" rel=\"nofollow noopener\" target=\"_blank\">Unia Europejska powinna przej\u0105\u0107 kierownictwo NATO do 2027 r.<\/a> Jak to interpretowa\u0107? Czy nie jest symboliczne, \u017ce jego wyst\u0105pienie <a href=\"https:\/\/wiadomosci.onet.pl\/swiat\/idiota-z-ksiazeczka-czekowa-po-ujawnieniu-nowej-strategii-bezpieczenstwa-usa-na\/j01s635\" id=\"345dc27e-74f8-41f9-b1eb-d6518d555bfc\" rel=\"nofollow noopener\" target=\"_blank\">doceni\u0142a Rosja<\/a>?<\/p>\n<p class=\"ods-c-paragraph \">Dok\u0142adnie tak. Strategia Trumpa zmierza do stopniowego odwr\u00f3cenia si\u0119 Stan\u00f3w Zjednoczonych od Europy. Nie jest to tylko \u017cyczenie Donalda Trumpa, ale jasno sformu\u0142owana linia, kt\u00f3r\u0105 pod\u0105\u017ca jego administracja.<\/p>\n<p class=\"ods-c-paragraph \">W kontek\u015bcie tego, o czym wspomnia\u0142e\u015b \u2014 \u017ce doceni\u0142a to r\u00f3wnie\u017c Rosja \u2014 wracamy do problemu &#8222;\u015bwiata dzielonego na strefy wp\u0142yw\u00f3w&#8221;. Trump wyobra\u017ca sobie \u015brodowisko mi\u0119dzynarodowe jako przestrze\u0144, w kt\u00f3rej mocarstwa uzgadniaj\u0105, kto jest w\u0142a\u015bcicielem czego. A Europa, jego zdaniem, nie jest ju\u017c priorytetowym interesem Stan\u00f3w Zjednoczonych.<\/p>\n<p class=\"ods-c-paragraph \">Skoro m\u00f3wimy o strefach wp\u0142yw\u00f3w, czy jest mo\u017cliwe, \u017ce Trump chce po\u0142\u0105czy\u0107 si\u0142y z Rosj\u0105 przeciwko Chinom? W ko\u0144cu Stany Zjednoczone s\u0105 najwi\u0119kszym rywalem Chin. Czy to mo\u017ce by\u0107 jego taktyka?<\/p>\n<p class=\"ods-c-paragraph \">Kiedy\u015b by\u0142a to popularna koncepcja. W pierwszych miesi\u0105cach pierwszej kadencji Trumpa wielu pr\u00f3bowa\u0142o w ten spos\u00f3b wyja\u015bni\u0107 jego zachowanie i przesadn\u0105 uczynno\u015b\u0107 wobec Putina.<\/p>\n<p class=\"ods-c-paragraph \">Jest jednak jeden zasadniczy problem: to ca\u0142kowicie b\u0142\u0119dne za\u0142o\u017cenie.<\/p>\n<p class=\"ods-c-paragraph \"><a href=\"https:\/\/businessinsider.com.pl\/wiadomosci\/stany-zjednoczone-i-rosja-na-nowej-drodze-tajne-rozmowy-i-interesy\/h1qq37m\" id=\"1c434913-afda-4bd6-af86-c6c82b063d95\" rel=\"nofollow noopener\" target=\"_blank\">Rosja nie ma Ameryce nic istotnego do zaoferowania, a Ameryka nie ma nic istotnego do zaoferowania Rosji<\/a>. Mog\u0105 si\u0119 zbli\u017cy\u0107 w ramach interes\u00f3w gospodarczych, owszem. I owszem, konflikt w Ukrainie jest przeszkod\u0105, kt\u00f3r\u0105 Trump najch\u0119tniej cynicznie i szybko by usun\u0105\u0142. Ale interesy ideologiczne s\u0105 dzi\u015b dla Moskwy i Pekinu znacznie wa\u017cniejsze.<\/p>\n<p class=\"ods-c-paragraph \">Moskwa i Pekin zbli\u017caj\u0105 si\u0119 do siebie w spos\u00f3b naturalny, a nie przypadkowy. <a href=\"https:\/\/wiadomosci.onet.pl\/swiat\/smieciowa-machina-wojenna-putina-cienko-przedzie-rosje-ratuje-juz-tylko-chinska\/l37676l\" id=\"b8b0ee03-3081-4968-9f60-ddcb7a49e67a\" rel=\"nofollow noopener\" target=\"_blank\">Rosja wie, \u017ce bez Chin nie osi\u0105gnie swoich cel\u00f3w w Europie<\/a>. A Putin wie, \u017ce nie by\u0142by w stanie prowadzi\u0107 swojej wojny ju\u017c pi\u0105ty rok, gdyby nie mia\u0142 wsparcia Chin. Dlaczego mia\u0142by nagle zerwa\u0107 t\u0119 wsp\u00f3\u0142prac\u0119?<\/p>\n<p class=\"ods-c-paragraph \">Co wi\u0119c Stany Zjednoczone mog\u0142yby zaoferowa\u0107 Rosji?<\/p>\n<p class=\"ods-c-paragraph \">Bardzo niewiele. Tak, Ameryka mo\u017ce przesta\u0107 wspiera\u0107 Ukrain\u0119 i odci\u0105\u0107 j\u0105 od informacji wywiadowczych. To wszystko prawda. Ale Rosja potrzebuje czego\u015b innego. Potrzebuje przeciwwagi dla Chin, a nie kolejnej umowy handlowej.<\/p>\n<p class=\"ods-c-paragraph \">Ameryka z kolei nie mo\u017ce znie\u015b\u0107 sankcji, aby nie wygl\u0105da\u0142o to na otwart\u0105 kapitulacj\u0119 przed Moskw\u0105. Trump po prostu nie przetrwa\u0142by tego w sytuacji, gdy zbli\u017caj\u0105 si\u0119 wybory w USA, a Partia Republika\u0144ska jest podzielona.<\/p>\n<p class=\"ods-c-paragraph \">Rosja mo\u017ce nawi\u0105za\u0107 wsp\u00f3\u0142prac\u0119 z USA w Arktyce lub w regionach polarnych, ale to za ma\u0142o. W rzeczywistym konflikcie zbrojnym z Chinami Stany Zjednoczone nie mia\u0142yby podstaw, by polega\u0107 na Rosji. Putin doskonale wie, \u017ce bez Chin nie ma d\u0142ugoterminowej przysz\u0142o\u015bci.<\/p>\n<p><img decoding=\"async\" src=\"https:\/\/www.europesays.com\/pl\/wp-content\/uploads\/2025\/12\/oagk9lBaHR0cHM6Ly9vY2RuLmV1L3B1bHNjbXMvTURBXy8wYzI1NTUzZDNiZWFmZjEwN2Y4MWJiZmYwNDAxZDM4Mi5qcGeRlQLNB.jpeg\" height=\"627\" width=\"940\" alt=\"Prezydent Stan\u00f3w Zjednoczonych Donald Trump (L) i prezydent Rosji W\u0142adimir Putin podczas spotkania w Anchorage na Alasce, USA, 15 sierpnia 2025 r. \" loading=\"lazy\" class=\"ods-c-image__img ods-c-image__img--viewport-width\"\/><\/p>\n<p>Prezydent Stan\u00f3w Zjednoczonych Donald Trump (L) i prezydent Rosji W\u0142adimir Putin podczas spotkania w Anchorage na Alasce, USA, 15 sierpnia 2025 r.The White House \/ PAP<\/p>\n<p class=\"ods-c-paragraph \">Nowa ameryka\u0144ska strategia, a zw\u0142aszcza odwr\u00f3t od Europy, budzi obawy. W Europie zaczynaj\u0105 si\u0119 pojawia\u0107 rozwa\u017cania, \u017ce najbli\u017csze lato mo\u017ce by\u0107 ostatnim &#8222;bez wojny&#8221;. Polska przygotowuje si\u0119 na ewentualny konflikt z Rosj\u0105, podobnie jak kraje skandynawskie. Czy to tylko panika, czy realne zagro\u017cenie?<\/p>\n<p class=\"ods-c-paragraph \">Nie wiem, czy to ostatnie lato bez wojny. Jestem jednak przekonany, \u017ce czeka nas konflikt z Rosj\u0105.<\/p>\n<p class=\"ods-c-paragraph \">Nie jestem prorokiem, ale mog\u0119 wyci\u0105ga\u0107 wnioski na podstawie d\u0142ugoterminowych sygna\u0142\u00f3w, trend\u00f3w i motywacji poszczeg\u00f3lnych graczy.<\/p>\n<p class=\"ods-c-paragraph \">Putin chce zmieni\u0107 porz\u0105dek \u015bwiata. Ma 73 lata, ale b\u0119dzie tu jeszcze d\u0142ugo. \u0179li ludzie \u017cyj\u0105 d\u0142ugo. Nie obci\u0105\u017ca ich sumienie. Psychopaci do\u017cywaj\u0105 s\u0119dziwego wieku, to po prostu fakt.<\/p>\n<p class=\"ods-c-paragraph \">Jednocze\u015bnie jednak nie b\u0119dzie \u017cy\u0142 wiecznie. I ma pow\u00f3d, by si\u0119 spieszy\u0107. Trump zaoferowa\u0142 mu ogromn\u0105 szans\u0119. Rosja przestaje udawa\u0107 zdezorientowan\u0105, jak to by\u0142o kilka lat temu. Putin ma motywacj\u0119, aby uderzy\u0107 w Europ\u0119, zanim stanie si\u0119 ona zbyt silna i zbyt zjednoczona.<\/p>\n<p class=\"ods-c-paragraph \">Ameryka robi to, co robi. To dla Putina kolejna szansa.<\/p>\n<p class=\"ods-c-paragraph \">W Europie ro\u015bnie nerwowo\u015b\u0107. Ka\u017cdego dnia dochodzi do nowych incydent\u00f3w \u2014 balony z Bia\u0142orusi nad Litw\u0105, Rumunia zg\u0142asza naruszenia przestrzeni powietrznej, m\u00f3wi si\u0119 o prowokacjach. Prezydent Czech Petr Pavel powiedzia\u0142, \u017ce je\u015bli Rosja przekroczy pewne granice, nale\u017cy strzela\u0107. Rosjanie odpowiedzieli mu, \u017ce wtedy &#8222;skieruj\u0105 rakiety na Prag\u0119&#8221;. Czy Pavel nie ma racji? Czy nie powinni\u015bmy by\u0107 bardziej zdecydowani?<\/p>\n<p class=\"ods-c-paragraph \">Problem le\u017cy gdzie indziej. Szanuj\u0119 Petra Pavla, ale zazdroszcz\u0119 ludziom, kt\u00f3rzy mog\u0105 powiedzie\u0107 bana\u0142 i zas\u0142u\u017cy\u0107 na oklaski, jakby to by\u0142a odwa\u017cna wypowied\u017a. To, co powiedzia\u0142, jest prawd\u0105, cho\u0107 powinno by\u0107 sformu\u0142owane jeszcze dok\u0142adniej: musimy ustali\u0107 skal\u0119 zagro\u017ce\u0144.<\/p>\n<blockquote class=\"ods-o-quota\">\n<p class=\"ods-o-quota__paragraph\">Ale znacznie wa\u017cniejsza jest inna kwestia: Europa powinna zacz\u0105\u0107 chroni\u0107 ukrai\u0144sk\u0105 przestrze\u0144 powietrzn\u0105.<\/p>\n<p class=\"ods-o-quota__paragraph\">Przynajmniej jej zachodni\u0105 cz\u0119\u015b\u0107, od Kijowa w kierunku zachodnim. Poniewa\u017c to, co spada na Lw\u00f3w czy Iwano-Frankiwsk, nie jest tylko problemem Ukrainy. To zagro\u017cenie dla Polski, S\u0142owacji, Rumunii.<\/p>\n<p class=\"ods-o-quota__paragraph\">Polska nie podj\u0119\u0142a jeszcze \u017cadnych dzia\u0142a\u0144, poniewa\u017c obawia si\u0119 reakcji sojusznik\u00f3w z NATO. A nikt nie chce wyst\u0105pi\u0107 samodzielnie. Gdyby jednak Europa podj\u0119\u0142a wsp\u00f3ln\u0105 decyzj\u0119 o ochronie ukrai\u0144skiej przestrzeni powietrznej, odci\u0105\u017cy\u0142oby to Ukrain\u0119 i umo\u017cliwi\u0142o jej przeniesienie si\u0142 na front, zwi\u0119kszaj\u0105c jej szanse na przetrwanie.<\/p>\n<\/blockquote>\n<p class=\"ods-c-paragraph \">Istotne jest te\u017c to, \u017ce <a href=\"https:\/\/wiadomosci.onet.pl\/swiat\/zmasowany-atak-rosji-na-ukraine-wolodymyr-zelenski-wsrod-rannych-male-dzieci\/tpq4dfl\" id=\"305abe48-5044-42c0-a5c0-102f8b4e255c\" rel=\"nofollow noopener\" target=\"_blank\">wi\u0119kszo\u015b\u0107 atak\u00f3w na zachodni\u0105 Ukrain\u0119 to ataki dron\u00f3w<\/a>. To nie s\u0105 ludzie. Zestrzelenie dron\u00f3w nie jest eskalacj\u0105. To obrona.<\/p>\n<p class=\"ods-c-paragraph \">Jednak Moskwa od dawna kompromituje s\u0142owo &#8222;eskalacja&#8221; i wykorzystuje je jako narz\u0119dzie nacisku. Europa wci\u0105\u017c si\u0119 na to nabiera.<\/p>\n<p><img decoding=\"async\" src=\"https:\/\/www.europesays.com\/pl\/wp-content\/uploads\/2025\/12\/OEUk9lBaHR0cHM6Ly9vY2RuLmV1L3B1bHNjbXMvTURBXy80YjNlYmE3ZDNmMzVjYTJlYTNlOGFhMzY2MzRkYjE3MS5qcGeRlQLNB.jpeg\" height=\"626\" width=\"940\" alt=\"Prezydent Czech Petr Pawel z \u017con\u0105 Ew\u0105 podczas wizyty w Centrum Nanomateria\u0142\u00f3w, Zaawansowanych Technologii i Innowacji w Libercu, Czechy, 10 grudnia 2025 r. \" loading=\"lazy\" class=\"ods-c-image__img ods-c-image__img--viewport-width\"\/><\/p>\n<p>Prezydent Czech Petr Pawel z \u017con\u0105 Ew\u0105 podczas wizyty w Centrum Nanomateria\u0142\u00f3w, Zaawansowanych Technologii i Innowacji w Libercu, Czechy, 10 grudnia 2025 r.Radek Petrasek \/ PAP<\/p>\n<p class=\"ods-c-paragraph \">Jak twoim zdaniem b\u0119dzie wygl\u0105da\u0142 najbli\u017cszy rok dla Ukrainy? Widzimy, \u017ce front prawie si\u0119 nie zmienia, Rosja zwi\u0119ksza presj\u0119, a Trump w USA zmienia ca\u0142\u0105 polityk\u0119 zagraniczn\u0105. Jaki rozw\u00f3j sytuacji jest realistyczny?<\/p>\n<p class=\"ods-c-paragraph \">Najbardziej realistyczny scenariusz jest bardzo prosty: Ukrain\u0119 czeka wyj\u0105tkowo trudny rok. Nie s\u0105dz\u0119, aby by\u0142a w stanie osi\u0105gn\u0105\u0107 znacz\u0105ce zyski terytorialne. Na tym etapie wojny nie chodzi ju\u017c o szybkie przesuwanie frontu, tylko o d\u0142ugoterminow\u0105 zdolno\u015b\u0107 do przetrwania, funkcjonowania i opierania si\u0119. Pojawia si\u0119 przy tym kolejny problem, a mianowicie to, \u017ce Ameryka stopniowo wycofuje si\u0119 ze swojej dominuj\u0105cej roli zwolennika Ukrainy.<\/p>\n<p class=\"ods-c-paragraph \">Je\u015bli dodamy do tego to, co obecnie obserwujemy ze strony Rosji, otrzymujemy bardzo nieprzyjemny obraz. Moskwa nie prowadzi ju\u017c wojny jako walki o konkretne linie na mapie. To wojna na wyniszczenie, maj\u0105ca na celu zrujnowanie pa\u0144stwa od wewn\u0105trz: zniszczenie energetyki, parali\u017c infrastruktury, wyczerpanie ludno\u015bci.<\/p>\n<p class=\"ods-c-paragraph \">Ukraina b\u0119dzie wi\u0119c walczy\u0107 nie tylko o terytorium, ale o samo funkcjonowanie swojego pa\u0144stwa.<\/p>\n<p class=\"ods-c-paragraph \">W tej sytuacji absolutnie kluczowe znaczenie b\u0119dzie mia\u0142o to, czy Europa zdo\u0142a stan\u0105\u0107 na w\u0142asnych nogach i przej\u0105\u0107 cz\u0119\u015b\u0107 ci\u0119\u017caru, kt\u00f3ry do tej pory ponosi\u0142y Stany Zjednoczone. Bez europejskiej obrony przeciwlotniczej i bez europejskiej amunicji problemy Ukrainy znacznie si\u0119 pog\u0142\u0119bi\u0105.<\/p>\n<p class=\"ods-c-paragraph \">Nie oznacza to, \u017ce Ukraina przegra. Oznacza to, \u017ce przetrwanie b\u0119dzie znacznie trudniejsze ni\u017c dotychczas.<\/p>\n","protected":false},"excerpt":{"rendered":"W Europie zaczynaj\u0105 si\u0119 pojawia\u0107 rozwa\u017cania, \u017ce najbli\u017csze lato mo\u017ce by\u0107 ostatnim &#8222;bez wojny&#8221;. Polska przygotowuje si\u0119 na&hellip;\n","protected":false},"author":2,"featured_media":143316,"comment_status":"","ping_status":"","sticky":false,"template":"","format":"standard","meta":{"footnotes":""},"categories":[14],"tags":[56,32,33,44,189,27,76,34,35,28,31,48,25,46,3100,40,41,87,47,80,29,30,415,26,408,82,83,84],"class_list":{"0":"post-143315","1":"post","2":"type-post","3":"status-publish","4":"format-standard","5":"has-post-thumbnail","7":"category-swiat","8":"tag-article_premium","9":"tag-breaking-news","10":"tag-breakingnews","11":"tag-donald_trump","12":"tag-europa","13":"tag-headlines","14":"tag-inwazja_rosji_na_ukraine","15":"tag-latest-news","16":"tag-latestnews","17":"tag-naglowki","18":"tag-najwazniejsze-artykuly","19":"tag-nat_styl","20":"tag-news","21":"tag-omp","22":"tag-petr_pavel","23":"tag-polish","24":"tag-polski","25":"tag-rosja","26":"tag-screening_general","27":"tag-swiat","28":"tag-top-stories","29":"tag-topstories","30":"tag-ukraina","31":"tag-wiadomosci","32":"tag-wladimir_putin","33":"tag-world","34":"tag-world-news","35":"tag-worldnews"},"share_on_mastodon":{"url":"https:\/\/pubeurope.com\/@pl\/115696266769375112","error":""},"_links":{"self":[{"href":"https:\/\/www.europesays.com\/pl\/wp-json\/wp\/v2\/posts\/143315","targetHints":{"allow":["GET"]}}],"collection":[{"href":"https:\/\/www.europesays.com\/pl\/wp-json\/wp\/v2\/posts"}],"about":[{"href":"https:\/\/www.europesays.com\/pl\/wp-json\/wp\/v2\/types\/post"}],"author":[{"embeddable":true,"href":"https:\/\/www.europesays.com\/pl\/wp-json\/wp\/v2\/users\/2"}],"replies":[{"embeddable":true,"href":"https:\/\/www.europesays.com\/pl\/wp-json\/wp\/v2\/comments?post=143315"}],"version-history":[{"count":0,"href":"https:\/\/www.europesays.com\/pl\/wp-json\/wp\/v2\/posts\/143315\/revisions"}],"wp:featuredmedia":[{"embeddable":true,"href":"https:\/\/www.europesays.com\/pl\/wp-json\/wp\/v2\/media\/143316"}],"wp:attachment":[{"href":"https:\/\/www.europesays.com\/pl\/wp-json\/wp\/v2\/media?parent=143315"}],"wp:term":[{"taxonomy":"category","embeddable":true,"href":"https:\/\/www.europesays.com\/pl\/wp-json\/wp\/v2\/categories?post=143315"},{"taxonomy":"post_tag","embeddable":true,"href":"https:\/\/www.europesays.com\/pl\/wp-json\/wp\/v2\/tags?post=143315"}],"curies":[{"name":"wp","href":"https:\/\/api.w.org\/{rel}","templated":true}]}}