{"id":143460,"date":"2025-12-10T18:05:12","date_gmt":"2025-12-10T18:05:12","guid":{"rendered":"https:\/\/www.europesays.com\/pl\/143460\/"},"modified":"2025-12-10T18:05:12","modified_gmt":"2025-12-10T18:05:12","slug":"wzrasta-liczba-polakow-wydalonych-z-usa-wybieraja-samodeportacje","status":"publish","type":"post","link":"https:\/\/www.europesays.com\/pl\/143460\/","title":{"rendered":"Wzrasta liczba Polak\u00f3w wydalonych z USA. Wybieraj\u0105 samodeportacj\u0119"},"content":{"rendered":"<p class=\"Paragraph_desktopParagraph__U31Gm\">Obecny przyw\u00f3dca USA uczyni\u0142 masowe deportacje jednym z kluczowych element\u00f3w swojej prezydentury. &#8222;Gdy Trump powr\u00f3ci\u0142 do Bia\u0142ego Domu w styczniu 2025 r., w aresztach ICE przebywa\u0142o 39 tys. os\u00f3b. Pod koniec sierpnia liczba ta wzros\u0142a do rekordowych 61 tys.&#8221; \u2014 podaje raport ameryka\u0144skiego think tanku Migration Policy Institute (MPI). Autorzy opracowania szacuj\u0105, \u017ce w ci\u0105gu zaledwie miesi\u0105ca liczba osadzonych mo\u017ce si\u0119 niemal podwoi\u0107. <a href=\"https:\/\/wiadomosci.onet.pl\/swiat\/nie-taki-donald-straszny-jak-sie-maluje-liczby-nie-klamia-deportowanie-imigrantow\/x6wqbcf\" id=\"7169e542-df79-4e0f-b1f9-c6ad93276ff2\" rel=\"nofollow noopener\" target=\"_blank\">Docelowo prezydent USA planuje deportowa\u0107 nawet 1 mln os\u00f3b rocznie<\/a>.<\/p>\n<p class=\"VideoPlayerText_videoPlayerText__iDwyz\">Dalszy ci\u0105g materia\u0142u pod wideo<\/p>\n<p class=\"Paragraph_desktopParagraph__U31Gm\">W tej grupie coraz liczniej pojawiaj\u0105 si\u0119 r\u00f3wnie\u017c Polacy. Z danych Ministerstwa Spraw Zagranicznych wynika, \u017ce od 1 pa\u017adziernika 2024 r. do 30 wrze\u015bnia 2025 r. za osoby niepo\u017c\u0105dane w USA zosta\u0142o uznanych ju\u017c ok. 130 obywateli Polski. To niemal dwukrotnie wi\u0119cej, ni\u017c rok temu \u2014 podaje Interia.<\/p>\n<ul class=\"OchatFollowUps_wrapper__1ry7X\">\n<li class=\"OchatFollowUps_item__Dhyly OchatFollowUps_itemDesktop__R6aBv\">Dlaczego Polacy s\u0105 wydalani z USA?<\/li>\n<li class=\"OchatFollowUps_item__Dhyly OchatFollowUps_itemDesktop__R6aBv\">Ile Polak\u00f3w uznano za niepo\u017c\u0105dane w USA w ostatnim roku?<\/li>\n<li class=\"OchatFollowUps_item__Dhyly OchatFollowUps_itemDesktop__R6aBv\">Jakie s\u0105 g\u0142\u00f3wne przyczyny deportacji Polak\u00f3w?<\/li>\n<li class=\"OchatFollowUps_item__Dhyly OchatFollowUps_itemDesktop__R6aBv\">Co to jest samodeportacja?<\/li>\n<\/ul>\n<p>Przyczyn\u0105 deportacji zazwyczaj nie s\u0105 pope\u0142nione przest\u0119pstwa <\/p>\n<p class=\"Paragraph_desktopParagraph__U31Gm\">&#8222;<a href=\"https:\/\/wiadomosci.onet.pl\/swiat\/wrzawa-w-nowym-jorku-politycy-starli-sie-z-policja-otworz-w-koncu-te-drzwi\/nj5x3cb\" id=\"b48a8d22-7ae6-4b8c-a0d8-d4ddf303fe89\" rel=\"nofollow noopener\" target=\"_blank\">Miliony przest\u0119pczych cudzoziemc\u00f3w zostan\u0105 odes\u0142ane tam, sk\u0105d przyby\u0142y<\/a>&#8221; \u2014 m\u00f3wi\u0142 w marcu Trump. Tymczasem g\u0142\u00f3wn\u0105 przyczyn\u0105 wydale\u0144 Polak\u00f3w ma by\u0107 przed\u0142u\u017cenie pobytu ponad czas okre\u015blony w wizach tymczasowych \u2014 podaje rzecznik MSZ w rozmowie z portalem.<\/p>\n<p><a class=\"Slot_linkedImage__I6x1q\" target=\"_blank\" href=\"https:\/\/wiadomosci.onet.pl\/politico\/donald-trump-europa-ma-wielu-glupich-przywodcow-za-to-polska-wykonala-bardzo-dobra\/lw8s9rl\" rel=\"noopener noreferrer nofollow\" data-allow-layer=\"true\"><img decoding=\"async\" class=\"Image_image__0tuHp Image_autoHeight__f2n87 \" height=\"106\" width=\"750\" src=\"https:\/\/www.europesays.com\/pl\/wp-content\/uploads\/2025\/12\/YJqk9kpTURBXy83OTZjMmRiMmY4OWQ1NGY2M2UzMWQ3NWMzZTc5YjA4OC5wbmeSlQLNAu4AwsOVAgDNAu7Cw94AA6EwAaExAaEzw.jpeg\" loading=\"lazy\" \/><\/a><\/p>\n<p class=\"Paragraph_desktopParagraph__U31Gm\">Jak podaje Interia, wed\u0142ug stanu na wrzesie\u0144 2025 r. trzy czwarte zatrzymanych przez ameryka\u0144ski Urz\u0105d Celno-Imigracyjny os\u00f3b nie mia\u0142o wyroku karnego. Zarzuty, kt\u00f3re mieli postawione pozostali osadzeni w wi\u0119kszo\u015bci mia\u0142y dotyczy\u0107 drobnych spraw, np. wykrocze\u0144 drogowych.<\/p>\n<p>Wi\u0119kszo\u015b\u0107 z os\u00f3b, kt\u00f3re opu\u015bci\u0142y USA, sama podj\u0119\u0142a decyzj\u0119 o deportacji <\/p>\n<p class=\"Paragraph_desktopParagraph__U31Gm\">&#8222;Wi\u0119kszo\u015b\u0107 z tych os\u00f3b skorzysta\u0142a z opcji dobrowolnego wyjazdu&#8221; \u2014 t\u0142umaczy w rozmowie z Interi\u0105 Maciej Wewi\u00f3r. &#8222;Nie dysponujemy jednak dok\u0142adnymi informacjami na temat podzia\u0142u os\u00f3b na deportowane i te, kt\u00f3re wyjecha\u0142y dobrowolnie&#8221; \u2014 precyzuje rzecznik MSZ.<\/p>\n<p class=\"Paragraph_desktopParagraph__U31Gm\">Samodeportacja to dobrowolna decyzja o opuszczeniu kraju. Imigranci podejmuj\u0105 j\u0105 w obawie przed aresztowaniem i d\u0142ugotrwa\u0142ym zakazem wjazdu, z kt\u00f3rymi wi\u0105\u017ce si\u0119 deportacja przeprowadzona przez urz\u0105d. <a href=\"https:\/\/podroze.onet.pl\/aktualnosci\/kolejny-cios-trumpa-w-strone-migrantow-zacheca-ich-do-samodeportacji\/ve29f91\" id=\"b29e2a04-af32-4c08-84b7-ad359e251453\" rel=\"nofollow noopener\" target=\"_blank\">W USA zach\u0119ca do niej rz\u0105dowy program, jest nawet specjalna aplikacja \u2014 CBP Home.<\/a> &#8222;Daje cudzoziemcom mo\u017cliwo\u015b\u0107 wyjazdu teraz, dzi\u0119ki czemu nadal b\u0119d\u0105 mieli szans\u0119 legalnie wr\u00f3ci\u0107 w przysz\u0142o\u015bci i spe\u0142ni\u0107 ameryka\u0144ski sen&#8221; \u2014 napisa\u0142a w marcu na X sekretarz bezpiecze\u0144stwa krajowego USA Kristi Noem. &#8222;Je\u015bli tego nie zrobi\u0105, znajdziemy ich, deportujemy i nigdy nie wr\u00f3c\u0105&#8221; \u2014 doda\u0142a ameryka\u0144ska polityczka.<\/p>\n<p class=\"Paragraph_desktopParagraph__U31Gm\">Czytaj tak\u017ce: <a href=\"https:\/\/podroze.onet.pl\/aktualnosci\/syn-polskich-imigrantow-trafil-do-osrodka-na-bagnach-to-decyzja-donalda-trumpa\/4lszy5g\" id=\"48e45a95-7990-45a3-8d2d-e79569756844\" rel=\"nofollow noopener\" target=\"_blank\">Syn polskich imigrant\u00f3w trafi\u0142 do o\u015brodka na bagnach. To decyzja Donalda Trumpa<\/a><\/p>\n","protected":false},"excerpt":{"rendered":"Obecny przyw\u00f3dca USA uczyni\u0142 masowe deportacje jednym z kluczowych element\u00f3w swojej prezydentury. &#8222;Gdy Trump powr\u00f3ci\u0142 do Bia\u0142ego Domu&hellip;\n","protected":false},"author":2,"featured_media":143461,"comment_status":"","ping_status":"","sticky":false,"template":"","format":"standard","meta":{"footnotes":""},"categories":[12],"tags":[32,33,58,470,2886,36,37,27,67,34,35,28,31,53,25,52,68,51,55,42,38,40,39,2847,41,47,59,29,30,50,26],"class_list":{"0":"post-143460","1":"post","2":"type-post","3":"status-publish","4":"format-standard","5":"has-post-thumbnail","7":"category-polska","8":"tag-breaking-news","9":"tag-breakingnews","10":"tag-donald_trump_prezydent_usa","11":"tag-educate_me","12":"tag-emigracja_imigracja_emigrant_emigranci_imigrant_imigranci","13":"tag-featured-news","14":"tag-featurednews","15":"tag-headlines","16":"tag-intextvideo_splayer","17":"tag-latest-news","18":"tag-latestnews","19":"tag-naglowki","20":"tag-najwazniejsze-artykuly","21":"tag-new_header","22":"tag-news","23":"tag-onet3","24":"tag-onet3d","25":"tag-onet3d_2i","26":"tag-phx","27":"tag-pl","28":"tag-poland","29":"tag-polish","30":"tag-polska","31":"tag-polska_polak_polka_polacy_polki","32":"tag-polski","33":"tag-screening_general","34":"tag-stany_zjednoczone_usa","35":"tag-top-stories","36":"tag-topstories","37":"tag-v2021","38":"tag-wiadomosci"},"share_on_mastodon":{"url":"","error":"Validation failed: Text character limit of 500 exceeded"},"_links":{"self":[{"href":"https:\/\/www.europesays.com\/pl\/wp-json\/wp\/v2\/posts\/143460","targetHints":{"allow":["GET"]}}],"collection":[{"href":"https:\/\/www.europesays.com\/pl\/wp-json\/wp\/v2\/posts"}],"about":[{"href":"https:\/\/www.europesays.com\/pl\/wp-json\/wp\/v2\/types\/post"}],"author":[{"embeddable":true,"href":"https:\/\/www.europesays.com\/pl\/wp-json\/wp\/v2\/users\/2"}],"replies":[{"embeddable":true,"href":"https:\/\/www.europesays.com\/pl\/wp-json\/wp\/v2\/comments?post=143460"}],"version-history":[{"count":0,"href":"https:\/\/www.europesays.com\/pl\/wp-json\/wp\/v2\/posts\/143460\/revisions"}],"wp:featuredmedia":[{"embeddable":true,"href":"https:\/\/www.europesays.com\/pl\/wp-json\/wp\/v2\/media\/143461"}],"wp:attachment":[{"href":"https:\/\/www.europesays.com\/pl\/wp-json\/wp\/v2\/media?parent=143460"}],"wp:term":[{"taxonomy":"category","embeddable":true,"href":"https:\/\/www.europesays.com\/pl\/wp-json\/wp\/v2\/categories?post=143460"},{"taxonomy":"post_tag","embeddable":true,"href":"https:\/\/www.europesays.com\/pl\/wp-json\/wp\/v2\/tags?post=143460"}],"curies":[{"name":"wp","href":"https:\/\/api.w.org\/{rel}","templated":true}]}}