{"id":143508,"date":"2025-12-10T18:32:12","date_gmt":"2025-12-10T18:32:12","guid":{"rendered":"https:\/\/www.europesays.com\/pl\/143508\/"},"modified":"2025-12-10T18:32:12","modified_gmt":"2025-12-10T18:32:12","slug":"mutacja-w-banku-spermy-200-dzieci-z-genem-nowotworu","status":"publish","type":"post","link":"https:\/\/www.europesays.com\/pl\/143508\/","title":{"rendered":"Mutacja w banku spermy. 200 dzieci z genem nowotworu"},"content":{"rendered":"\n<p>&#13;<br \/>\nSprawa ujrza\u0142a \u015bwiat\u0142o dzienne po\u00a0mi\u0119dzynarodowym \u015bledztwie dziennikarskim, opisanym przez niemieck\u0105 pras\u0119. Jak mo\u017cna si\u0119 dowiedzie\u0107, z\u00a0materia\u0142u od\u00a0feralnego dawcy pocz\u0119to co\u00a0najmniej 197 dzieci w\u00a0czternastu krajach na\u00a0ca\u0142ym \u015bwiecie. Dzieci te\u00a0mog\u0105 by\u0107 obci\u0105\u017cone niezwykle wysokim ryzykiem nowotwor\u00f3w. &#13;\n<\/p>\n<p> Kiedy si\u0119 zorientowano, by\u0142o ju\u017c za\u00a0p\u00f3\u017ano <\/p>\n<p>&#13;<br \/>\nPierwsze sygna\u0142y problemu mia\u0142y pojawi\u0107 si\u0119 ju\u017c w\u00a02020 roku, kiedy u\u00a0jednego z\u00a0dzieci wykryto podejrzan\u0105 mutacj\u0119. Badania nie\u00a0potwierdzi\u0142y jej jednoznacznie, poniewa\u017c wyst\u0119powa\u0142a tylko w\u00a0cz\u0119\u015bci kom\u00f3rek spermy. Zamiast wstrzyma\u0107 u\u017cycie materia\u0142u, proces kontynuowano, a\u00a0kolejne rodziny korzysta\u0142y z\u00a0nasienia dawcy. Dopiero w\u00a02023 roku, gdy zachorowania na\u00a0nowotwory zacz\u0119\u0142y pojawia\u0107 si\u0119 w\u00a0r\u00f3\u017cnych krajach, uda\u0142o si\u0119 ustali\u0107 wsp\u00f3lne \u017ar\u00f3d\u0142o. Wtedy zablokowano dawstwo. &#13;\n<\/p>\n<p>&#13;<br \/>\nCho\u0107 bank spermy ma\u00a0obowi\u0105zek powiadomi\u0107 kliniki o\u00a0wykrytych wadach genetycznych, a\u00a0kliniki rodzic\u00f3w, w\u00a0tym przypadku system ca\u0142kowicie zawi\u00f3d\u0142. Rodziny w\u00a0wielu krajach, w\u00a0tym we\u00a0Francji, Niemczech czy\u00a0Belgii nie\u00a0otrzyma\u0142y \u017cadnych oficjalnych komunikat\u00f3w. Wielu rodzic\u00f3w dowiadywa\u0142o si\u0119 o\u00a0mutacji z\u00a0medi\u00f3w lub\u00a0od\u00a0innych rodzin, podczas gdy instytucje milcza\u0142y. Niekt\u00f3re dzieci zd\u0105\u017cy\u0142y zachorowa\u0107, a\u00a0odnotowano ju\u017c r\u00f3wnie\u017c przypadki zgon\u00f3w. &#13;\n<\/p>\n<p> 8\u00a0milion\u00f3w euro zysku <\/p>\n<p>&#13;<br \/>\nProfil dawcy 7069 zosta\u0142 wprowadzony do\u00a0katalogu ESB w\u00a02007 roku. Opisywano go\u00a0jako wysokiego studenta ekonomii o\u00a0jasnobr\u0105zowych w\u0142osach. Jego nasienie sprzedawano nie\u00a0tylko w\u00a0ca\u0142ej Europie, ale\u00a0tak\u017ce w\u00a0tak odleg\u0142ych miejscach jak Afganistan czy\u00a0Boliwia. W\u00a0tym samym czasie Europejski Bank Spermy notowa\u0142 rekordowe wyniki finansowe. W\u00a02023 roku firma osi\u0105gn\u0119\u0142a ponad osiem milion\u00f3w euro zysku. &#13;\n<\/p>\n<p>&#13;<br \/>\nSprawa ujawni\u0142a, \u017ce\u00a0limity dotycz\u0105ce liczby rodzin przypadaj\u0105cych na\u00a0jednego dawcy by\u0142y w\u00a0praktyce ignorowane. W\u00a0samej Belgii z\u00a0nasienia dawcy 7069 <a href=\"https:\/\/dorzeczy.pl\/opinie\/815165\/zajaczkowska-hernik-grzmi-to-realne-pieklo-kobiet.html\" rel=\"nofollow noopener\" target=\"_blank\">urodzi\u0142o si\u0119<\/a> 53 dzieci, mimo \u017ce\u00a0miejscowe przepisy zezwalaj\u0105 na\u00a0maksymalnie sze\u015b\u0107 rodzin. Europejski Bank Spermy t\u0142umaczy si\u0119 b\u0142\u0119dami w\u00a0raportowaniu, problemami system\u00f3w komputerowych oraz\u00a0zjawiskiem turystyki reprodukcyjnej. W\u00a0rezultacie powsta\u0142a sytuacja, w\u00a0kt\u00f3rej materia\u0142 genetyczny jednego m\u0119\u017cczyzny trafi\u0142 do\u00a0dziesi\u0105tek rodzin w\u00a0r\u00f3\u017cnych krajach, bez realnej kontroli i\u00a0bez zapewnienia podstawowego bezpiecze\u0144stwa zdrowotnego. Przypadek ten ods\u0142ania skal\u0119 chaosu w\u00a0europejskich procedurach dawstwa nasienia, brak przejrzysto\u015bci oraz\u00a0brak jednolitych standard\u00f3w kontroli. &#13;\n<\/p>\n<p>&#13;<br \/>\nRodziny domagaj\u0105 si\u0119 dzi\u015b stworzenia mi\u0119dzynarodowego rejestru dawc\u00f3w oraz\u00a0wprowadzenia globalnych limit\u00f3w, kt\u00f3re uniemo\u017cliwi\u0105 ponowne rozprzestrzenienie si\u0119 materia\u0142u jednego dawcy na\u00a0tak ogromn\u0105 skal\u0119. &#13;\n<\/p>\n<p>&#13;<br \/>\nCzytaj te\u017c:<br \/><a href=\"https:\/\/dorzeczy.pl\/kraj\/805278\/skonczyly-sie-pieniadze-na-rzadowy-program-in-vitro.html\" rel=\"follow nofollow noopener\" data-schema=\"DORZECZY\" data-image=\"https:\/\/img.dorzeczy.pl\/_thumb\/b0\/47\/a1d29bb3099e6b159c16834d9f18.jpeg\" target=\"_blank\">Problem z\u00a0rz\u0105dowym programem. Sko\u0144czy\u0142y si\u0119 pieni\u0105dze<\/a>Czytaj te\u017c:<br \/><a href=\"https:\/\/dorzeczy.pl\/swiat\/794289\/usa-obroncy-zycia-krytykuja-trumpa-organizacje-pro-life-przeciw-in-vitro.html\" rel=\"follow nofollow noopener\" data-schema=\"DORZECZY\" data-image=\"https:\/\/img.dorzeczy.pl\/_thumb\/43\/a7\/c87981d677261c10cd69d4ca2aeb.jpeg\" target=\"_blank\">Trump podpad\u0142 obro\u0144com \u017cycia. Konkretny pow\u00f3d<\/a>&#13;<\/p>\n","protected":false},"excerpt":{"rendered":"&#13; Sprawa ujrza\u0142a \u015bwiat\u0142o dzienne po\u00a0mi\u0119dzynarodowym \u015bledztwie dziennikarskim, opisanym przez niemieck\u0105 pras\u0119. Jak mo\u017cna si\u0119 dowiedzie\u0107, z\u00a0materia\u0142u od\u00a0feralnego&hellip;\n","protected":false},"author":2,"featured_media":143509,"comment_status":"","ping_status":"","sticky":false,"template":"","format":"standard","meta":{"footnotes":""},"categories":[14],"tags":[29171,32,33,2516,98,1264,27,29172,34,35,28,31,29170,25,11059,2095,103,29173,40,41,2096,511,80,29,30,26,82,83,84,253],"class_list":{"0":"post-143508","1":"post","2":"type-post","3":"status-publish","4":"format-standard","5":"has-post-thumbnail","7":"category-swiat","8":"tag-bank-nasienia","9":"tag-breaking-news","10":"tag-breakingnews","11":"tag-ciaza","12":"tag-dorzeczy","13":"tag-dzieci","14":"tag-headlines","15":"tag-in-vitro","16":"tag-latest-news","17":"tag-latestnews","18":"tag-naglowki","19":"tag-najwazniejsze-artykuly","20":"tag-nasienie","21":"tag-news","22":"tag-noworodek","23":"tag-nowotwor","24":"tag-obserwator-mediow","25":"tag-poczecie","26":"tag-polish","27":"tag-polski","28":"tag-rak","29":"tag-smierc","30":"tag-swiat","31":"tag-top-stories","32":"tag-topstories","33":"tag-wiadomosci","34":"tag-world","35":"tag-world-news","36":"tag-worldnews","37":"tag-zdrowie"},"share_on_mastodon":{"url":"https:\/\/pubeurope.com\/@pl\/115696706767409545","error":""},"_links":{"self":[{"href":"https:\/\/www.europesays.com\/pl\/wp-json\/wp\/v2\/posts\/143508","targetHints":{"allow":["GET"]}}],"collection":[{"href":"https:\/\/www.europesays.com\/pl\/wp-json\/wp\/v2\/posts"}],"about":[{"href":"https:\/\/www.europesays.com\/pl\/wp-json\/wp\/v2\/types\/post"}],"author":[{"embeddable":true,"href":"https:\/\/www.europesays.com\/pl\/wp-json\/wp\/v2\/users\/2"}],"replies":[{"embeddable":true,"href":"https:\/\/www.europesays.com\/pl\/wp-json\/wp\/v2\/comments?post=143508"}],"version-history":[{"count":0,"href":"https:\/\/www.europesays.com\/pl\/wp-json\/wp\/v2\/posts\/143508\/revisions"}],"wp:featuredmedia":[{"embeddable":true,"href":"https:\/\/www.europesays.com\/pl\/wp-json\/wp\/v2\/media\/143509"}],"wp:attachment":[{"href":"https:\/\/www.europesays.com\/pl\/wp-json\/wp\/v2\/media?parent=143508"}],"wp:term":[{"taxonomy":"category","embeddable":true,"href":"https:\/\/www.europesays.com\/pl\/wp-json\/wp\/v2\/categories?post=143508"},{"taxonomy":"post_tag","embeddable":true,"href":"https:\/\/www.europesays.com\/pl\/wp-json\/wp\/v2\/tags?post=143508"}],"curies":[{"name":"wp","href":"https:\/\/api.w.org\/{rel}","templated":true}]}}