{"id":143525,"date":"2025-12-10T18:43:07","date_gmt":"2025-12-10T18:43:07","guid":{"rendered":"https:\/\/www.europesays.com\/pl\/143525\/"},"modified":"2025-12-10T18:43:07","modified_gmt":"2025-12-10T18:43:07","slug":"blake-lively-w-szkarlatnej-sukni-i-z-przyklejonym-usmiechem-promuje-autorska-marke-kosmetykow-do-wlosow-zdjecia","status":"publish","type":"post","link":"https:\/\/www.europesays.com\/pl\/143525\/","title":{"rendered":"Blake Lively w szkar\u0142atnej sukni i z przyklejonym u\u015bmiechem promuje autorsk\u0105 mark\u0119 kosmetyk\u00f3w do w\u0142os\u00f3w (ZDJ\u0118CIA)"},"content":{"rendered":"<p>1\u00a0\/\u00a07Blake Lively w szkar\u0142atnej sukni i z przyklejonym u\u015bmiechem promuje autorsk\u0105 mark\u0119 kosmetyk\u00f3w do w\u0142os\u00f3w (ZDJ\u0118CIA)<\/p>\n<p>Blake Lively nie ma obecnie najlepszej passy. Aktorka wci\u0105\u017c ponosi konsekwencje skandalu zwi\u0105zanego z\u00a0filmem &#8222;It Ends With Us&#8221;. Przypomnijmy: \u017conie Ryana Reynoldsa, kt\u00f3ra w\u00a0obrazie wcieli\u0142a si\u0119 w\u00a0g\u0142\u00f3wn\u0105 bohaterk\u0119 Lily Bloom, zarzucono lekcewa\u017c\u0105ce podej\u015bcie do powa\u017cnej tematyki przemocy domowej. Do tego wszystkiego doszed\u0142 jeszcze konflikt z\u00a0Justinem Baldonim.<\/p>\n<p>S\u0105dowa batalia ekranowych kochank\u00f3w jest niezwykle zajad\u0142a i\u00a0wci\u0105\u017c nie jest jasne, kt\u00f3re z\u00a0aktor\u00f3w wyjdzie z\u00a0niej zwyci\u0119sko. P\u00f3ki co, Lively jest &#8222;na prowadzeniu&#8221; &#8211;\u00a0s\u0119dzia oddali\u0142 kontr-pozew Baldoniego, kt\u00f3ry zarzuca\u0142 jej znies\u0142awienie i\u00a0szkody wizerunkowe. Jakby tego by\u0142o ma\u0142o, prawnicy re\u017cysera z\u0142o\u017cyli do s\u0105du nagranie wideo, na kt\u00f3rym ich klient \u017cartuje z&#8230; molestowania seksualnego.<\/p>\n<p>Jednocze\u015bnie zmagaj\u0105ca si\u0119 z\u00a0kryzysem wizerunkowym celebrytka poch\u0142oni\u0119ta jest promocj\u0105 swojej linii kosmetyk\u00f3w do w\u0142os\u00f3w Blake Brown, kt\u00f3ra &#8211;\u00a0podobnie jak jej za\u0142o\u017cycielka &#8211;\u00a0r\u00f3wnie\u017c cieszy si\u0119 z\u0142\u0105 s\u0142aw\u0105. Chc\u0105c, nie chc\u0105c, 38-latka musia\u0142a wywi\u0105za\u0107 si\u0119 z\u00a0kontraktu i\u00a0stawi\u0107 si\u0119 na nowojorskim wydarzeniu reklamuj\u0105cym brand. <\/p>\n<p>Lively wybra\u0142a na t\u0119 okazj\u0119 spektakularn\u0105, czerwon\u0105 kreacj\u0119 z\u00a0gorsetem \u015bciskaj\u0105cym jej biust, do kt\u00f3rej dobra\u0142\u0105 szmaragdowy naszyjnik i\u00a0kolczyki. Jej blond pukle zosta\u0142y &#8222;potraktowane&#8221; lok\u00f3wk\u0105. Bia\u0142e, proste z\u0119by l\u015bni\u0142y w\u00a0nieustaj\u0105cym u\u015bmiechu. <\/p>\n<p>Zach\u0119ci\u0142a Was do zakupu swoich kosmetyk\u00f3w?<\/p>\n","protected":false},"excerpt":{"rendered":"1\u00a0\/\u00a07Blake Lively w szkar\u0142atnej sukni i z przyklejonym u\u015bmiechem promuje autorsk\u0105 mark\u0119 kosmetyk\u00f3w do w\u0142os\u00f3w (ZDJ\u0118CIA) Blake Lively&hellip;\n","protected":false},"author":2,"featured_media":143526,"comment_status":"","ping_status":"","sticky":false,"template":"","format":"standard","meta":{"footnotes":""},"categories":[22],"tags":[122,42,38,40,39,41,123],"class_list":{"0":"post-143525","1":"post","2":"type-post","3":"status-publish","4":"format-standard","5":"has-post-thumbnail","7":"category-rozrywka","8":"tag-entertainment","9":"tag-pl","10":"tag-poland","11":"tag-polish","12":"tag-polska","13":"tag-polski","14":"tag-rozrywka"},"share_on_mastodon":{"url":"https:\/\/pubeurope.com\/@pl\/115696750023117423","error":""},"_links":{"self":[{"href":"https:\/\/www.europesays.com\/pl\/wp-json\/wp\/v2\/posts\/143525","targetHints":{"allow":["GET"]}}],"collection":[{"href":"https:\/\/www.europesays.com\/pl\/wp-json\/wp\/v2\/posts"}],"about":[{"href":"https:\/\/www.europesays.com\/pl\/wp-json\/wp\/v2\/types\/post"}],"author":[{"embeddable":true,"href":"https:\/\/www.europesays.com\/pl\/wp-json\/wp\/v2\/users\/2"}],"replies":[{"embeddable":true,"href":"https:\/\/www.europesays.com\/pl\/wp-json\/wp\/v2\/comments?post=143525"}],"version-history":[{"count":0,"href":"https:\/\/www.europesays.com\/pl\/wp-json\/wp\/v2\/posts\/143525\/revisions"}],"wp:featuredmedia":[{"embeddable":true,"href":"https:\/\/www.europesays.com\/pl\/wp-json\/wp\/v2\/media\/143526"}],"wp:attachment":[{"href":"https:\/\/www.europesays.com\/pl\/wp-json\/wp\/v2\/media?parent=143525"}],"wp:term":[{"taxonomy":"category","embeddable":true,"href":"https:\/\/www.europesays.com\/pl\/wp-json\/wp\/v2\/categories?post=143525"},{"taxonomy":"post_tag","embeddable":true,"href":"https:\/\/www.europesays.com\/pl\/wp-json\/wp\/v2\/tags?post=143525"}],"curies":[{"name":"wp","href":"https:\/\/api.w.org\/{rel}","templated":true}]}}