{"id":14354,"date":"2025-09-25T00:57:14","date_gmt":"2025-09-25T00:57:14","guid":{"rendered":"https:\/\/www.europesays.com\/pl\/14354\/"},"modified":"2025-09-25T00:57:14","modified_gmt":"2025-09-25T00:57:14","slug":"majka-jezowska-uderzona-przez-meza-mialam-wylew-do-strun-glosowych-rmf-fm","status":"publish","type":"post","link":"https:\/\/www.europesays.com\/pl\/14354\/","title":{"rendered":"Majka Je\u017cowska uderzona przez m\u0119\u017ca. \u201eMia\u0142am wylew do strun g\u0142osowych\u201d :: RMF FM"},"content":{"rendered":"<p>Majka Je\u017cowska mog\u0142a nigdy nie zrobi\u0107 kariery na scenie muzycznej. Wszystko przez m\u0119\u017ca, kt\u00f3ry uderzy\u0142 j\u0105 w krta\u0144 tak mocno, \u017ce dozna\u0142a wylewu krwi do strun g\u0142osowych. Piosenkarka zdecydowa\u0142a si\u0119 odej\u015b\u0107 od przemocowego partnera, o czym opowiedzia\u0142a w podca\u015bcie RMF FM \u201eSzczerze ci powiem\u201d.<\/p>\n<p><img decoding=\"async\" alt=\"\" src=\"https:\/\/www.europesays.com\/pl\/wp-content\/uploads\/2025\/09\/20af2e7c1c36ef41b3c4d3476344a833.jpg\" class=\"w-100\"\/><\/p>\n<p>Majka Je\u017cowska uderzona przez m\u0119\u017ca. \u201eMia\u0142am wylew do strun g\u0142osowych\u201d, fot. East News<\/p>\n<p>&#13;<br \/>\n\tMajka Je\u017cowska dzi\u015b znana jest jako piosenkarka i autorka nie\u015bmiertelnych przeboj\u00f3w, w tym chocia\u017cby \u201eA ja wol\u0119 moj\u0105 mam\u0119\u201d, \u201eMa\u0142y Piccolo\u201d czy \u201ePapierowy man\u201d. Komponowa\u0142a te\u017c wiele piosenek dla dzieci i wsp\u00f3\u0142pracowa\u0142a z innymi gwiazdami sceny. Jednak jej kariera mog\u0142a tak naprawd\u0119 nigdy si\u0119 nie wydarzy\u0107. Wszystko za spraw\u0105 dramatu, kt\u00f3ry rozegra\u0142 si\u0119 w \u017cyciu prywatnym Je\u017cowskiej.<\/p>\n<p>&#13;<br \/>\n\tPiosenkarka w podca\u015bcie Kai Go\u0142uchowskiej \u201eSzczerze ci powiem\u201d opowiedzia\u0142a o dramatycznych wydarzeniach, jakie rozegra\u0142y si\u0119 na samym pocz\u0105tku jej kariery. Majka Je\u017cowska zosta\u0142a uderzona przez m\u0119\u017ca (polskiego muzyka, Janusza Komana), w wyniku czego trafi\u0142a do szpitala. Lekarz stwierdzi\u0142 u niej wylew krwi do strun g\u0142osowych. Ma\u0142o brakowa\u0142o, a marzenia o \u015bpiewaniu i wielkiej scenie leg\u0142yby w gruzach:<\/p>\n<blockquote><p>&#13;<\/p>\n<p>&#13;<br \/>\n\t\tJa wyl\u0105dowa\u0142am w szpitalu na samym pocz\u0105tku kariery\u2026 i lekarz mi powiedzia\u0142, \u017ce troch\u0119 mocniej gdyby mnie uderzy\u0142 w krta\u0144, mia\u0142am wylew do strun g\u0142osowych, to bym straci\u0142a g\u0142os na zawsze. Ja dopiero zacz\u0119\u0142am swoje \u017cycie zawodowe. I ju\u017c bym by\u0142a pozbawiona tego. Na szcz\u0119\u015bcie to si\u0119 nie wydarzy\u0142o.<\/p>\n<p>&#13;\n<\/p><\/blockquote>\n<p>&#13;<br \/>\n\tTo zdarzenie zmotywowa\u0142o Majk\u0119 Je\u017cowsk\u0105 do tego, by odej\u015b\u0107 od przemocowego m\u0119\u017ca.<\/p>\n<blockquote class=\"instagram-media\" data-instgrm-captioned=\"\" data-instgrm-permalink=\"https:\/\/www.instagram.com\/p\/DO8nSFWjJgi\/?utm_source=ig_embed&amp;utm_campaign=loading\" data-instgrm-version=\"14\" style=\" background:#FFF; border:0; border-radius:3px; box-shadow:0 0 1px 0 rgba(0,0,0,0.5),0 1px 10px 0 rgba(0,0,0,0.15); margin: 1px; max-width:540px; min-width:326px; padding:0; width:99.375%; width:-webkit-calc(100% - 2px); width:calc(100% - 2px);\"\/><p>\n&#13;<br \/>\n\tJe\u017cowska da\u0142a si\u0142\u0119 innym kobietom<\/p>\n<p>&#13;<br \/>\n\tW podca\u015bcie RMF FM \u201eSzczerze ci powiem\u201d, Majka Je\u017cowska opowiedzia\u0142a o nast\u0119pstwach swojej decyzji. Kiedy publicznie opowiedzia\u0142a o przyczynach rozstania z m\u0119\u017cem, odezwa\u0142a si\u0119 do niej pewna kobieta. Zwierzy\u0142a si\u0119 piosenkarce, \u017ce sama \u017cyje w toksycznym zwi\u0105zku i nie potrafi go zako\u0144czy\u0107:<\/p>\n<blockquote><p>&#13;<\/p>\n<p>&#13;<br \/>\n\t\tPisa\u0142a do mnie kiedy\u015b pani. \u201ePani Majko, dzi\u0119kuj\u0119 za to, co pani powiedzia\u0142a, bo ja nie potrafi\u0119 wyj\u015b\u0107 ze swojego toksycznego zwi\u0105zku, nie umiem. Ale skoro pani potrafi\u0142a, to ja te\u017c b\u0119d\u0119 pracowa\u0107 nad sob\u0105.<\/p>\n<p>&#13;\n<\/p><\/blockquote>\n<p style=\"text-align: center;\">&#13;<br \/>\n\tPami\u0119taj! Je\u015bli Ty lub kto\u015b z Twoich bliskich znajduje si\u0119 w ci\u0119\u017ckiej sytuacji i potrzebuje wsparcia, dost\u0119pne s\u0105 bezp\u0142atne numery pomocowe:<br \/>&#13;<br \/>\n\t22 668 70 00 lub 116 123\u00a0 &#8211; kryzysowy telefon zaufania dla doros\u0142ych<br \/>&#13;<br \/>\n\t116 111 &#8211; telefon zaufania dla dzieci i m\u0142odzie\u017cy<br \/>&#13;<br \/>\n\t800 12 12 12 &#8211; Dzieci\u0119cy Telefon Zaufania Rzecznika Praw Dziecka<br \/>&#13;<br \/>\n\t800 70 2222 &#8211; Centrum Wsparcia dla Os\u00f3b Doros\u0142ych w Kryzysie Psychicznym<br \/>&#13;<br \/>\n\t800 120 002 &#8211; Og\u00f3lnopolskie Pogotowie dla Ofiar Przemocy w Rodzinie<\/p>\n<p>\t\t\t\t\t\t<script async src=\"\/\/www.instagram.com\/embed.js\"><\/script><\/p>\n","protected":false},"excerpt":{"rendered":"Majka Je\u017cowska mog\u0142a nigdy nie zrobi\u0107 kariery na scenie muzycznej. Wszystko przez m\u0119\u017ca, kt\u00f3ry uderzy\u0142 j\u0105 w krta\u0144&hellip;\n","protected":false},"author":2,"featured_media":14355,"comment_status":"","ping_status":"","sticky":false,"template":"","format":"standard","meta":{"footnotes":""},"categories":[22],"tags":[122,5274,5275,5276,42,38,40,39,41,123],"class_list":{"0":"post-14354","1":"post","2":"type-post","3":"status-publish","4":"format-standard","5":"has-post-thumbnail","7":"category-rozrywka","8":"tag-entertainment","9":"tag-majka-jezowska","10":"tag-majka-jezowska-maz","11":"tag-majka-jezowska-przemoc","12":"tag-pl","13":"tag-poland","14":"tag-polish","15":"tag-polska","16":"tag-polski","17":"tag-rozrywka"},"share_on_mastodon":{"url":"","error":""},"_links":{"self":[{"href":"https:\/\/www.europesays.com\/pl\/wp-json\/wp\/v2\/posts\/14354","targetHints":{"allow":["GET"]}}],"collection":[{"href":"https:\/\/www.europesays.com\/pl\/wp-json\/wp\/v2\/posts"}],"about":[{"href":"https:\/\/www.europesays.com\/pl\/wp-json\/wp\/v2\/types\/post"}],"author":[{"embeddable":true,"href":"https:\/\/www.europesays.com\/pl\/wp-json\/wp\/v2\/users\/2"}],"replies":[{"embeddable":true,"href":"https:\/\/www.europesays.com\/pl\/wp-json\/wp\/v2\/comments?post=14354"}],"version-history":[{"count":0,"href":"https:\/\/www.europesays.com\/pl\/wp-json\/wp\/v2\/posts\/14354\/revisions"}],"wp:featuredmedia":[{"embeddable":true,"href":"https:\/\/www.europesays.com\/pl\/wp-json\/wp\/v2\/media\/14355"}],"wp:attachment":[{"href":"https:\/\/www.europesays.com\/pl\/wp-json\/wp\/v2\/media?parent=14354"}],"wp:term":[{"taxonomy":"category","embeddable":true,"href":"https:\/\/www.europesays.com\/pl\/wp-json\/wp\/v2\/categories?post=14354"},{"taxonomy":"post_tag","embeddable":true,"href":"https:\/\/www.europesays.com\/pl\/wp-json\/wp\/v2\/tags?post=14354"}],"curies":[{"name":"wp","href":"https:\/\/api.w.org\/{rel}","templated":true}]}}