{"id":143578,"date":"2025-12-10T19:23:09","date_gmt":"2025-12-10T19:23:09","guid":{"rendered":"https:\/\/www.europesays.com\/pl\/143578\/"},"modified":"2025-12-10T19:23:09","modified_gmt":"2025-12-10T19:23:09","slug":"80-letni-syn-bohdana-tomaszewskiego-zabral-glos-po-slubie-wiek-nie-ma-znaczenia-onet","status":"publish","type":"post","link":"https:\/\/www.europesays.com\/pl\/143578\/","title":{"rendered":"80-letni syn Bohdana Tomaszewskiego zabra\u0142 g\u0142os po \u015blubie. &quot;Wiek nie ma znaczenia&quot; &#8211; Onet"},"content":{"rendered":"<ol>\n<li><a href=\"https:\/\/news.google.com\/rss\/articles\/CBMi0AFBVV95cUxNTHNXaW80d0NpUXNIbEFsck5DQ3dlWThXaTJJTVZGcW9ERVBYcld0NFVKQXYyNXI5aUFyYkVYME5DaUdfM0NqMnVMcWJZSEp3NnZMZnMxblNvSV9LMnoyN01ZMXZUU3ZNNHZ5ZHlMM3pSd3VtdVFuY2xfR3I4ZlI3UG9qdFRvTjRZb3hPak5rNG1PMWxOYWZXcHNkb1FBWnpPaUpWQ1RfUV9iTHN1cVBFNXJnNGs2WTNNZ1hrcHdwSjVmR0hIaWladThHUjB5bmFt?oc=5\" target=\"_blank\" rel=\"nofollow noopener\">80-letni syn Bohdana Tomaszewskiego zabra\u0142 g\u0142os po \u015blubie. &#8222;Wiek nie ma znaczenia&#8221;<\/a>&nbsp;&nbsp;Onet<\/li>\n<li><a href=\"https:\/\/news.google.com\/rss\/articles\/CBMitAFBVV95cUxPd3lleXJwaG9VSTdEMUlmZGpJTkZVRkt2emw5QTJZVktsUXB6c3VxRlRqQ0lQd2V1clY0N00tWXJmZGw0RV9EOXk2cmEwbUN0YjJRMkFlaC1zRm9qbk94THVBNEhfSlFNeFAtWVY3MmY4MjNxcUg2cDRUUElDLXNNdmgyNWhUV0lXeUttSDFFdGFMUVJPbmt2R0Q0SzljM2NhU3NJLWx4NjZIXzNBYWhqX0ppYVg?oc=5\" target=\"_blank\" rel=\"nofollow noopener\">Syn Bohdana Tomaszewskiego wzi\u0105\u0142 \u015blub. S\u0105 kadry z uroczysto\u015bci 80-latka<\/a>&nbsp;&nbsp;Plotek.pl<\/li>\n<li><a href=\"https:\/\/news.google.com\/rss\/articles\/CBMilwFBVV95cUxOb0U1QmFrRVM2aEhGaFJtTGtUaW1vSmNpeTZxVGJuajc2b3FNN0VWdV93a2g0V0JqNlpuSzVjS2tzZXhsNW9ENEIxRENLT28xcHIzUlZfeXYwZ3IwUy1qRV9SS012cmFGQ3oyYUdQYTYzX2Z4WFNmNUFkckhiek54dXdMTjZEeUdfS1FUdDdSb2FlNVM1MUFn?oc=5\" target=\"_blank\" rel=\"nofollow noopener\">80-letni syn Bohdana Tomaszewskiego wzi\u0105\u0142 trzeci \u015blub. &#8222;Po o\u015bmiu miesi\u0105cach znajomo\u015bci&#8221;<\/a>&nbsp;&nbsp;Fakt<\/li>\n<li><a href=\"https:\/\/news.google.com\/rss\/articles\/CBMivwFBVV95cUxOSmRhV2paeFROSjFWcFJKbk1KOHpXWDM3NlVqbEh0SVdicmNVQ3VtdE01azhhcVdyaFd2LUZKcEVJLVUzWG5OeTN4QzBwQ0R0NGVJYlVDMU8tT29qZlE3eFJkRy1NVUNOb0xrbUJVRF91V3BPMF9MQlhIbmRmb2pveVNNT3VVaHNTbmRhdHV2UnJUdXNCdG8yb3hnZG9HQzNVMU1VX2NoOUpQa0tGX0MwUG1oR085bFFLQXpsUVBzcw?oc=5\" target=\"_blank\" rel=\"nofollow noopener\">80-letni syn Bohdana Tomaszewskiego wzi\u0105\u0142 \u015blub. Pokaza\u0142 zdj\u0119cia z ceremonii<\/a>&nbsp;&nbsp;o2.pl<\/li>\n<li><a href=\"https:\/\/news.google.com\/rss\/articles\/CBMivwFBVV95cUxQU29uQkxIQllMbnZKOGVqZWk0ckxrNHJ5ZFRUdUhIMWRuN0Zab2x5SThSVHhKVThTX0N3cW0xNnJ2MXhsRVFESXVFZzNjNzh6TmlJVXhZUm01dE94SVVLNmNEc1hucFZJbVd4OU5BaHEzOUdrTFowald2VGhIeV92c1NrR21wbzdYYmRiUy0zOTFPajkzc1E5VGYzWUY0Sy1qX2dYV3A0czhyOGt4WnE0bXlGNzc5VDNvWFJ4bXFydw?oc=5\" target=\"_blank\" rel=\"nofollow noopener\">80-letni syn Bohdana Tomaszewskiego o\u017ceni\u0142 si\u0119. To jego trzeci \u015blub<\/a>&nbsp;&nbsp;Onet<\/li>\n<\/ol>\n","protected":false},"excerpt":{"rendered":"80-letni syn Bohdana Tomaszewskiego zabra\u0142 g\u0142os po \u015blubie. &#8222;Wiek nie ma znaczenia&#8221;&nbsp;&nbsp;Onet Syn Bohdana Tomaszewskiego wzi\u0105\u0142 \u015blub. S\u0105&hellip;\n","protected":false},"author":2,"featured_media":143579,"comment_status":"","ping_status":"","sticky":false,"template":"","format":"standard","meta":{"footnotes":""},"categories":[5],"tags":[29147,32,33,245,36,37,27,67,34,35,28,31,53,25,52,68,51,55,42,38,40,39,41,47,2114,196,29,30,65,50,26],"class_list":{"0":"post-143578","1":"post","2":"type-post","3":"status-publish","4":"format-standard","5":"has-post-thumbnail","7":"category-naglowki","8":"tag-bohdan_tomaszewski","9":"tag-breaking-news","10":"tag-breakingnews","11":"tag-dziecko_dzieci_dziecinstwo","12":"tag-featured-news","13":"tag-featurednews","14":"tag-headlines","15":"tag-intextvideo_splayer","16":"tag-latest-news","17":"tag-latestnews","18":"tag-naglowki","19":"tag-najwazniejsze-artykuly","20":"tag-new_header","21":"tag-news","22":"tag-onet3","23":"tag-onet3d","24":"tag-onet3d_2i","25":"tag-phx","26":"tag-pl","27":"tag-poland","28":"tag-polish","29":"tag-polska","30":"tag-polski","31":"tag-screening_general","32":"tag-slub_sluby","33":"tag-styl_zycia","34":"tag-top-stories","35":"tag-topstories","36":"tag-update_me","37":"tag-v2021","38":"tag-wiadomosci"},"share_on_mastodon":{"url":"https:\/\/pubeurope.com\/@pl\/115696907351753251","error":""},"_links":{"self":[{"href":"https:\/\/www.europesays.com\/pl\/wp-json\/wp\/v2\/posts\/143578","targetHints":{"allow":["GET"]}}],"collection":[{"href":"https:\/\/www.europesays.com\/pl\/wp-json\/wp\/v2\/posts"}],"about":[{"href":"https:\/\/www.europesays.com\/pl\/wp-json\/wp\/v2\/types\/post"}],"author":[{"embeddable":true,"href":"https:\/\/www.europesays.com\/pl\/wp-json\/wp\/v2\/users\/2"}],"replies":[{"embeddable":true,"href":"https:\/\/www.europesays.com\/pl\/wp-json\/wp\/v2\/comments?post=143578"}],"version-history":[{"count":0,"href":"https:\/\/www.europesays.com\/pl\/wp-json\/wp\/v2\/posts\/143578\/revisions"}],"wp:featuredmedia":[{"embeddable":true,"href":"https:\/\/www.europesays.com\/pl\/wp-json\/wp\/v2\/media\/143579"}],"wp:attachment":[{"href":"https:\/\/www.europesays.com\/pl\/wp-json\/wp\/v2\/media?parent=143578"}],"wp:term":[{"taxonomy":"category","embeddable":true,"href":"https:\/\/www.europesays.com\/pl\/wp-json\/wp\/v2\/categories?post=143578"},{"taxonomy":"post_tag","embeddable":true,"href":"https:\/\/www.europesays.com\/pl\/wp-json\/wp\/v2\/tags?post=143578"}],"curies":[{"name":"wp","href":"https:\/\/api.w.org\/{rel}","templated":true}]}}