{"id":143600,"date":"2025-12-10T19:38:09","date_gmt":"2025-12-10T19:38:09","guid":{"rendered":"https:\/\/www.europesays.com\/pl\/143600\/"},"modified":"2025-12-10T19:38:09","modified_gmt":"2025-12-10T19:38:09","slug":"unia-leszno-ma-nowego-dyrektora","status":"publish","type":"post","link":"https:\/\/www.europesays.com\/pl\/143600\/","title":{"rendered":"Unia Leszno ma nowego dyrektora"},"content":{"rendered":"\n<p class=\"contentpart contentpart--default contentpart--text\" data-position=\"0\"><a href=\"https:\/\/sportowefakty.wp.pl\/zuzel\/1222986\/zuzel-szokujace-informacje-z-leszna-glosne-rozstanie\" rel=\"nofollow noopener\" target=\"_blank\">Przypomnijmy, \u017ce z dniem 30 listopada wsp\u00f3\u0142praca<\/a> <a href=\"https:\/\/sportowefakty.wp.pl\/zuzel\/slawomir-kryjom\" rel=\"nofollow noopener\" target=\"_blank\">S\u0142awomira Kryjoma<\/a>\u00a0z <a href=\"https:\/\/sportowefakty.wp.pl\/zuzel\/fogo-unia-leszno\" rel=\"nofollow noopener\" target=\"_blank\">Fogo Uni\u0105 Leszno<\/a>\u00a0dobieg\u0142a ko\u0144ca, a strony rozesz\u0142y si\u0119 za porozumieniem stron. <a href=\"https:\/\/sportowefakty.wp.pl\/zuzel\/jozef-dworakowski\" rel=\"nofollow noopener\" target=\"_blank\">J\u00f3zef Dworakowski<\/a>\u00a0<a href=\"https:\/\/sportowefakty.wp.pl\/zuzel\/1223072\/zuzel-kryjom-jednak-zostanie-w-unii-leszno-mamy-nowe-informacje\" rel=\"nofollow noopener\" target=\"_blank\">zapowiedzia\u0142 na \u0142amach naszego portalu, \u017ce dojdzie do zmian, kt\u00f3re poznamy w najbli\u017cszym czasie<\/a>, a tajemnic\u0105 poliszynela by\u0142 fakt, \u017ce <a href=\"https:\/\/sportowefakty.wp.pl\/zuzel\/rafal-dobrucki\" rel=\"nofollow noopener\" target=\"_blank\">Rafa\u0142 Dobrucki<\/a>\u00a0jest numerem jeden na li\u015bcie \u017cycze\u0144 leszczy\u0144skiego klubu.<\/p>\n<p class=\"contentpart contentpart--default contentpart--text\" data-position=\"1\">Dzi\u015b (10 grudnia), Unia oficjalnie poda\u0142a, \u017ce Rafa\u0142 Dobrucki obejmie stanowisko dyrektora zarz\u0105dzaj\u0105cego. &#8211; Zarz\u0105d Unia Leszno Sportowa S.A. informuje, \u017ce stanowisko Dyrektora Zarz\u0105dzaj\u0105cego powierzono Rafa\u0142owi Dobruckiemu.Ponadto, obowi\u0105zki Dyrektora Sportowego pe\u0142ni\u0107 b\u0119dzie Rafa\u0142 Dobrowolski.W najbli\u017cszym czasie planowane jest spotkanie z mediami, o kt\u00f3rego dok\u0142adnym terminie i miejscu poinformujemy na pocz\u0105tku przysz\u0142ego tygodnia.Spotkanie b\u0119dzie mia\u0142o charakter podsumowania trzech miesi\u0119cy pracy nowego Zarz\u0105du i przedstawienia struktury organizacyjnej i funkcjonowania Klubu Unia Leszno w sezonie 2026 &#8211; przekazano w komunikacie klubu.<\/p>\n<p> <img role=\"presentation\" src=\"https:\/\/std.wpcdn.pl\/images\/adv\/placeholder_wp.svg\" loading=\"lazy\" alt=\"\" decoding=\"async\"\/>       <\/p>\n<p class=\"contentpart contentpart--default contentpart--text\" data-position=\"3\">To jednak nie koniec zmian. Drugi wakat, dyrektora sportowego obj\u0105\u0142 dotychczasowy rzecznik klubu, <a href=\"https:\/\/sportowefakty.wp.pl\/zuzel\/rafal-dobrowolski\" rel=\"nofollow noopener\" target=\"_blank\">Rafa\u0142 Dobrowolski<\/a>.<\/p>\n<p class=\"contentpart contentpart--default contentpart--text\" data-position=\"4\">Tym samym wydaje si\u0119 przes\u0105dzone, \u017ce S\u0142awomir Kryjom raczej nie b\u0119dzie dalej wsp\u00f3\u0142pracowa\u0142 z Uni\u0105 Leszno.<\/p>\n<p class=\"contentpart contentpart--default contentpart--text\" data-position=\"5\">Przypomnijmy, \u017ce po zako\u0144czeniu sezonu Rafa\u0142 Dobrucki rozsta\u0142 si\u0119 z funkcj\u0105 trenera \u017cu\u017clowej kadry Polski. Telefon trenera Dobruckiego rozgrza\u0142 si\u0119 do czerwono\u015bci po og\u0142oszeniu jego decyzji, a by\u0142 selekcjoner wybra\u0142 ofert\u0119 z Leszna.<\/p>\n<p class=\"contentpart contentpart--default contentpart--text\" data-position=\"6\">ZOBACZ WIDEO:\u00a0Chomski t\u0142umaczy brak Palucha i Janowskiego w kadrze. &#8222;Nikt nie zosta\u0142 pokrzywdzony&#8221;<\/p>\n<p>   <img role=\"presentation\" src=\"https:\/\/std.wpcdn.pl\/images\/adv\/placeholder_wp.svg\" loading=\"lazy\" alt=\"\" decoding=\"async\"\/>  <\/p>\n","protected":false},"excerpt":{"rendered":"Przypomnijmy, \u017ce z dniem 30 listopada wsp\u00f3\u0142praca S\u0142awomira Kryjoma\u00a0z Fogo Uni\u0105 Leszno\u00a0dobieg\u0142a ko\u0144ca, a strony rozesz\u0142y si\u0119 za&hellip;\n","protected":false},"author":2,"featured_media":143601,"comment_status":"","ping_status":"","sticky":false,"template":"","format":"standard","meta":{"footnotes":""},"categories":[24],"tags":[1629,9413,42,38,40,39,41,29182,7989,23909,127,126,174],"class_list":{"0":"post-143600","1":"post","2":"type-post","3":"status-publish","4":"format-standard","5":"has-post-thumbnail","7":"category-sport","8":"tag-fogo-unia-leszno","9":"tag-jozef-dworakowski","10":"tag-pl","11":"tag-poland","12":"tag-polish","13":"tag-polska","14":"tag-polski","15":"tag-rafal-dobrowolski","16":"tag-rafal-dobrucki","17":"tag-slawomir-kryjom","18":"tag-sport","19":"tag-sports","20":"tag-zuzel"},"share_on_mastodon":{"url":"https:\/\/pubeurope.com\/@pl\/115696966311414785","error":""},"_links":{"self":[{"href":"https:\/\/www.europesays.com\/pl\/wp-json\/wp\/v2\/posts\/143600","targetHints":{"allow":["GET"]}}],"collection":[{"href":"https:\/\/www.europesays.com\/pl\/wp-json\/wp\/v2\/posts"}],"about":[{"href":"https:\/\/www.europesays.com\/pl\/wp-json\/wp\/v2\/types\/post"}],"author":[{"embeddable":true,"href":"https:\/\/www.europesays.com\/pl\/wp-json\/wp\/v2\/users\/2"}],"replies":[{"embeddable":true,"href":"https:\/\/www.europesays.com\/pl\/wp-json\/wp\/v2\/comments?post=143600"}],"version-history":[{"count":0,"href":"https:\/\/www.europesays.com\/pl\/wp-json\/wp\/v2\/posts\/143600\/revisions"}],"wp:featuredmedia":[{"embeddable":true,"href":"https:\/\/www.europesays.com\/pl\/wp-json\/wp\/v2\/media\/143601"}],"wp:attachment":[{"href":"https:\/\/www.europesays.com\/pl\/wp-json\/wp\/v2\/media?parent=143600"}],"wp:term":[{"taxonomy":"category","embeddable":true,"href":"https:\/\/www.europesays.com\/pl\/wp-json\/wp\/v2\/categories?post=143600"},{"taxonomy":"post_tag","embeddable":true,"href":"https:\/\/www.europesays.com\/pl\/wp-json\/wp\/v2\/tags?post=143600"}],"curies":[{"name":"wp","href":"https:\/\/api.w.org\/{rel}","templated":true}]}}