{"id":143618,"date":"2025-12-10T19:52:10","date_gmt":"2025-12-10T19:52:10","guid":{"rendered":"https:\/\/www.europesays.com\/pl\/143618\/"},"modified":"2025-12-10T19:52:10","modified_gmt":"2025-12-10T19:52:10","slug":"na-celowniku-zawodnik-z-ekstraklasy","status":"publish","type":"post","link":"https:\/\/www.europesays.com\/pl\/143618\/","title":{"rendered":"Na celowniku zawodnik z Ekstraklasy"},"content":{"rendered":"\n<p class=\"contentpart contentpart--default contentpart--text\" data-position=\"0\">Defensor zosta\u0142 \u015bci\u0105gni\u0119ty przez <a href=\"https:\/\/sportowefakty.wp.pl\/pilka-nozna\/pogon-szczecin\" rel=\"nofollow noopener\" target=\"_blank\">Pogo\u0144 Szczecin<\/a>\u00a0latem br. Zaliczy\u0142 udane wej\u015bcie do Ekstraklasy &#8211; pocz\u0105tkowo gra\u0142 wszystko od deski do deski, pokaza\u0142 te\u017c swoje walory ofensywne, zdobywaj\u0105c dwie bramki. Gdy Roberta Kolendowicza na stanowisku trenera zast\u0105pi\u0142\u00a0Thomas Thomasberg, jego pozycja wyra\u017anie os\u0142ab\u0142a. Do tego stopnia, \u017ce zacz\u0119to nawet spekulowa\u0107 o jego sprzeda\u017cy ju\u017c zim\u0105.<\/p>\n<p class=\"contentpart contentpart--default contentpart--text\" data-position=\"1\">Serwis goal.pl informowa\u0142 niedawno, \u017ce <a href=\"https:\/\/sportowefakty.wp.pl\/pilka-nozna\/marian-huja\" rel=\"nofollow noopener\" target=\"_blank\">Marian Huja<\/a>\u00a0wzbudzi\u0142 zainteresowanie kilku zagranicznych klub\u00f3w, a tak\u017ce przedstawicieli <a href=\"https:\/\/sportowefakty.wp.pl\/pilka-nozna\/betclic-i-liga\" rel=\"nofollow noopener\" target=\"_blank\">Betclic I ligi<\/a>\u00a0&#8211; Wis\u0142y Krak\u00f3w i Miedzi Legnica. Teraz do tego grona mia\u0142a do\u0142\u0105czy\u0107 r\u00f3wnie\u017c <a href=\"https:\/\/sportowefakty.wp.pl\/pilka-nozna\/wieczysta-krakow\" rel=\"nofollow noopener\" target=\"_blank\">Wieczysta Krak\u00f3w<\/a>.<\/p>\n<p> <img role=\"presentation\" src=\"https:\/\/std.wpcdn.pl\/images\/adv\/placeholder_wp.svg\" loading=\"lazy\" alt=\"\" decoding=\"async\"\/>  <\/p>\n<p class=\"contentpart contentpart--default contentpart--text\" data-position=\"2\">ZOBACZ WIDEO: Kadra, relacje z Lewandowskim i Urbanem. Jerzy Brz\u0119czek go\u015bciem WP SportoweFakty<\/p>\n<p class=\"contentpart contentpart--default contentpart--text\" data-position=\"4\">Piotr Ko\u017ami\u0144ski podkre\u015bla, \u017ce zesp\u00f3\u0142 prowadzony przez Mariusza Jopa szuka przede wszystkim lewono\u017cnego stopera przed trzydziestk\u0105. Huja spe\u0142nia oba te warunki.<\/p>\n<p class=\"contentpart contentpart--default contentpart--text\" data-position=\"5\">Dziennikarz podaje, \u017ce Pogo\u0144 rozwa\u017cy sprzeda\u017c stopera za kwot\u0119 zbli\u017con\u0105 do tej, kt\u00f3r\u0105 na niego wyda\u0142a. Z medialnych doniesie\u0144 wynika, \u017ce by\u0142o to oko\u0142o 700 tys. euro. Dodajmy, \u017ce Huja ma kontrakt wa\u017cny do czerwca 2027 roku, z mo\u017cliwo\u015bci\u0105 przed\u0142u\u017cenia o kolejny sezon.<\/p>\n<p class=\"contentpart contentpart--default contentpart--text\" data-position=\"6\">Wieczysta nie kryje, \u017ce jej celem na ten sezon jest awans do PKO Ekstraklasy. Obecnie krakowski zesp\u00f3\u0142 zajmuje 6. miejsce w tabeli. Lokata ta daje prawo gry w play-offach o awans. Do prowadz\u0105cej Wis\u0142y traci 13 punkt\u00f3w.<\/p>\n","protected":false},"excerpt":{"rendered":"Defensor zosta\u0142 \u015bci\u0105gni\u0119ty przez Pogo\u0144 Szczecin\u00a0latem br. Zaliczy\u0142 udane wej\u015bcie do Ekstraklasy &#8211; pocz\u0105tkowo gra\u0142 wszystko od deski&hellip;\n","protected":false},"author":2,"featured_media":143619,"comment_status":"","ping_status":"","sticky":false,"template":"","format":"standard","meta":{"footnotes":""},"categories":[24],"tags":[3640,29191,269,42,1111,38,40,39,41,127,126,2817,3651],"class_list":{"0":"post-143618","1":"post","2":"type-post","3":"status-publish","4":"format-standard","5":"has-post-thumbnail","7":"category-sport","8":"tag-betclic-i-liga","9":"tag-marian-huja","10":"tag-pilka-nozna","11":"tag-pl","12":"tag-pogon-szczecin","13":"tag-poland","14":"tag-polish","15":"tag-polska","16":"tag-polski","17":"tag-sport","18":"tag-sports","19":"tag-transfery","20":"tag-wieczysta-krakow"},"share_on_mastodon":{"url":"https:\/\/pubeurope.com\/@pl\/115697021397808601","error":""},"_links":{"self":[{"href":"https:\/\/www.europesays.com\/pl\/wp-json\/wp\/v2\/posts\/143618","targetHints":{"allow":["GET"]}}],"collection":[{"href":"https:\/\/www.europesays.com\/pl\/wp-json\/wp\/v2\/posts"}],"about":[{"href":"https:\/\/www.europesays.com\/pl\/wp-json\/wp\/v2\/types\/post"}],"author":[{"embeddable":true,"href":"https:\/\/www.europesays.com\/pl\/wp-json\/wp\/v2\/users\/2"}],"replies":[{"embeddable":true,"href":"https:\/\/www.europesays.com\/pl\/wp-json\/wp\/v2\/comments?post=143618"}],"version-history":[{"count":0,"href":"https:\/\/www.europesays.com\/pl\/wp-json\/wp\/v2\/posts\/143618\/revisions"}],"wp:featuredmedia":[{"embeddable":true,"href":"https:\/\/www.europesays.com\/pl\/wp-json\/wp\/v2\/media\/143619"}],"wp:attachment":[{"href":"https:\/\/www.europesays.com\/pl\/wp-json\/wp\/v2\/media?parent=143618"}],"wp:term":[{"taxonomy":"category","embeddable":true,"href":"https:\/\/www.europesays.com\/pl\/wp-json\/wp\/v2\/categories?post=143618"},{"taxonomy":"post_tag","embeddable":true,"href":"https:\/\/www.europesays.com\/pl\/wp-json\/wp\/v2\/tags?post=143618"}],"curies":[{"name":"wp","href":"https:\/\/api.w.org\/{rel}","templated":true}]}}