{"id":143660,"date":"2025-12-10T20:13:08","date_gmt":"2025-12-10T20:13:08","guid":{"rendered":"https:\/\/www.europesays.com\/pl\/143660\/"},"modified":"2025-12-10T20:13:08","modified_gmt":"2025-12-10T20:13:08","slug":"klub-mateusza-kochalskiego-ma-czego-zalowac-polak-stracil-worek-bramek","status":"publish","type":"post","link":"https:\/\/www.europesays.com\/pl\/143660\/","title":{"rendered":"Klub Mateusza Kochalskiego ma czego \u017ca\u0142owa\u0107. Polak straci\u0142 worek bramek"},"content":{"rendered":"\n<p class=\"contentpart contentpart--default contentpart--text\" data-position=\"0\">Po rewelacyjnym starcie w fazie ligowej, nast\u0105pi\u0142a seria czterech mecz\u00f3w bez zwyci\u0119stwa <a href=\"https:\/\/sportowefakty.wp.pl\/pilka-nozna\/karabach-agdam\" rel=\"nofollow noopener\" target=\"_blank\">Karabachu Agdam<\/a>, kt\u00f3ra postawi\u0142a pod znakiem zapytania awans do fazy pucharowej. Okazja do poprawienia notowa\u0144 wygl\u0105da\u0142a dobrze, poniewa\u017c Karabach podejmowa\u0142 ostatni klub w tabeli. <a href=\"https:\/\/sportowefakty.wp.pl\/pilka-nozna\/ajax-amsterdam\" rel=\"nofollow noopener\" target=\"_blank\">AFC Ajax<\/a>\u00a0nie zapunktowa\u0142 w pi\u0119ciu wcze\u015bniejszych kolejkach.<\/p>\n<p class=\"contentpart contentpart--default contentpart--text\" data-position=\"1\">Po pierwszej po\u0142owie by\u0142o 1:1. Karabach nie utrzyma\u0142 prowadzenia, kt\u00f3re w 10. minucie wywalczy\u0142 Camilo Duran. <a href=\"https:\/\/sportowefakty.wp.pl\/pilka-nozna\/kasper-dolberg\" rel=\"nofollow noopener\" target=\"_blank\">Kasper Dolberg<\/a>\u00a0pokona\u0142 <a href=\"https:\/\/sportowefakty.wp.pl\/pilka-nozna\/mateusz-kochalski\" rel=\"nofollow noopener\" target=\"_blank\">Mateusza Kochalskiego<\/a>\u00a0w 39. minucie. Gospodarze zgubili pi\u0142k\u0119 na w\u0142asnej po\u0142owie, ta trafi\u0142a od Sama Steura do <a href=\"https:\/\/sportowefakty.wp.pl\/dania\" rel=\"nofollow noopener\" target=\"_blank\">Du\u0144czyka<\/a>, a ten ogra\u0142 kilku przeciwnik\u00f3w przed przymierzeniem z dystansu. Kochalski mia\u0142 pretensje do obro\u0144c\u00f3w, gracze z pola do s\u0119dziego, ale nic to nie zmieni\u0142o.<\/p>\n<p> <img role=\"presentation\" src=\"https:\/\/std.wpcdn.pl\/images\/adv\/placeholder_wp.svg\" loading=\"lazy\" alt=\"\" decoding=\"async\"\/>  <\/p>\n<p class=\"contentpart contentpart--default contentpart--text\" data-position=\"2\">Druga po\u0142owa rozpocz\u0119\u0142a si\u0119 jeszcze lepiej ni\u017c pierwsza dla mistrza <a href=\"https:\/\/sportowefakty.wp.pl\/azerbejdzan\" rel=\"nofollow noopener\" target=\"_blank\">Azerbejd\u017canu<\/a>. Tym razem z pokonania bramkarza Ajaksu cieszy\u0142 si\u0119 Matheus Silva w 47. minucie. I tym razem Karabach nie utrzyma\u0142 prowadzenia, poniewa\u017c w 79. minucie by\u0142 gol na 2:2 Oscara Gloukha. O zdobyciu kompletu punkt\u00f3w decydowa\u0142a ko\u0144c\u00f3wka spotkania, a w niej, konkretnie w 83. i 90. minucie pad\u0142y bramki Antona Gaaeia oraz Oscara Gloukha na 4:2 dla Ajaksu.<\/p>\n<p class=\"contentpart contentpart--default contentpart--text\" data-position=\"3\">ZOBACZ WIDEO: #dziejesiewsporcie: Co oni zrobili! Niesamowity gol w \u00f3smej sekundzie<\/p>\n<p class=\"contentpart contentpart--default contentpart--text\" data-position=\"5\">Karabach jest coraz bardziej niepewny na miejscu premiowanym awansem. B\u0119dzie go broni\u0107 przed przeciwnikami ju\u017c w 2026 roku w meczach domowym z <a href=\"https:\/\/sportowefakty.wp.pl\/pilka-nozna\/eintracht-frankfurt\" rel=\"nofollow noopener\" target=\"_blank\">Eintrachtem Frankfurt<\/a>\u00a0i wyjazdowym z <a href=\"https:\/\/sportowefakty.wp.pl\/pilka-nozna\/liverpool-fc\" rel=\"nofollow noopener\" target=\"_blank\">Liverpool FC<\/a>.<\/p>\n<p class=\"contentpart contentpart--default contentpart--text\" data-position=\"6\"><a href=\"https:\/\/sportowefakty.wp.pl\/pilka-nozna\/fc-kopenhaga\" rel=\"nofollow noopener\" target=\"_blank\">FC Kopenhaga<\/a>\u00a0zapewni\u0142a zimny prysznic pi\u0142karzom i kibicom na <a href=\"https:\/\/sportowefakty.wp.pl\/areny-sportowe\/estadio-de-la-ceramica-w-vila-real\" rel=\"nofollow noopener\" target=\"_blank\">Estadio de la Ceramica<\/a>\u00a0w 2. minucie.\u00a0<a href=\"https:\/\/sportowefakty.wp.pl\/pilka-nozna\/mohamed-elyounoussi\" rel=\"nofollow noopener\" target=\"_blank\">Mohamed Elyounoussi<\/a>\u00a0strzeli\u0142 na 1:0 po do\u015brodkowaniu Marcosa Lopeza. Wyprzedzi\u0142 on bramkarza i obro\u0144c\u00f3w <a href=\"https:\/\/sportowefakty.wp.pl\/pilka-nozna\/villarreal-cf\" rel=\"nofollow noopener\" target=\"_blank\">Villarrealu CF<\/a>.<\/p>\n<p> <img role=\"presentation\" src=\"https:\/\/std.wpcdn.pl\/images\/adv\/placeholder_wp.svg\" loading=\"lazy\" alt=\"\" decoding=\"async\"\/>  <\/p>\n<p class=\"contentpart contentpart--default contentpart--text\" data-position=\"7\">Na kolejne bramki trzeba by\u0142o poczeka\u0107 do drugiej po\u0142owy meczu. Nied\u0142ugo jednak, poniewa\u017c kr\u00f3cej ni\u017c minut\u0119. Santi Comesana doprowadzi\u0142 do remisu 1:1, uciekaj\u0105c zaskoczonym go\u015bciom z <a href=\"https:\/\/sportowefakty.wp.pl\/dania\/kopenhaga\" rel=\"nofollow noopener\" target=\"_blank\">Kopenhagi<\/a>. W 56. minucie ponownie by\u0142 remis, ale ju\u017c 2:2, poniewa\u017c kolejnymi uderzeniami wymienili si\u0119\u00a0Elias Achouri z FC Kopenhaga oraz <a href=\"https:\/\/sportowefakty.wp.pl\/pilka-nozna\/oluwatosin-adarabioyo\" rel=\"nofollow noopener\" target=\"_blank\">Tani Adarabioyo<\/a>\u00a0z Villarrealu. Dru\u017cyna z Danii obj\u0119\u0142a prowadzenie po raz trzeci i ostatni dopiero w 90. minucie, kiedy <a href=\"https:\/\/sportowefakty.wp.pl\/pilka-nozna\/andreas-cornelius\" rel=\"nofollow noopener\" target=\"_blank\">Andreas  Cornelius<\/a>\u00a0strzeli\u0142 na 3:2.<\/p>\n<p class=\"contentpart contentpart--default contentpart--text\" data-position=\"8\">6. kolejka fazy ligowej <a href=\"https:\/\/sportowefakty.wp.pl\/pilka-nozna\/liga-mistrzow\" rel=\"nofollow noopener\" target=\"_blank\">Ligi Mistrz\u00f3w<\/a>:<\/p>\n<p class=\"contentpart contentpart--default contentpart--text\" data-position=\"9\"><a href=\"https:\/\/sportowefakty.wp.pl\/pilka-nozna\/karabach-agdam\" rel=\"nofollow noopener\" target=\"_blank\">Karabach Agdam<\/a>\u00a0&#8211; <a href=\"https:\/\/sportowefakty.wp.pl\/pilka-nozna\/ajax-amsterdam\" rel=\"nofollow noopener\" target=\"_blank\">AFC Ajax<\/a>\u00a02:4 (1:1)<br \/>1:0 &#8211; Camilo Duran 10&#8242;<br \/>1:1 &#8211; Kasper Dolberg 39&#8242;<br \/>2:1 &#8211; Matheus Silva 47&#8242;<br \/>2:2 &#8211; Oscar Gloukh 79&#8242;<br \/>2:3 &#8211; Anton Gaaei 83&#8242;<br \/>2:3 &#8211;\u00a0Oscar Gloukh 90&#8242;<\/p>\n<p class=\"contentpart contentpart--default contentpart--text\" data-position=\"10\"><a href=\"https:\/\/sportowefakty.wp.pl\/pilka-nozna\/villarreal-cf\" rel=\"nofollow noopener\" target=\"_blank\">Villarreal CF<\/a>\u00a0&#8211; <a href=\"https:\/\/sportowefakty.wp.pl\/pilka-nozna\/fc-kopenhaga\" rel=\"nofollow noopener\" target=\"_blank\">FC Kopenhaga<\/a>\u00a02:3 (0:1)<br \/>0:1 &#8211;\u00a0Mohamed Elyounoussi 2&#8242;<br \/>1:1 &#8211;\u00a0Santi Comesana 46&#8242;<br \/>1:2 &#8211; Elias Achouri 48&#8242;<br \/>2:2 &#8211;\u00a0Tani Oluwaseyi 56&#8242;<br \/>2:3 &#8211; Andreas Cornelius 90&#8242;<\/p>\n<p> <img role=\"presentation\" src=\"https:\/\/std.wpcdn.pl\/images\/adv\/placeholder_wp.svg\" loading=\"lazy\" alt=\"\" decoding=\"async\"\/>  <\/p>\n<p class=\"contentpart contentpart--default contentpart--text\" data-position=\"11\">Tabela <a href=\"https:\/\/sportowefakty.wp.pl\/pilka-nozna\/liga-mistrzow\" rel=\"nofollow noopener\" target=\"_blank\">Ligi Mistrz\u00f3w<\/a>:<\/p>\n","protected":false},"excerpt":{"rendered":"Po rewelacyjnym starcie w fazie ligowej, nast\u0105pi\u0142a seria czterech mecz\u00f3w bez zwyci\u0119stwa Karabachu Agdam, kt\u00f3ra postawi\u0142a pod znakiem&hellip;\n","protected":false},"author":2,"featured_media":143661,"comment_status":"","ping_status":"","sticky":false,"template":"","format":"standard","meta":{"footnotes":""},"categories":[24],"tags":[7804,990,23365,29202,693,8143,267,991,270,992,269,278,42,38,40,39,41,127,126,23366,29203,9405],"class_list":{"0":"post-143660","1":"post","2":"type-post","3":"status-publish","4":"format-standard","5":"has-post-thumbnail","7":"category-sport","8":"tag-afc-ajax","9":"tag-azerbejdzan","10":"tag-baku","11":"tag-estadio-de-la-ceramica-w-vila-real","12":"tag-europejskie-puchary","13":"tag-fc-kopenhaga","14":"tag-hiszpania","15":"tag-karabach-agdam","16":"tag-liga-mistrzow","17":"tag-mateusz-kochalski","18":"tag-pilka-nozna","19":"tag-pilka-w-europie","20":"tag-pl","21":"tag-poland","22":"tag-polish","23":"tag-polska","24":"tag-polski","25":"tag-sport","26":"tag-sports","27":"tag-stadion-im-tofika-bachramowa-w-baku","28":"tag-vila-real","29":"tag-villarreal-cf"},"share_on_mastodon":{"url":"https:\/\/pubeurope.com\/@pl\/115697104471881900","error":""},"_links":{"self":[{"href":"https:\/\/www.europesays.com\/pl\/wp-json\/wp\/v2\/posts\/143660","targetHints":{"allow":["GET"]}}],"collection":[{"href":"https:\/\/www.europesays.com\/pl\/wp-json\/wp\/v2\/posts"}],"about":[{"href":"https:\/\/www.europesays.com\/pl\/wp-json\/wp\/v2\/types\/post"}],"author":[{"embeddable":true,"href":"https:\/\/www.europesays.com\/pl\/wp-json\/wp\/v2\/users\/2"}],"replies":[{"embeddable":true,"href":"https:\/\/www.europesays.com\/pl\/wp-json\/wp\/v2\/comments?post=143660"}],"version-history":[{"count":0,"href":"https:\/\/www.europesays.com\/pl\/wp-json\/wp\/v2\/posts\/143660\/revisions"}],"wp:featuredmedia":[{"embeddable":true,"href":"https:\/\/www.europesays.com\/pl\/wp-json\/wp\/v2\/media\/143661"}],"wp:attachment":[{"href":"https:\/\/www.europesays.com\/pl\/wp-json\/wp\/v2\/media?parent=143660"}],"wp:term":[{"taxonomy":"category","embeddable":true,"href":"https:\/\/www.europesays.com\/pl\/wp-json\/wp\/v2\/categories?post=143660"},{"taxonomy":"post_tag","embeddable":true,"href":"https:\/\/www.europesays.com\/pl\/wp-json\/wp\/v2\/tags?post=143660"}],"curies":[{"name":"wp","href":"https:\/\/api.w.org\/{rel}","templated":true}]}}