{"id":143710,"date":"2025-12-10T20:39:09","date_gmt":"2025-12-10T20:39:09","guid":{"rendered":"https:\/\/www.europesays.com\/pl\/143710\/"},"modified":"2025-12-10T20:39:09","modified_gmt":"2025-12-10T20:39:09","slug":"to-bylo-planowane-gizela-jagielska-w-tok-fm-o-kulisach-utraty-pracy","status":"publish","type":"post","link":"https:\/\/www.europesays.com\/pl\/143710\/","title":{"rendered":"&#8222;To by\u0142o planowane&#8221;. Gizela Jagielska w TOK FM o kulisach utraty pracy"},"content":{"rendered":"<ul class=\"list-summary__items summary\">\n<li>Szpital w Ole\u015bnicy nie przed\u0142u\u017cy\u0142 kontrakt\u00f3w Gizeli Jagielskiej i jej m\u0119\u017cowi;\u00a0<\/li>\n<li>Jak m\u00f3wi\u0142a w TOK FM Gizela Jagielska, pocz\u0105tkowo my\u015bla\u0142a, \u017ce\u00a0to kwestia personalna, ale &#8222;im d\u0142u\u017cej przypatruje si\u0119 tej sprawie z boku, tym bardziej ma wra\u017cenie, \u017ce mo\u017ce polityka mia\u0142a tutaj znaczenie&#8221;;\u00a0<\/li>\n<li>&#8222;Wydaje si\u0119 wi\u0119c, \u017ce po prostu tak jest wygodniej, \u017ceby mnie nie by\u0142o&#8221; &#8211; podkre\u015bli\u0142a lekarka.\u00a0<\/li>\n<\/ul>\n<p>Specjalistka po\u0142o\u017cnictwa i ginekologii oraz medycyny matczyno-p\u0142odowej, koordynatorka oddzia\u0142u po\u0142o\u017cnictwa i patologii ci\u0105\u017cy w szpitalu w Ole\u015bnicy od stycznia nie b\u0119dzie pracowa\u0142a w tej plac\u00f3wce.\u00a0<\/p>\n<p>&#8211; Po 10 latach budowania od zera oddzia\u0142u po\u0142o\u017cniczego w Ole\u015bnicy nie spotkacie mnie ju\u017c w nim od 1 stycznia. Nie jest to moja decyzja, bo gdyby by\u0142a moja, to kontynuowa\u0142abym to, co robi\u0119 &#8211; m\u00f3wi\u0142a w nagraniu opublikowanym w mediach spo\u0142eczno\u015bciowych.\u00a0<\/p>\n<p>Gizela Jagielska w TOK FM by\u0142a pytana o szczeg\u00f3\u0142y nieprzed\u0142u\u017cenia kontraktu. &#8211; Zadzwoni\u0142a do mnie pracownica dzia\u0142u kontrakt\u00f3w i mnie o tym poinformowa\u0142a &#8211; m\u00f3wi\u0142a lekarka.\u00a0<\/p>\n<p>Przyzna\u0142a, \u017ce na pocz\u0105tku my\u015bla\u0142a, \u017ce &#8222;pad\u0142a ofiar\u0105 brzydkiego zagrania kole\u017canki i kolegi&#8221;. &#8211; Ale im d\u0142u\u017cej przypatruje si\u0119 tej sprawie z boku, tym bardziej mam wra\u017cenie, \u017ce mo\u017ce nie jest tak, jak my\u015bla\u0142am. Mo\u017ce rzeczywi\u015bcie jest tak, \u017ce to polityka mia\u0142a tutaj jakie\u015b znaczenie &#8211; doda\u0142a w rozmowie z Adamem Ozg\u0105.\u00a0<\/p>\n<p>&#8211; To kwestia\u00a0wizerunkowa ze strony szpitala? &#8211; dopytywa\u0142 dziennikarz TOK FM.<\/p>\n<p>&#8211; Konkurs\u00f3w zosta\u0142o rozpisanych kilka. Na\u00a0moje pytanie &#8211; ju\u017c po ich rozstrzygni\u0119ciu, czy nie b\u0119dziemy negocjowa\u0107, skoro zawsze by\u0142y negocjacje, otrzyma\u0142am odpowied\u017a: &#8222;Nie mo\u017cna odwo\u0142a\u0107 takiego konkursu i go uniewa\u017cni\u0107&#8221;. Co ciekawe, zaraz potem by\u0142 drugi konkurs &#8211; na stanowisko na neonatologii, gdzie te\u017c aplikowa\u0142am i ten uniewa\u017cni\u0107 ju\u017c mo\u017cna by\u0142o. Wydaje si\u0119 wi\u0119c, \u017ce po prostu tak jest wygodniej, \u017ceby mnie nie by\u0142o\u00a0&#8211; odpowiedzia\u0142a Gizela Jagielska.\u00a0<\/p>\n<p>        <a name=\"eztoc31643826_0_2\" id=\"eztoc31643826_0_2\"\/>&#8222;To by\u0142o planowane&#8221;<\/p>\n<p>Szpital w Ole\u015bnicy\u00a0nie przed\u0142u\u017cy\u0142 kontraktu tak\u017ce m\u0119\u017cowi dr Jagielskiej.\u00a0<\/p>\n<p>&#8211; Po cz\u0119\u015bci pewnie oberwa\u0142 rykoszetem, ale to te\u017c nie tak, \u017ce to by\u0142a decyzja z dnia na dzie\u0144. Wydaje si\u0119, \u017ce to by\u0142o planowane od jakiego\u015b czasu, by po prostu przej\u0105\u0107 oddzia\u0142 &#8211; komentowa\u0142a lekarka w &#8222;TOK 360&#8221;.<\/p>\n<p>Dopytywana, czy w Ole\u015bnicy wci\u0105\u017c b\u0119d\u0105 przeprowadzane aborcje, odpowiedzia\u0142a kr\u00f3tko: &#8222;Nale\u017ca\u0142oby pyta\u0107 tych, kt\u00f3rzy teraz tutaj b\u0119d\u0105 pracowa\u0107&#8221;. Doda\u0142a te\u017c, \u017ce\u00a0&#8222;jest zaniepokojona&#8221;.\u00a0<\/p>\n<p>&#8211; Dzisiaj do 15 by\u0142am poza szpitalem, napisa\u0142a do mnie spanikowana pacjentka, kt\u00f3rej odm\u00f3wiono przyj\u0119cia. By\u0142a u nas w szpitalu w poniedzia\u0142ek i mia\u0142a wyznaczony &#8211; w poradni patologii ci\u0105\u017cy &#8211; termin na dzi\u015b. Napisa\u0142am, \u017ceby poczeka\u0142a, przyjad\u0119 i wtedy najwy\u017cej sama to zrobi\u0119. Ale po paru godzinach zmienili decyzj\u0119. Mo\u017ce si\u0119 zorientowali, \u017ce to nie b\u0119dzie medialnie dobry pomys\u0142 &#8211; stwierdzi\u0142a go\u015bcini TOK FM.<\/p>\n<p>Informacja o nieprzed\u0142u\u017ceniu kontraktu zbieg\u0142a si\u0119 w czasie z decyzj\u0105 prokuratury o\u00a0umorzeniu \u015bledztwa\u00a0w sprawie przeprowadzenia w ole\u015bnickim szpitalu aborcji z naruszeniem prawa przez lekark\u0119 Gizel\u0119 Jagielsk\u0105. Wed\u0142ug prokuratury\u00a0przerwanie ci\u0105\u017cy przez lekark\u0119 29 pa\u017adziernika 2024 roku w Powiatowym Zespole Szpitali w Ole\u015bnicy oraz inne jej dzia\u0142ania zwi\u0105zane z t\u0105 procedur\u0105 nie mia\u0142y &#8222;znamion czynu zabronionego&#8221;.\u00a0<\/p>\n<p>\u0179r\u00f3d\u0142o: TOK FM<\/p>\n","protected":false},"excerpt":{"rendered":"Szpital w Ole\u015bnicy nie przed\u0142u\u017cy\u0142 kontrakt\u00f3w Gizeli Jagielskiej i jej m\u0119\u017cowi;\u00a0 Jak m\u00f3wi\u0142a w TOK FM Gizela Jagielska,&hellip;\n","protected":false},"author":2,"featured_media":143711,"comment_status":"","ping_status":"","sticky":false,"template":"","format":"standard","meta":{"footnotes":""},"categories":[12],"tags":[32,33,36,37,29119,27,34,35,28,31,25,42,38,40,39,41,1756,1627,7200,29,30,26],"class_list":{"0":"post-143710","1":"post","2":"type-post","3":"status-publish","4":"format-standard","5":"has-post-thumbnail","7":"category-polska","8":"tag-breaking-news","9":"tag-breakingnews","10":"tag-featured-news","11":"tag-featurednews","12":"tag-gizela-jagielska","13":"tag-headlines","14":"tag-latest-news","15":"tag-latestnews","16":"tag-naglowki","17":"tag-najwazniejsze-artykuly","18":"tag-news","19":"tag-pl","20":"tag-poland","21":"tag-polish","22":"tag-polska","23":"tag-polski","24":"tag-praca","25":"tag-prokuratura","26":"tag-szpitale","27":"tag-top-stories","28":"tag-topstories","29":"tag-wiadomosci"},"share_on_mastodon":{"url":"https:\/\/pubeurope.com\/@pl\/115697206461783981","error":""},"_links":{"self":[{"href":"https:\/\/www.europesays.com\/pl\/wp-json\/wp\/v2\/posts\/143710","targetHints":{"allow":["GET"]}}],"collection":[{"href":"https:\/\/www.europesays.com\/pl\/wp-json\/wp\/v2\/posts"}],"about":[{"href":"https:\/\/www.europesays.com\/pl\/wp-json\/wp\/v2\/types\/post"}],"author":[{"embeddable":true,"href":"https:\/\/www.europesays.com\/pl\/wp-json\/wp\/v2\/users\/2"}],"replies":[{"embeddable":true,"href":"https:\/\/www.europesays.com\/pl\/wp-json\/wp\/v2\/comments?post=143710"}],"version-history":[{"count":0,"href":"https:\/\/www.europesays.com\/pl\/wp-json\/wp\/v2\/posts\/143710\/revisions"}],"wp:featuredmedia":[{"embeddable":true,"href":"https:\/\/www.europesays.com\/pl\/wp-json\/wp\/v2\/media\/143711"}],"wp:attachment":[{"href":"https:\/\/www.europesays.com\/pl\/wp-json\/wp\/v2\/media?parent=143710"}],"wp:term":[{"taxonomy":"category","embeddable":true,"href":"https:\/\/www.europesays.com\/pl\/wp-json\/wp\/v2\/categories?post=143710"},{"taxonomy":"post_tag","embeddable":true,"href":"https:\/\/www.europesays.com\/pl\/wp-json\/wp\/v2\/tags?post=143710"}],"curies":[{"name":"wp","href":"https:\/\/api.w.org\/{rel}","templated":true}]}}