{"id":143811,"date":"2025-12-10T21:34:14","date_gmt":"2025-12-10T21:34:14","guid":{"rendered":"https:\/\/www.europesays.com\/pl\/143811\/"},"modified":"2025-12-10T21:34:14","modified_gmt":"2025-12-10T21:34:14","slug":"smierc-zolnierza-nato-na-ukrainie-rzad-potwierdza","status":"publish","type":"post","link":"https:\/\/www.europesays.com\/pl\/143811\/","title":{"rendered":"\u015amier\u0107 \u017co\u0142nierza NATO na Ukrainie. Rz\u0105d potwierdza"},"content":{"rendered":"\n<p>We wtorek, 9 grudnia, brytyjskie Ministerstwo Obrony Narodowej poinformowa\u0142o o \u015bmierci jednego z brytyjskich \u017co\u0142nierzy na Ukrainie. Wed\u0142ug o\u015bwiadczenia brytyjskiego Ministry of Defence \u017co\u0142nierz dozna\u0142 wypadku daleko od linii frontu.<\/p>\n<p>  <img decoding=\"async\" src=\"https:\/\/www.europesays.com\/pl\/wp-content\/uploads\/2025\/12\/WkHCfvl1aeEC6zIP7XUbVsd1FwLejxRiBxzVnci7.oepf.jpg\" alt=\"ukraina wojsko \u017co\u0142nierz wojna inwazja rosja\"  width=\"800\" height=\"450\" author=\"Ukraine Territorial Defense Forces (@TDF_UA)\/X \/ Defense of Ukraine (@DefenceU)\/X\" fetchpriority=\"high\" class=\"img image-with-caption__image\"\/><br \/>\n        Autor. Ukraine Territorial Defense Forces (@TDF_UA)\/X \/ Defense of Ukraine (@DefenceU)\/X<\/p>\n<p class=\"paragraph-module\">Tragedia, jaka mia\u0142a spotka\u0107 brytyjskiego \u017co\u0142nierza na Ukrainie, wydarzy\u0142a si\u0119 podczas obserwacji test\u00f3w mo\u017cliwo\u015bci nowych system\u00f3w obronnych, jakie prowadzi\u0142a ukrai\u0144ska armia. Nic obecnie nie wiadomo wi\u0119cej na temat broni, przez kt\u00f3r\u0105 zgin\u0105\u0142 Brytyjczyk. Imi\u0119 i nazwisko \u017co\u0142nierza, jak i stopie\u0144, r\u00f3wnie\u017c s\u0105 na ten moment niejawne.<\/p>\n<p class=\"paragraph-module\">Brytyjski dziennik \u201eThe Sun\u201d podaje natomiast informacje, \u017ce zmar\u0142y s\u0142u\u017cy\u0142 w Si\u0142ach Specjalnych \u2013 czego rzecznik Ministerstwa Obrony nie potwierdzi\u0142. Jeszcze w dniu wypadku premier Wielkiej Brytanii \u2013 Keir Starmer, publicznie przekaza\u0142, \u017ce sk\u0142ada \u201enajg\u0142\u0119bsze wyrazy wsp\u00f3\u0142czucia i kondolencje rodzinie cz\u0142onka naszych si\u0142 zbrojnych, kt\u00f3ry niestety straci\u0142 dzi\u015b \u017cycie\u201d. Na wydarzenie zareagowa\u0142 r\u00f3wnie\u017c minister resortu obronno\u015bci \u2013 John Healey, kt\u00f3ry napisa\u0142: \u201eJestem zdruzgotany \u015bmierci\u0105 brytyjskiego \u017co\u0142nierza na Ukrainie. \u0141\u0105cz\u0119 si\u0119 w smutku z rodzin\u0105, przyjaci\u00f3\u0142mi i wsp\u00f3\u0142pracownikami zmar\u0142ego. Nasze serca s\u0105 z nimi\u201d.<\/p>\n<p class=\"paragraph-module\">To pierwszy taki przypadek \u015bmierci czynnego \u017co\u0142nierza British Army na Ukrainie od pocz\u0105tku trwania pe\u0142noskalowej wojny. Mo\u017ce to by\u0107 powodem do rozpocz\u0119cia niewygodnej dyskusji politycznej w Wielkiej Brytanii, a mianowicie \u2013 co robi\u0105 brytyjscy \u017co\u0142nierze w pa\u0144stwie, kt\u00f3re toczy konflikt zbrojny.<\/p>\n<p class=\"paragraph-module\">Londyn ju\u017c wcze\u015bniej przyzna\u0142 si\u0119 do obecno\u015bci niewielkiej liczby \u017co\u0142nierzy na Ukrainie, kt\u00f3rzy maj\u0105 wspiera\u0107 si\u0142y zbrojne tego pa\u0144stwa oraz zapewni\u0107 bezpiecze\u0144stwo personelowi dyplomatycznemu. Wed\u0142ug brytyjskiej telewizji \u201eSky News\u201d Brytyjczycy pomagaj\u0105 r\u00f3wnie\u017c w realizacji szkole\u0144 medycznych dla ukrai\u0144skich \u017co\u0142nierzy. \u201eSky News\u201d podaje r\u00f3wnie\u017c informacj\u0119, \u017ce poza niewielk\u0105 liczb\u0105, oficjalnie s\u0142u\u017c\u0105cych Brytyjczyk\u00f3w na Ukrainie walcz\u0105 r\u00f3wnie\u017c ochotnicy, kt\u00f3rzy zaci\u0105gn\u0119li si\u0119, by odeprze\u0107 rosyjskiego agresora.<\/p>\n","protected":false},"excerpt":{"rendered":"We wtorek, 9 grudnia, brytyjskie Ministerstwo Obrony Narodowej poinformowa\u0142o o \u015bmierci jednego z brytyjskich \u017co\u0142nierzy na Ukrainie. Wed\u0142ug&hellip;\n","protected":false},"author":2,"featured_media":143812,"comment_status":"","ping_status":"","sticky":false,"template":"","format":"standard","meta":{"footnotes":""},"categories":[14],"tags":[32,33,29215,27,29217,16989,34,35,29216,28,31,25,40,41,87,80,29,30,415,26,106,2278,82,83,84],"class_list":{"0":"post-143811","1":"post","2":"type-post","3":"status-publish","4":"format-standard","5":"has-post-thumbnail","7":"category-swiat","8":"tag-breaking-news","9":"tag-breakingnews","10":"tag-british-army","11":"tag-headlines","12":"tag-john-healey","13":"tag-keir-starmer","14":"tag-latest-news","15":"tag-latestnews","16":"tag-ministry-of-defence","17":"tag-naglowki","18":"tag-najwazniejsze-artykuly","19":"tag-news","20":"tag-polish","21":"tag-polski","22":"tag-rosja","23":"tag-swiat","24":"tag-top-stories","25":"tag-topstories","26":"tag-ukraina","27":"tag-wiadomosci","28":"tag-wielka-brytania","29":"tag-wojna-na-ukrainie","30":"tag-world","31":"tag-world-news","32":"tag-worldnews"},"share_on_mastodon":{"url":"","error":""},"_links":{"self":[{"href":"https:\/\/www.europesays.com\/pl\/wp-json\/wp\/v2\/posts\/143811","targetHints":{"allow":["GET"]}}],"collection":[{"href":"https:\/\/www.europesays.com\/pl\/wp-json\/wp\/v2\/posts"}],"about":[{"href":"https:\/\/www.europesays.com\/pl\/wp-json\/wp\/v2\/types\/post"}],"author":[{"embeddable":true,"href":"https:\/\/www.europesays.com\/pl\/wp-json\/wp\/v2\/users\/2"}],"replies":[{"embeddable":true,"href":"https:\/\/www.europesays.com\/pl\/wp-json\/wp\/v2\/comments?post=143811"}],"version-history":[{"count":0,"href":"https:\/\/www.europesays.com\/pl\/wp-json\/wp\/v2\/posts\/143811\/revisions"}],"wp:featuredmedia":[{"embeddable":true,"href":"https:\/\/www.europesays.com\/pl\/wp-json\/wp\/v2\/media\/143812"}],"wp:attachment":[{"href":"https:\/\/www.europesays.com\/pl\/wp-json\/wp\/v2\/media?parent=143811"}],"wp:term":[{"taxonomy":"category","embeddable":true,"href":"https:\/\/www.europesays.com\/pl\/wp-json\/wp\/v2\/categories?post=143811"},{"taxonomy":"post_tag","embeddable":true,"href":"https:\/\/www.europesays.com\/pl\/wp-json\/wp\/v2\/tags?post=143811"}],"curies":[{"name":"wp","href":"https:\/\/api.w.org\/{rel}","templated":true}]}}