{"id":143837,"date":"2025-12-10T21:49:07","date_gmt":"2025-12-10T21:49:07","guid":{"rendered":"https:\/\/www.europesays.com\/pl\/143837\/"},"modified":"2025-12-10T21:49:07","modified_gmt":"2025-12-10T21:49:07","slug":"sasin-wbil-szpile-morawieckiemu-jest-mocna-odpowiedz","status":"publish","type":"post","link":"https:\/\/www.europesays.com\/pl\/143837\/","title":{"rendered":"Sasin wbi\u0142 szpil\u0119 Morawieckiemu. Jest mocna odpowied\u017a"},"content":{"rendered":"\n<p>&#13;<br \/>\nMateusz Morawiecki by\u0142 w\u00a0\u015brod\u0119 wieczorem go\u015bciem TV Republika. Zosta\u0142 zapytany o\u00a0tarcia w\u00a0PiS-ie. \u2013\u00a0Mam tak\u0105 refleksj\u0119. Jest tylko jeden cz\u0142owiek, jeden kibic, kt\u00f3remu na\u00a0r\u0119k\u0119 s\u0105 te\u00a0spory i\u00a0wa\u015bnie w\u00a0Prawie i\u00a0Sprawiedliwo\u015bci \u2013\u00a0i\u00a0to jest Donald Tusk. On naprawd\u0119 si\u0119 z\u00a0tego powodu cieszy. Dlatego apeluj\u0119 do\u00a0moich koleg\u00f3w, kt\u00f3rzy czasami gdzie\u015b za\u00a0szybko w\u00a0lewo czy\u00a0w\u00a0prawo pobiegn\u0105, komu\u015b b\u0119d\u0105 chcieli poskaka\u0107 po\u00a0g\u0142owie, \u017ceby zapanowa\u0142a zgoda i\u00a0jedno\u015b\u0107 \u2013\u00a0powiedzia\u0142. &#13;\n<\/p>\n<p>&#13;<br \/>\n\u2013 Ja zawsze swoich ludzi b\u0119d\u0119 broni\u0142. Tak samo nie\u00a0pozwol\u0119 sobie oczywi\u015bcie skaka\u0107 po\u00a0g\u0142owie. Jakby pani kto\u015b skaka\u0142 po\u00a0g\u0142owie, najpierw by\u00a0pani poprawi\u0142a w\u0142osy, za\u00a0drugim razem by\u00a0pani poprosi\u0142a tego intruza, \u017ceby mo\u017ce zszed\u0142 sobie z\u00a0tej g\u0142owy, ale\u00a0za\u00a0trzecim str\u0105ci\u0142aby pani jego \u2013\u00a0i\u00a0my\u015bl\u0119, \u017ce\u00a0to\u00a0jest normalne zachowanie \u2013\u00a0zwr\u00f3ci\u0142 si\u0119 by\u0142y premier do\u00a0prowadz\u0105cej program &#8222;Go\u015b\u0107 Dzisiaj&#8221; Danuty Holeckiej. &#13;\n<\/p>\n<p>&#13;<br \/>\n\u2013 Wzywam do\u00a0tego, \u017ceby by\u0142a zgoda, zapanowa\u0142a wsp\u00f3lna praca, z\u00a0determinacj\u0105, z\u00a0wytrwa\u0142o\u015bci\u0105. Musimy walczy\u0107 o\u00a0r\u00f3\u017cne \u015brodowiska \u2013\u00a0zaznaczy\u0142. &#13;\n<\/p>\n<p>Morawiecki odpowiada na\u00a0s\u0142owa Sasina<\/p>\n<p>&#13;<br \/>\n\u2013 Radzi\u0142bym moim wszystkim kolegom, \u017ceby dzisiaj si\u0119 kompletnie nie\u00a0zajmowali \u017cadnymi stanowiskami. Nie\u00a0zamierzam dyskutowa\u0107 o\u00a0stanowiskach ministr\u00f3w, premier\u00f3w. W\u00a0og\u00f3le mnie to\u00a0dzisiaj nie\u00a0interesuje. Interesuje mnie tylko walka, walka, codzienna walka z\u00a0tematami, kt\u00f3rych ten rz\u0105d nie\u00a0dowozi \u2013\u00a0m\u00f3wi\u0142 Morawiecki. &#13;\n<\/p>\n<p>&#13;<br \/>\n\u2013 Je\u015bli kto\u015b ma\u00a0jakikolwiek problem z\u00a0tym, czy\u00a0ja jestem wystarczaj\u0105co niepodleg\u0142o\u015bciowy, suwerenno\u015bciowy, prawicowy, niech sobie popatrzy na\u00a0m\u00f3j \u017cyciorys, na\u00a0lata komuny, walk\u0119 z\u00a0bezpiek\u0105, walk\u0119 z\u00a0komunistami i\u00a0to, co\u00a0robi\u0142em potem, w\u00a0latach 90. i\u00a02000. Niech przyr\u00f3wna sobie sw\u00f3j \u017cyciorys do\u00a0tego i\u00a0potem dopiero niech pr\u00f3buje si\u0119 wypowiada\u0107, bo\u00a0ja tutaj akurat nie\u00a0mam sobie kompletnie nic do\u00a0zarzucenia i\u00a0wiem, po\u00a0jakiej stronie zawsze sta\u0142em, r\u00f3wnie\u017c wtedy, kiedy odwaga by\u0142a naprawd\u0119 bardzo drogim towarem \u2013\u00a0stwierdzi\u0142 wiceprezes Prawa i\u00a0Sprawiedliwo\u015bci. &#13;\n<\/p>\n<p>&#13;<br \/>\nOdni\u00f3s\u0142 si\u0119 w\u00a0ten spos\u00f3b do\u00a0<a href=\"https:\/\/dorzeczy.pl\/opinie\/816638\/sasin-bezlitosnie-o-przyszlosci-morawieckiego-nie-tego-oczekuja-wyborcy.html\" rel=\"nofollow noopener\" target=\"_blank\">s\u0142\u00f3w pos\u0142a Jacka Sasina<\/a>, kt\u00f3ry stwierdzi\u0142, \u017ce\u00a0Morawiecki &#8222;reprezentuje w\u00a0PiS bardziej centrowy nurt&#8221;. \u2013\u00a0Centrowy wizerunek to\u00a0nie jest to, czego oczekuj\u0105 wyborcy prawicy \u2013\u00a0oceni\u0142 by\u0142y wicepremier i\u00a0minister aktyw\u00f3w pa\u0144stwowych. &#13;\n<\/p>\n<p>&#13;<br \/>\nCzytaj te\u017c:<br \/><a href=\"https:\/\/dorzeczy.pl\/kraj\/816923\/morawiecki-kpi-z-sasina-czego-oczekuja-wyborcy-prawicy.html\" rel=\"follow nofollow noopener\" data-schema=\"DORZECZY\" data-image=\"https:\/\/img.dorzeczy.pl\/_thumb\/1c\/b7\/20f2eb8aaa271a0178xx47dc7d94.jpeg\" target=\"_blank\">Morawiecki kpi z\u00a0Sasina. &#8222;Czego oczekuj\u0105 wyborcy prawicy&#8221;<\/a>Czytaj te\u017c:<br \/><a href=\"https:\/\/dorzeczy.pl\/opinie\/818126\/partia-brauna-uderza-w-pis-covidowe-twarze-brak-refleksji.html\" rel=\"follow nofollow noopener\" data-schema=\"DORZECZY\" data-image=\"https:\/\/img.dorzeczy.pl\/_thumb\/9c\/5d\/b81d7963606dea28050e07126c75.jpeg\" target=\"_blank\">&#8222;Covidowe twarze&#8221;. Partia Brauna uderza w\u00a0PiS<\/a>&#13;<\/p>\n","protected":false},"excerpt":{"rendered":"&#13; Mateusz Morawiecki by\u0142 w\u00a0\u015brod\u0119 wieczorem go\u015bciem TV Republika. Zosta\u0142 zapytany o\u00a0tarcia w\u00a0PiS-ie. \u2013\u00a0Mam tak\u0105 refleksj\u0119. Jest tylko&hellip;\n","protected":false},"author":2,"featured_media":143838,"comment_status":"","ping_status":"","sticky":false,"template":"","format":"standard","meta":{"footnotes":""},"categories":[12],"tags":[32,33,662,98,36,37,27,49,34,35,3816,28,31,25,102,529,42,38,40,39,41,7797,16206,29,30,26],"class_list":{"0":"post-143837","1":"post","2":"type-post","3":"status-publish","4":"format-standard","5":"has-post-thumbnail","7":"category-polska","8":"tag-breaking-news","9":"tag-breakingnews","10":"tag-dawid-sienkowski","11":"tag-dorzeczy","12":"tag-featured-news","13":"tag-featurednews","14":"tag-headlines","15":"tag-kraj","16":"tag-latest-news","17":"tag-latestnews","18":"tag-morawiecki","19":"tag-naglowki","20":"tag-najwazniejsze-artykuly","21":"tag-news","22":"tag-opinie","23":"tag-pis","24":"tag-pl","25":"tag-poland","26":"tag-polish","27":"tag-polska","28":"tag-polski","29":"tag-prawo-i-sprawiedliwosc","30":"tag-sasin","31":"tag-top-stories","32":"tag-topstories","33":"tag-wiadomosci"},"share_on_mastodon":{"url":"https:\/\/pubeurope.com\/@pl\/115697481608081121","error":""},"_links":{"self":[{"href":"https:\/\/www.europesays.com\/pl\/wp-json\/wp\/v2\/posts\/143837","targetHints":{"allow":["GET"]}}],"collection":[{"href":"https:\/\/www.europesays.com\/pl\/wp-json\/wp\/v2\/posts"}],"about":[{"href":"https:\/\/www.europesays.com\/pl\/wp-json\/wp\/v2\/types\/post"}],"author":[{"embeddable":true,"href":"https:\/\/www.europesays.com\/pl\/wp-json\/wp\/v2\/users\/2"}],"replies":[{"embeddable":true,"href":"https:\/\/www.europesays.com\/pl\/wp-json\/wp\/v2\/comments?post=143837"}],"version-history":[{"count":0,"href":"https:\/\/www.europesays.com\/pl\/wp-json\/wp\/v2\/posts\/143837\/revisions"}],"wp:featuredmedia":[{"embeddable":true,"href":"https:\/\/www.europesays.com\/pl\/wp-json\/wp\/v2\/media\/143838"}],"wp:attachment":[{"href":"https:\/\/www.europesays.com\/pl\/wp-json\/wp\/v2\/media?parent=143837"}],"wp:term":[{"taxonomy":"category","embeddable":true,"href":"https:\/\/www.europesays.com\/pl\/wp-json\/wp\/v2\/categories?post=143837"},{"taxonomy":"post_tag","embeddable":true,"href":"https:\/\/www.europesays.com\/pl\/wp-json\/wp\/v2\/tags?post=143837"}],"curies":[{"name":"wp","href":"https:\/\/api.w.org\/{rel}","templated":true}]}}