{"id":143851,"date":"2025-12-10T21:56:09","date_gmt":"2025-12-10T21:56:09","guid":{"rendered":"https:\/\/www.europesays.com\/pl\/143851\/"},"modified":"2025-12-10T21:56:09","modified_gmt":"2025-12-10T21:56:09","slug":"nie-pozwole-sobie-skakac-po-glowie","status":"publish","type":"post","link":"https:\/\/www.europesays.com\/pl\/143851\/","title":{"rendered":"nie pozwol\u0119 sobie skaka\u0107 po g\u0142owie"},"content":{"rendered":"<p class=\"ods-c-paragraph \">Mateusz Morawiecki w rozmowie z Danut\u0105 Holeck\u0105 przekonywa\u0142, \u017ce jedyn\u0105 osob\u0105, kt\u00f3rej na r\u0119k\u0119 jest wojna frakcji w PiS, jest Donald Tusk. \u2014 Apeluj\u0119 do koleg\u00f3w, kt\u00f3rzy czasami b\u0119d\u0105 chcieli poskaka\u0107 po g\u0142owie, \u017ceby zapanowa\u0142a zgoda \u2014 doda\u0142.<\/p>\n<p class=\"ods-c-paragraph \">\u2014 Zawsze za lojalno\u015b\u0107 odp\u0142acam lojalno\u015bci\u0105, swoich ludzi zawsze b\u0119d\u0119 broni\u0142, nie pozwol\u0119 sobie skaka\u0107 po g\u0142owie. Jakby pani kto\u015b skaka\u0142 po g\u0142owie, najpierw by pani poprawi\u0142a w\u0142osy, za drugim razem by pani poprosi\u0142a tego intruza, \u017ceby mo\u017ce zszed\u0142 sobie z tej g\u0142owy, ale za trzecim str\u0105ci\u0142aby go pani. To jest normalne zachowanie \u2014 stwierdzi\u0142 by\u0142y premier.<\/p>\n<p class=\"ods-c-paragraph \">Doradzi\u0142 te\u017c swoim partyjnym kolegom, by nie zajmowali si\u0119 stanowiskami: \u2014 W og\u00f3le mnie to dzisiaj nie interesuje. Interesuje mnie tylko walka, walka i codzienna walka z tematami, kt\u00f3rych ten rz\u0105d nie dowozi \u2014 przekonywa\u0142 Morawiecki.<\/p>\n<p class=\"ods-c-paragraph \">\u2014 Je\u015bli kto\u015b ma jakikolwiek problem z tym, czy ja wystarczaj\u0105co jestem niepodleg\u0142o\u015bciowy, suwerenno\u015bciowy, prawicowy, niech sobie popatrzy na m\u00f3j \u017cyciorys, na lata komuny, walk\u0119 z bezpiek\u0105, walk\u0119 z komunistami, to, co robi\u0142em potem, niech przyr\u00f3wna sobie sw\u00f3j \u017cyciorys do tego i potem dopiero niech pr\u00f3buje si\u0119 wypowiada\u0107, bo ja tutaj akurat nie mam sobie kompletnie nic do zarzucenia \u2014 doda\u0142.<\/p>\n<p>Dalszy ci\u0105g artyku\u0142u pod materia\u0142em wideo<\/p>\n<p> Co powiedzia\u0142 Mateusz Morawiecki na temat swojej niepodleg\u0142o\u015bciowo\u015bci? <\/p>\n<p> Jakie s\u0105 zwi\u0105zki mi\u0119dzy wojn\u0105 frakcji w PiS a Donaldem Tuskiem? <\/p>\n<p> Jak Morawiecki oceni\u0142 lojalno\u015b\u0107 w partii? <\/p>\n<p> Co my\u015bli Sasin o Morawieckim jako kandydacie na premiera? <\/p>\n<p>  Wojna w PiS. Sasin podgryza Morawieckiego   <\/p>\n<p class=\"ods-c-paragraph \">Wewn\u0119trzny konflikt w partii zaostrzy\u0142 si\u0119 m.in. <a href=\"https:\/\/wiadomosci.onet.pl\/kraj\/jacek-sasin-skrytykowal-mateusza-morawieckiego-uszczypliwa-riposta\/hp1m096\" id=\"20bb355d-bc21-4a6d-8952-3e6233d3677a\" rel=\"nofollow noopener\" target=\"_blank\">po uszczypliwej wymianie zda\u0144 mi\u0119dzy Mateuszem Morawieckim a Jackiem Sasinem<\/a>.<\/p>\n<p class=\"ods-c-paragraph \">Sasin stwierdzi\u0142 w wywiadzie na antenie Radia Zet, \u017ce <a href=\"https:\/\/wiadomosci.onet.pl\/kraj\/czolowy-polityk-pis-uderza-w-mateusza-morawieckiego-to-jest-nierealne\/m47vq78\" id=\"cd014133-0cb5-4e7a-ac5d-6a2c006135cf\" rel=\"nofollow noopener\" target=\"_blank\">Morawiecki nie b\u0119dzie kandydatem PiS na premiera, bo reprezentuje bardziej centrowy nurt w partii<\/a>. \u2014 To nie jest to, czego oczekuj\u0105 wyborcy prawicy \u2014 podkre\u015bli\u0142.<\/p>\n<p class=\"ods-c-paragraph \">By\u0142y premier w rz\u0105dzie PiS zamie\u015bci\u0142 w odpowiedzi uszczypliwy wpis w mediach spo\u0142eczno\u015bciowych. &#8222;Czego oczekuj\u0105 wyborcy prawicy&#8221; \u2014 napisa\u0142 Mateusz Morawiecki, dodaj\u0105c emotikonk\u0119 mrugni\u0119cia i strza\u0142k\u0119 w d\u00f3\u0142. Pod tekstem znalaz\u0142o si\u0119 zdj\u0119cie Jacka Sasina.<\/p>\n","protected":false},"excerpt":{"rendered":"Mateusz Morawiecki w rozmowie z Danut\u0105 Holeck\u0105 przekonywa\u0142, \u017ce jedyn\u0105 osob\u0105, kt\u00f3rej na r\u0119k\u0119 jest wojna frakcji w&hellip;\n","protected":false},"author":2,"featured_media":143852,"comment_status":"","ping_status":"","sticky":false,"template":"","format":"standard","meta":{"footnotes":""},"categories":[12],"tags":[32,33,36,37,27,12974,49,34,35,3946,28,31,48,25,46,529,42,38,40,39,41,47,29,30,26],"class_list":{"0":"post-143851","1":"post","2":"type-post","3":"status-publish","4":"format-standard","5":"has-post-thumbnail","7":"category-polska","8":"tag-breaking-news","9":"tag-breakingnews","10":"tag-featured-news","11":"tag-featurednews","12":"tag-headlines","13":"tag-jacek_sasin","14":"tag-kraj","15":"tag-latest-news","16":"tag-latestnews","17":"tag-mateusz_morawiecki","18":"tag-naglowki","19":"tag-najwazniejsze-artykuly","20":"tag-nat_styl","21":"tag-news","22":"tag-omp","23":"tag-pis","24":"tag-pl","25":"tag-poland","26":"tag-polish","27":"tag-polska","28":"tag-polski","29":"tag-screening_general","30":"tag-top-stories","31":"tag-topstories","32":"tag-wiadomosci"},"share_on_mastodon":{"url":"https:\/\/pubeurope.com\/@pl\/115697508946048767","error":""},"_links":{"self":[{"href":"https:\/\/www.europesays.com\/pl\/wp-json\/wp\/v2\/posts\/143851","targetHints":{"allow":["GET"]}}],"collection":[{"href":"https:\/\/www.europesays.com\/pl\/wp-json\/wp\/v2\/posts"}],"about":[{"href":"https:\/\/www.europesays.com\/pl\/wp-json\/wp\/v2\/types\/post"}],"author":[{"embeddable":true,"href":"https:\/\/www.europesays.com\/pl\/wp-json\/wp\/v2\/users\/2"}],"replies":[{"embeddable":true,"href":"https:\/\/www.europesays.com\/pl\/wp-json\/wp\/v2\/comments?post=143851"}],"version-history":[{"count":0,"href":"https:\/\/www.europesays.com\/pl\/wp-json\/wp\/v2\/posts\/143851\/revisions"}],"wp:featuredmedia":[{"embeddable":true,"href":"https:\/\/www.europesays.com\/pl\/wp-json\/wp\/v2\/media\/143852"}],"wp:attachment":[{"href":"https:\/\/www.europesays.com\/pl\/wp-json\/wp\/v2\/media?parent=143851"}],"wp:term":[{"taxonomy":"category","embeddable":true,"href":"https:\/\/www.europesays.com\/pl\/wp-json\/wp\/v2\/categories?post=143851"},{"taxonomy":"post_tag","embeddable":true,"href":"https:\/\/www.europesays.com\/pl\/wp-json\/wp\/v2\/tags?post=143851"}],"curies":[{"name":"wp","href":"https:\/\/api.w.org\/{rel}","templated":true}]}}