{"id":143921,"date":"2025-12-10T22:42:22","date_gmt":"2025-12-10T22:42:22","guid":{"rendered":"https:\/\/www.europesays.com\/pl\/143921\/"},"modified":"2025-12-10T22:42:22","modified_gmt":"2025-12-10T22:42:22","slug":"przygotuj-dom-na-swieta-tylko-2-dni-promocji-na-male-agd","status":"publish","type":"post","link":"https:\/\/www.europesays.com\/pl\/143921\/","title":{"rendered":"Przygotuj dom na \u015bwi\u0119ta! Tylko 2 dni promocji na ma\u0142e AGD"},"content":{"rendered":"<p>Na pocz\u0105tek kawa <\/p>\n<p>Zanim zabierzemy si\u0119 za jakiekolwiek prace w\u00a0domu, kuchenne czy nie, \u015bwi\u0105teczne czy zwyk\u0142e, b\u0119dzie nam potrzebny zastrzyk energii. Taki kofeinowy. Wreszcie z\u00a0w\u0142asnego <a href=\"https:\/\/ad.doubleclick.net\/ddm\/trackclk\/N980473.110317WP.PL\/B34729901.435394576;dc_trk_aid=628509794;dc_trk_cid=246264253;dc_lat=;dc_rdid=;tag_for_child_directed_treatment=;tfua=;gdpr=${GDPR};gdpr_consent=${GDPR_CONSENT_755};ltd=;dc_tdv=1?https:\/\/www.mediaexpert.pl\/agd-male\/ekspresy-i-kawa\/ekspresy-cisnieniowe\" rel=\"noopener noreferrer nofollow\" target=\"_blank\">ekspre<\/a><a href=\"https:\/\/ad.doubleclick.net\/ddm\/trackclk\/N980473.110317WP.PL\/B34729901.435394576;dc_trk_aid=628509794;dc_trk_cid=246264253;dc_lat=;dc_rdid=;tag_for_child_directed_treatment=;tfua=;gdpr=${GDPR};gdpr_consent=${GDPR_CONSENT_755};ltd=;dc_tdv=1?https:\/\/www.mediaexpert.pl\/agd-male\/ekspresy-i-kawa\/ekspresy-cisnieniowe\" rel=\"noopener noreferrer nofollow\" target=\"_blank\">su<\/a>, bo \u015bwietny, srebrny <a href=\"https:\/\/ad.doubleclick.net\/ddm\/trackclk\/N980473.110317WP.PL\/B34729901.435394576;dc_trk_aid=628509794;dc_trk_cid=246264253;dc_lat=;dc_rdid=;tag_for_child_directed_treatment=;tfua=;gdpr=${GDPR};gdpr_consent=${GDPR_CONSENT_755};ltd=;dc_tdv=1?https:\/\/www.mediaexpert.pl\/agd-male\/ekspresy-i-kawa\/ekspresy-cisnieniowe\/ekspres-krups-ea877a-intuition-experience\" rel=\"noopener noreferrer nofollow\" target=\"_blank\">KRUPS Intuition Experience+<\/a> kosztuje teraz tylko 2995 z\u0142! Ta ekspresowa, ci\u015bnieniowa ekstraklasa potrafi przygotowa\u0107 a\u017c 21 r\u00f3\u017cnych napoj\u00f3w, w\u015br\u00f3d kt\u00f3rych kr\u00f3luj\u0105 oczywi\u015bcie r\u00f3\u017cnego rodzaju kawy mleczne. W\u00a0tym r\u00f3wnie\u017c te mro\u017cone, kt\u00f3re przydadz\u0105 si\u0119 w\u00a0przysz\u0142ym roku, w\u00a0wakacje. Osobny pojemnik na mleko \u0142atwo przechowywa\u0107 w\u00a0lod\u00f3wce i\u00a0my\u0107 w\u00a0zmywarce, a\u00a0w\u00a0komplecie dostajemy jeszcze w\u00a0prezencie por\u0119czny, urodziwy kubek termiczny. Najni\u017csza cena z\u00a0ostatnich 30 dni przed obni\u017ck\u0105 wynosi\u0142a 2999 z\u0142.<\/p>\n<p>     <img decoding=\"async\" src=\"https:\/\/www.europesays.com\/pl\/wp-content\/uploads\/2025\/12\/ODQyMTU4YCUwGztnek9tMHNDbz08FmNmJFt3dnpXYHdhSX0sZAJ3fH4fJDgwRio0PlcqJiBELjMhVz04elU_LX4PfHsxXTw0PRg0.jpeg\" width=\"3000\" height=\"1688\" loading=\"lazy\" class=\"wp-media-image\" alt=\" \" data-lightbox=\"true\"\/>   \u00a9 materia\u0142y partnera | Media Expert <\/p>\n<p>Oczywi\u015bcie nie wszyscy czerpi\u0105 swoj\u0105 energi\u0119 z\u00a0kawy. Bardzo wiele os\u00f3b woli zastrzyk p\u0142ynnego zdrowia pod postaci\u0105 koktajlu lub smoothie. Jedno i\u00a0drugie pomo\u017ce przyrz\u0105dzi\u0107 szybko, wygodnie i\u00a0bez chlapania <a href=\"https:\/\/ad.doubleclick.net\/ddm\/trackclk\/N980473.110317WP.PL\/B34729901.435394576;dc_trk_aid=628509794;dc_trk_cid=246264253;dc_lat=;dc_rdid=;tag_for_child_directed_treatment=;tfua=;gdpr=${GDPR};gdpr_consent=${GDPR_CONSENT_755};ltd=;dc_tdv=1?https:\/\/www.mediaexpert.pl\/agd-male\/do-kuchni\/blendery\" rel=\"noopener noreferrer nofollow\" target=\"_blank\">blend<\/a><a href=\"https:\/\/ad.doubleclick.net\/ddm\/trackclk\/N980473.110317WP.PL\/B34729901.435394576;dc_trk_aid=628509794;dc_trk_cid=246264253;dc_lat=;dc_rdid=;tag_for_child_directed_treatment=;tfua=;gdpr=${GDPR};gdpr_consent=${GDPR_CONSENT_755};ltd=;dc_tdv=1?https:\/\/www.mediaexpert.pl\/agd-male\/do-kuchni\/blendery\" rel=\"noopener noreferrer nofollow\" target=\"_blank\">er<\/a> <a href=\"https:\/\/ad.doubleclick.net\/ddm\/trackclk\/N980473.110317WP.PL\/B34729901.435394576;dc_trk_aid=628509794;dc_trk_cid=246264253;dc_lat=;dc_rdid=;tag_for_child_directed_treatment=;tfua=;gdpr=${GDPR};gdpr_consent=${GDPR_CONSENT_755};ltd=;dc_tdv=1?https:\/\/www.mediaexpert.pl\/agd-male\/do-kuchni\/blendery\/blender-bosch-msm6m831-1200w\" rel=\"noopener noreferrer nofollow\" target=\"_blank\">BOSCH ErgoMaster<\/a>. Prosty, funkcjonalny, z\u00a0mocnym silnikiem 1200 wat i\u00a0p\u0142ynn\u0105 regulacj\u0105 obrot\u00f3w, zrobi nam r\u00f3wnie\u017c pyszn\u0105 zup\u0119-krem bezpo\u015brednio w\u00a0garnku oraz rozdrobni, posieka i\u00a0ubije wszystko, co tylko b\u0119dzie wymaga\u0142o takiej obr\u00f3bki. Idealny kuchenny pomocnik, zw\u0142aszcza przed \u015bwi\u0119tami. I\u00a0to ju\u017c za 349 z\u0142otych dzi\u0119ki promocyjnej cenie! Najni\u017csza cena z\u00a0ostatnich 30 dni przed obni\u017ck\u0105 wynosi\u0142a 399,99 z\u0142.<\/p>\n<p> <img role=\"presentation\" class=\"absolute left-1\/2 top-1\/2 max-h-[80%] max-w-[100px] -translate-x-1\/2 -translate-y-1\/2\" src=\"https:\/\/v.wpimg.pl\/ZXJfd3AudTkrBBIAbg54LGhcRlAxHQUrPgJGH2MAeGJoSQ1eIBI_K2UHAEVuBTY5KQMMXC0RPyoVERQdMgM9ejc\" loading=\"lazy\" decoding=\"async\"\/> <\/p>\n<p>Roboty kuchenne <\/p>\n<p>Sprytny i\u00a0zwinny r\u0119czny blender mo\u017ce du\u017co, ale nie wszystko. Ubije \u015bmietan\u0119 na ciasto, ale samej masy ju\u017c nie wyrobi. Je\u015bli za\u015b zamierzamy w\u00a0te \u015bwi\u0119ta uraczy\u0107 rodzin\u0119 s\u0142odkimi wypiekami, to przyda nam si\u0119 taki <a href=\"https:\/\/ad.doubleclick.net\/ddm\/trackclk\/N980473.110317WP.PL\/B34729901.435394576;dc_trk_aid=628509794;dc_trk_cid=246264253;dc_lat=;dc_rdid=;tag_for_child_directed_treatment=;tfua=;gdpr=${GDPR};gdpr_consent=${GDPR_CONSENT_755};ltd=;dc_tdv=1?https:\/\/www.mediaexpert.pl\/agd-male\/do-kuchni\/roboty-kuchenne\" rel=\"noopener noreferrer nofollow\" target=\"_blank\">robot kuch<\/a><a href=\"https:\/\/ad.doubleclick.net\/ddm\/trackclk\/N980473.110317WP.PL\/B34729901.435394576;dc_trk_aid=628509794;dc_trk_cid=246264253;dc_lat=;dc_rdid=;tag_for_child_directed_treatment=;tfua=;gdpr=${GDPR};gdpr_consent=${GDPR_CONSENT_755};ltd=;dc_tdv=1?https:\/\/www.mediaexpert.pl\/agd-male\/do-kuchni\/roboty-kuchenne\" rel=\"noopener noreferrer nofollow\" target=\"_blank\">enny<\/a> jak <a href=\"https:\/\/ad.doubleclick.net\/ddm\/trackclk\/N980473.110317WP.PL\/B34729901.435394576;dc_trk_aid=628509794;dc_trk_cid=246264253;dc_lat=;dc_rdid=;tag_for_child_directed_treatment=;tfua=;gdpr=${GDPR};gdpr_consent=${GDPR_CONSENT_755};ltd=;dc_tdv=1?https:\/\/www.mediaexpert.pl\/agd-male\/do-kuchni\/roboty-kuchenne\/robot-planetarny-mpm-mrk-20-2-misy-2600w\" rel=\"noopener noreferrer nofollow\" target=\"_blank\">MPM MRK-20<\/a>. To urz\u0105dzenie ma tylko jeden cel w\u00a0swoim elektronicznym \u017cyciu \u2013\u00a0wymiesza\u0107, ubi\u0107 lub wyrobi\u0107 to, co umie\u015bcimy w\u00a0ka\u017cdej w\u00a0dw\u00f3ch siedmiolitrowych mis znajduj\u0105cych si\u0119 w\u00a0tym zestawie. Trzy rodzaje mieszade\u0142, sze\u015b\u0107 pr\u0119dko\u015bci i\u00a0funkcja pulsuj\u0105ca oraz ruch planetarny ramienia zapewniaj\u0105 idealn\u0105 obr\u00f3bk\u0119. I\u00a0to bez naszego najmniejszego udzia\u0142u. W\u0142a\u015bnie tego oczekujemy od robota kuchennego \u2013\u00a0i\u00a0w\u00a0tym przypadku dostajemy to ju\u017c za 449 z\u0142otych. Po co przep\u0142aca\u0107? Najni\u017csza cena z\u00a0ostatnich 30 dni przed obni\u017ck\u0105 wynosi\u0142a 488 z\u0142.<\/p>\n<p>     <img decoding=\"async\" src=\"https:\/\/www.europesays.com\/pl\/wp-content\/uploads\/2025\/12\/ODdjZWE2YCUFCCxkakltMEZQeD4sEGNmEUhgdWpRYHZUWmovdAF8cEsMMzsgQCo0C0Q9JTBCLjMURCo7alM_LUsca3ghWzw0CAsj.jpeg\" width=\"2000\" height=\"1334\" loading=\"lazy\" class=\"wp-media-image\" alt=\" \" data-lightbox=\"true\"\/>   \u00a9 materia\u0142y partnera | Media Expert <img role=\"presentation\" class=\"absolute left-1\/2 top-1\/2 max-h-[80%] max-w-[100px] -translate-x-1\/2 -translate-y-1\/2\" src=\"https:\/\/v.wpimg.pl\/ZXJfd3AudTkrBBIAbg54LGhcRlAxHQUrPgJGH2MAeGJoSQ1eIBI_K2UHAEVuBTY5KQMMXC0RPyoVERQdMgM9ejc\" loading=\"lazy\" decoding=\"async\"\/> <\/p>\n<p>Jeszcze mniej b\u0119d\u0105 nas kosztowa\u0107 inne s\u0142odkie wypieki, \u015bwi\u0105teczne i\u00a0ca\u0142oroczne. <a href=\"https:\/\/ad.doubleclick.net\/ddm\/trackclk\/N980473.110317WP.PL\/B34729901.435394576;dc_trk_aid=628509794;dc_trk_cid=246264253;dc_lat=;dc_rdid=;tag_for_child_directed_treatment=;tfua=;gdpr=${GDPR};gdpr_consent=${GDPR_CONSENT_755};ltd=;dc_tdv=1?https:\/\/www.mediaexpert.pl\/agd-male\/do-kuchni\/gofrownice\" rel=\"noopener noreferrer nofollow\" target=\"_blank\">Gofrownica<\/a> <a href=\"https:\/\/ad.doubleclick.net\/ddm\/trackclk\/N980473.110317WP.PL\/B34729901.435394576;dc_trk_aid=628509794;dc_trk_cid=246264253;dc_lat=;dc_rdid=;tag_for_child_directed_treatment=;tfua=;gdpr=${GDPR};gdpr_consent=${GDPR_CONSENT_755};ltd=;dc_tdv=1?https:\/\/www.mediaexpert.pl\/agd-male\/do-kuchni\/gofrownice\/gofrownica-gotze-jensen-gwm700x\" rel=\"noopener noreferrer nofollow\" target=\"_blank\">G\u00d6TZE &amp; JENSEN GWM700X<\/a> to prosta, klasyczna, niezawodna konstrukcja, kt\u00f3ra bez zb\u0119dnej filozofii i\u00a0szumu robi tylko jedno \u2013\u00a0kwadratowe gofry, po dwa na raz, zawsze idealnie wypieczone. Za 89,99 z\u0142otych w\u00a0promocji Media Expert. A\u00a0co nast\u0105pi potem, czy od razu konsumpcja, czy te\u017c najpierw aplikacja cukru, d\u017cemu, bitej \u015bmietany lub owoc\u00f3w, pozostaje ju\u017c mi\u0119dzy nami i\u00a0goframi. Najni\u017csza cena z\u00a0ostatnich 30 dni przed obni\u017ck\u0105 wynosi\u0142a 99,95 z\u0142.<\/p>\n<p>Te \u015bwi\u0119ta to r\u00f3wnie\u017c najwy\u017cszy czas, \u017ceby wzbogaci\u0107 swoj\u0105 kuchni\u0119 o\u00a0<a href=\"https:\/\/ad.doubleclick.net\/ddm\/trackclk\/N980473.110317WP.PL\/B34729901.435394576;dc_trk_aid=628509794;dc_trk_cid=246264253;dc_lat=;dc_rdid=;tag_for_child_directed_treatment=;tfua=;gdpr=${GDPR};gdpr_consent=${GDPR_CONSENT_755};ltd=;dc_tdv=1?https:\/\/www.mediaexpert.pl\/agd-male\/do-kuchni\/frytkownice-beztluszczowe\" rel=\"noopener noreferrer nofollow\" target=\"_blank\">bezt\u0142uszczow\u0105 frytkownic\u0119<\/a>. Wielu Polak\u00f3w ju\u017c ma airfryery, wi\u0119c i\u00a0my sobie sprawmy jeden. <a href=\"https:\/\/ad.doubleclick.net\/ddm\/trackclk\/N980473.110317WP.PL\/B34729901.435394576;dc_trk_aid=628509794;dc_trk_cid=246264253;dc_lat=;dc_rdid=;tag_for_child_directed_treatment=;tfua=;gdpr=${GDPR};gdpr_consent=${GDPR_CONSENT_755};ltd=;dc_tdv=1?https:\/\/www.mediaexpert.pl\/agd-male\/do-kuchni\/frytownice\/air-fryer-russell-hobbs-27680-56-dual-basket-9l\" rel=\"noopener noreferrer nofollow\" target=\"_blank\">RUSSELL HOBBS SatisFry DualBasket<\/a> w\u00a0promocji kosztuje tylko 399 z\u0142 i\u00a0jest to znakomita cena jak za model o\u00a0pojemno\u015bci 9\u00a0litr\u00f3w i\u00a0mocy 2800 wat \u2013\u00a0tak\u017ce dlatego, \u017ce to konstrukcja z\u00a0dwoma niezale\u017cnymi koszami, kt\u00f3re pozwalaj\u0105 przygotowywa\u0107 jednocze\u015bnie r\u00f3\u017cne posi\u0142ki w\u00a0taki sam szybki, zdrowy, bezt\u0142uszczowy spos\u00f3b. Je\u015bli jeszcze nie mamy w\u00a0posiadaniu wsp\u00f3\u0142czesnego nast\u0119pcy klasycznych piekarnik\u00f3w, to ten model, w\u00a0tej cenie, jest naprawd\u0119 godn\u0105 polecenia okazj\u0105. Najni\u017csza cena z\u00a0ostatnich 30 dni przed obni\u017ck\u0105 wynosi\u0142a 499 z\u0142.<\/p>\n<p> <img role=\"presentation\" class=\"absolute left-1\/2 top-1\/2 max-h-[80%] max-w-[100px] -translate-x-1\/2 -translate-y-1\/2\" src=\"https:\/\/v.wpimg.pl\/ZXJfd3AudTkrBBIAbg54LGhcRlAxHQUrPgJGH2MAeGJoSQ1eIBI_K2UHAEVuBTY5KQMMXC0RPyoVERQdMgM9ejc\" loading=\"lazy\" decoding=\"async\"\/> <\/p>\n<p>Wsparcie w\u00a0innych pomieszczeniach <\/p>\n<p>Sprz\u0119t AGD, cho\u0107 najcz\u0119\u015bciej wyst\u0119puj\u0105cy w\u00a0kuchni, mo\u017ce nam s\u0142u\u017cy\u0107 r\u00f3wnie\u017c w\u00a0innych pomieszczeniach. A\u00a0je\u015bli skusimy si\u0119 na robota sprz\u0105taj\u0105cego <a href=\"https:\/\/ad.doubleclick.net\/ddm\/trackclk\/N980473.110317WP.PL\/B34729901.435394576;dc_trk_aid=628509794;dc_trk_cid=246264253;dc_lat=;dc_rdid=;tag_for_child_directed_treatment=;tfua=;gdpr=${GDPR};gdpr_consent=${GDPR_CONSENT_755};ltd=;dc_tdv=1?https:\/\/www.mediaexpert.pl\/agd-male\/sprzatanie\/odkurzacze-automatyczne\/robot-sprzatajacy-roborock-q8-max-bialy-1\" rel=\"noopener noreferrer nofollow\" target=\"_blank\">ROBOROCK Q8 Max+<\/a> w\u00a0promocyjnej cenie 1299 z\u0142, to b\u0119dzie nam s\u0142u\u017cy\u0142 wyj\u0105tkowo wiernie. Tak\u017ce w\u00a0kuchni, bo r\u00f3wnie skrz\u0119tnie odkurza ceramiczne p\u0142ytki, jak i\u00a0panele, wyk\u0142adziny i\u00a0dywany. Sterowany zaawansowan\u0105 Sztuczn\u0105 Inteligencj\u0105, zajmie si\u0119 ca\u0142ym mieszkaniem lub pi\u0119trem wed\u0142ug wprowadzonego programu, wracaj\u0105c do swojej stacji dokowania na \u0142adowanie i\u00a0pozbycie si\u0119 nieczysto\u015bci dopiero, gdy sko\u0144czy lub po trzech godzinach, gdy zabraknie mu ju\u017c mocy w\u00a0akumulatorze. Jak wi\u0119kszo\u015b\u0107 wsp\u00f3\u0142czesnych inteligentnych <a href=\"https:\/\/ad.doubleclick.net\/ddm\/trackclk\/N980473.110317WP.PL\/B34729901.435394576;dc_trk_aid=628509794;dc_trk_cid=246264253;dc_lat=;dc_rdid=;tag_for_child_directed_treatment=;tfua=;gdpr=${GDPR};gdpr_consent=${GDPR_CONSENT_755};ltd=;dc_tdv=1?https:\/\/www.mediaexpert.pl\/agd-male\/sprzatanie\/odkurzacze-automatyczne\" rel=\"noopener noreferrer nofollow\" target=\"_blank\">robot\u00f3w sprz\u0105taj\u0105cych<\/a> wyposa\u017cony jest r\u00f3wnie\u017c w\u00a0ko\u0144c\u00f3wk\u0119 mopuj\u0105c\u0105 i\u00a0funkcj\u0119 mycia pod\u0142\u00f3g bezpo\u015brednio po odkurzaniu. Najni\u017csza cena z\u00a0ostatnich 30 dni przed obni\u017ck\u0105 wynosi\u0142a 1365 z\u0142.<\/p>\n<p>     <img decoding=\"async\" src=\"https:\/\/www.europesays.com\/pl\/wp-content\/uploads\/2025\/12\/ZDI5YzBmdSUoVy9JbRZ4MGsPexMrT3ZmPBdjWG0OdXV8BWkCelxjay9cNR8wCCorZ1IrDzIMLTRnRTVVIx0zaz8Edh4rHiooKEx2.jpeg\" width=\"1500\" height=\"819\" loading=\"lazy\" class=\"wp-media-image\" alt=\" \" data-lightbox=\"true\"\/>   \u00a9 materia\u0142y partnera | Media Expert <img role=\"presentation\" class=\"absolute left-1\/2 top-1\/2 max-h-[80%] max-w-[100px] -translate-x-1\/2 -translate-y-1\/2\" src=\"https:\/\/v.wpimg.pl\/ZXJfd3AudTkrBBIAbg54LGhcRlAxHQUrPgJGH2MAeGJoSQ1eIBI_K2UHAEVuBTY5KQMMXC0RPyoVERQdMgM9ejc\" loading=\"lazy\" decoding=\"async\"\/> <\/p>\n<p>Na zupe\u0142nie innej powierzchni, cho\u0107 r\u00f3wnie\u017c p\u0142askiej, pracowa\u0107 b\u0119dzie z\u00a0kolei \u017celazko <a href=\"https:\/\/ad.doubleclick.net\/ddm\/trackclk\/N980473.110317WP.PL\/B34729901.435394576;dc_trk_aid=628509794;dc_trk_cid=246264253;dc_lat=;dc_rdid=;tag_for_child_directed_treatment=;tfua=;gdpr=${GDPR};gdpr_consent=${GDPR_CONSENT_755};ltd=;dc_tdv=1?https:\/\/www.mediaexpert.pl\/agd-male\/prasowanie-i-pielegnacja-ubran\/zelazka\/zelazko-tefal-ultragliss-plus-fv6840\" rel=\"noopener noreferrer nofollow\" target=\"_blank\">TEFAL Ultragliss Plus<\/a>. T\u0119 nowoczesn\u0105, cho\u0107 klasyczn\u0105 konstrukcj\u0119 mo\u017cna teraz upolowa\u0107 ju\u017c za 249 z\u0142, z\u00a0rabatem a\u017c 80 z\u0142! Dzi\u0119ki stopie Durilium AirGlide idealnie \u015blizga si\u0119 po tkaninach, a\u00a0maksymalne uderzenie pary do 260 gram\u00f3w na minut\u0119 usunie nawet najbardziej odporne zagniecenia. I\u00a0to nie tylko w\u00a0poziomie, bo <a href=\"https:\/\/ad.doubleclick.net\/ddm\/trackclk\/N980473.110317WP.PL\/B34729901.435394576;dc_trk_aid=628509794;dc_trk_cid=246264253;dc_lat=;dc_rdid=;tag_for_child_directed_treatment=;tfua=;gdpr=${GDPR};gdpr_consent=${GDPR_CONSENT_755};ltd=;dc_tdv=1?https:\/\/www.mediaexpert.pl\/agd-male\/prasowanie-i-pielegnacja-ubran\/zelazka\" rel=\"noopener noreferrer nofollow\" target=\"_blank\">\u017celazko<\/a> przystosowane jest do pracy pionowej i\u00a0prasowania ubra\u0144 wisz\u0105cych! A\u00a0do tego wyposa\u017cone jest w\u00a0fantastyczn\u0105 funkcj\u0119 automatycznego wy\u0142\u0105czania si\u0119, kt\u00f3ra w\u00a0ko\u0144cu pozwoli przesta\u0107 si\u0119 martwi\u0107, czy nie zostawili\u015bmy w\u00a0domu w\u0142\u0105czonego sprz\u0119tu. Najni\u017csza cena z\u00a0ostatnich 30 dni przed obni\u017ck\u0105 wynosi\u0142\u0105 329,99 z\u0142.<\/p>\n<p>I na koniec, zostaj\u0105c jeszcze na chwil\u0119 przy zamianie wody w\u00a0par\u0119, warto zwr\u00f3ci\u0107 uwag\u0119 na kosztuj\u0105cy teraz tylko 899 z\u0142otych elegancki <a href=\"https:\/\/ad.doubleclick.net\/ddm\/trackclk\/N980473.110317WP.PL\/B34729901.435394576;dc_trk_aid=628509794;dc_trk_cid=246264253;dc_lat=;dc_rdid=;tag_for_child_directed_treatment=;tfua=;gdpr=${GDPR};gdpr_consent=${GDPR_CONSENT_755};ltd=;dc_tdv=1?https:\/\/www.mediaexpert.pl\/agd-male\/do-domu\/nawilzacze-powietrza\" rel=\"noopener noreferrer nofollow\" target=\"_blank\">nawil\u017cacz powietrza<\/a> <a href=\"https:\/\/ad.doubleclick.net\/ddm\/trackclk\/N980473.110317WP.PL\/B34729901.435394576;dc_trk_aid=628509794;dc_trk_cid=246264253;dc_lat=;dc_rdid=;tag_for_child_directed_treatment=;tfua=;gdpr=${GDPR};gdpr_consent=${GDPR_CONSENT_755};ltd=;dc_tdv=1?https:\/\/www.mediaexpert.pl\/agd-male\/do-domu\/nawilzacze-powietrza\/nawilzacz-stadler-form-oskar-big-bialy\" rel=\"noopener noreferrer nofollow\" target=\"_blank\">STADLER FORM Oskar Big<\/a>. Zimow\u0105 por\u0105 o\u00a0wiele trudniej utrzyma\u0107 odpowiedni poziom wilgotno\u015bci powietrza w\u00a0pomieszczeniach. A\u00a0przecie\u017c jest tak wa\u017cny, nie tylko dla dobrego samopoczucia czy spokojnego snu, ale te\u017c dla \u0142atwo\u015bci oddychania, zdrowej sk\u00f3ry czy mniejszego ryzyka infekcji. Ten konkretny model, dzia\u0142aj\u0105cy na zasadzie ewaporacyjnej, spokojnie poradzi sobie z\u00a0pomieszczeniami nawet do 100 metr\u00f3w kwadratowych i\u00a0nie tylko zadba o\u00a0ich odpowiednie nawil\u017cenie, ale higien\u0119 \u2013\u00a0posiada filtry antybakteryjne oraz kasetk\u0119 na kostk\u0119 Iconic Silver Cube, emituj\u0105c\u0105 zab\u00f3jcze dla drobnoustroj\u00f3w jony srebra. Najni\u017csza cena z\u00a0ostatnich 30 dni przed obni\u017ck\u0105 wynosi\u0142a 969 z\u0142.<\/p>\n<p> <img role=\"presentation\" class=\"absolute left-1\/2 top-1\/2 max-h-[80%] max-w-[100px] -translate-x-1\/2 -translate-y-1\/2\" src=\"https:\/\/v.wpimg.pl\/ZXJfd3AudTkrBBIAbg54LGhcRlAxHQUrPgJGH2MAeGJoSQ1eIBI_K2UHAEVuBTY5KQMMXC0RPyoVERQdMgM9ejc\" loading=\"lazy\" decoding=\"async\"\/> <\/p>\n<p>Nie przegap okazji i\u00a0sprawd\u017a, jakie jeszcze inne produkty mo\u017cesz kupi\u0107 jako prezent \u015bwi\u0105teczny podczas <a href=\"https:\/\/ad.doubleclick.net\/ddm\/trackclk\/N980473.110317WP.PL\/B34729901.435394576;dc_trk_aid=628509794;dc_trk_cid=246264253;dc_lat=;dc_rdid=;tag_for_child_directed_treatment=;tfua=;gdpr=${GDPR};gdpr_consent=${GDPR_CONSENT_755};ltd=;dc_tdv=1?https:\/\/www.mediaexpert.pl\/lp,media-expert-days\" rel=\"noopener noreferrer nofollow\" target=\"_blank\">Media Expert Days<\/a>!<\/p>\n","protected":false},"excerpt":{"rendered":"Na pocz\u0105tek kawa Zanim zabierzemy si\u0119 za jakiekolwiek prace w\u00a0domu, kuchenne czy nie, \u015bwi\u0105teczne czy zwyk\u0142e, b\u0119dzie nam&hellip;\n","protected":false},"author":2,"featured_media":143922,"comment_status":"","ping_status":"","sticky":false,"template":"","format":"standard","meta":{"footnotes":""},"categories":[20],"tags":[120,118,119,42,38,40,39,41,116,114,115,121,117],"class_list":{"0":"post-143921","1":"post","2":"type-post","3":"status-publish","4":"format-standard","5":"has-post-thumbnail","7":"category-nauka-i-technika","8":"tag-nauka","9":"tag-nauka-i-technika","10":"tag-naukatechnika","11":"tag-pl","12":"tag-poland","13":"tag-polish","14":"tag-polska","15":"tag-polski","16":"tag-science","17":"tag-science-and-technology","18":"tag-sciencetechnology","19":"tag-technika","20":"tag-technology"},"share_on_mastodon":{"url":"https:\/\/pubeurope.com\/@pl\/115697690210016342","error":""},"_links":{"self":[{"href":"https:\/\/www.europesays.com\/pl\/wp-json\/wp\/v2\/posts\/143921","targetHints":{"allow":["GET"]}}],"collection":[{"href":"https:\/\/www.europesays.com\/pl\/wp-json\/wp\/v2\/posts"}],"about":[{"href":"https:\/\/www.europesays.com\/pl\/wp-json\/wp\/v2\/types\/post"}],"author":[{"embeddable":true,"href":"https:\/\/www.europesays.com\/pl\/wp-json\/wp\/v2\/users\/2"}],"replies":[{"embeddable":true,"href":"https:\/\/www.europesays.com\/pl\/wp-json\/wp\/v2\/comments?post=143921"}],"version-history":[{"count":0,"href":"https:\/\/www.europesays.com\/pl\/wp-json\/wp\/v2\/posts\/143921\/revisions"}],"wp:featuredmedia":[{"embeddable":true,"href":"https:\/\/www.europesays.com\/pl\/wp-json\/wp\/v2\/media\/143922"}],"wp:attachment":[{"href":"https:\/\/www.europesays.com\/pl\/wp-json\/wp\/v2\/media?parent=143921"}],"wp:term":[{"taxonomy":"category","embeddable":true,"href":"https:\/\/www.europesays.com\/pl\/wp-json\/wp\/v2\/categories?post=143921"},{"taxonomy":"post_tag","embeddable":true,"href":"https:\/\/www.europesays.com\/pl\/wp-json\/wp\/v2\/tags?post=143921"}],"curies":[{"name":"wp","href":"https:\/\/api.w.org\/{rel}","templated":true}]}}